{"id":44719,"date":"2022-06-13T23:25:34","date_gmt":"2022-06-13T23:25:34","guid":{"rendered":"https:\/\/www.bitacoracdmx.com\/?p=44719"},"modified":"2022-06-13T23:25:34","modified_gmt":"2022-06-13T23:25:34","slug":"los-bukis-anuncian-promocion-especial-por-el-dia-del-padre","status":"publish","type":"post","link":"https:\/\/www.bitacoracdmx.com\/?p=44719","title":{"rendered":"LOS BUKIS anuncian promoci\u00f3n especial por el D\u00cdA DEL PADRE"},"content":{"rendered":"<p>[fusion_builder_container hundred_percent=&#8221;no&#8221; equal_height_columns=&#8221;no&#8221; menu_anchor=&#8221;&#8221; hide_on_mobile=&#8221;small-visibility,medium-visibility,large-visibility&#8221; class=&#8221;&#8221; id=&#8221;&#8221; background_color=&#8221;&#8221; background_image=&#8221;&#8221; background_position=&#8221;center center&#8221; background_repeat=&#8221;no-repeat&#8221; fade=&#8221;no&#8221; background_parallax=&#8221;none&#8221; parallax_speed=&#8221;0.3&#8243; video_mp4=&#8221;&#8221; video_webm=&#8221;&#8221; video_ogv=&#8221;&#8221; video_url=&#8221;&#8221; video_aspect_ratio=&#8221;16:9&#8243; video_loop=&#8221;yes&#8221; video_mute=&#8221;yes&#8221; overlay_color=&#8221;&#8221; video_preview_image=&#8221;&#8221; border_size=&#8221;&#8221; border_color=&#8221;&#8221; border_style=&#8221;solid&#8221; padding_top=&#8221;&#8221; padding_bottom=&#8221;&#8221; padding_left=&#8221;&#8221; padding_right=&#8221;&#8221;][fusion_builder_row][fusion_builder_column type=&#8221;1_1&#8243; layout=&#8221;1_1&#8243; background_position=&#8221;left top&#8221; background_color=&#8221;&#8221; border_size=&#8221;&#8221; border_color=&#8221;&#8221; border_style=&#8221;solid&#8221; border_position=&#8221;all&#8221; spacing=&#8221;yes&#8221; background_image=&#8221;&#8221; background_repeat=&#8221;no-repeat&#8221; padding_top=&#8221;&#8221; padding_right=&#8221;&#8221; padding_bottom=&#8221;&#8221; padding_left=&#8221;&#8221; margin_top=&#8221;0px&#8221; margin_bottom=&#8221;0px&#8221; class=&#8221;&#8221; id=&#8221;&#8221; animation_type=&#8221;&#8221; animation_speed=&#8221;0.3&#8243; animation_direction=&#8221;left&#8221; hide_on_mobile=&#8221;small-visibility,medium-visibility,large-visibility&#8221; center_content=&#8221;no&#8221; last=&#8221;no&#8221; min_height=&#8221;&#8221; hover_type=&#8221;none&#8221; link=&#8221;&#8221;][fusion_text]<\/p>\n<p>REDACCI\u00d3N<\/p>\n<p><i>*En Tijuana se presentar\u00e1n el S\u00e1bado 03 de Septiembre en el Estadio Caliente<\/i><\/p>\n<p><i>*En Monterrey se presentar\u00e1n el S\u00e1bado 10 de Septiembre en El Palacio Sult\u00e1n<\/i><\/p>\n<p><i>*En Guadalajara el concierto se llevar\u00e1 a cabo el Jueves 15 y Viernes 16 de Septiembre en el Estadio Jalisco en Guadalajara<\/i><\/p>\n<p><i>*Boletos a la venta en el Sistema\u00a0<a href=\"http:\/\/funticket.mx\/\" target=\"_blank\" rel=\"noopener noreferrer\" data-auth=\"NotApplicable\" data-linkindex=\"0\">funticket.mx<\/a><\/i><\/p>\n<p><i>*Promoci\u00f3n: por tiempo limitado y solo esta semana, en la compra de tres boletos, reciben un cuarto acceso gratis para regalar a pap\u00e1 el D\u00eda del Padre<\/i><\/p>\n<p>Destinado a ser la \u00fanica oportunidad para ver el hist\u00f3rico regreso de Los Bukis en M\u00e9xico, esta hist\u00f3rica agrupaci\u00f3n, quiz\u00e1 la m\u00e1s grande en la historia de este pa\u00eds, se encuentra lista para hacer vibrar al p\u00fablico mexicano con sus shows. De este modo, Los Bukis se presentan en primer lugar el S\u00e1bado 03 de Septiembre en el Estadio Caliente de Tijuana, para que el S\u00e1bado 10 de Septiembre llegue al Palacio Sult\u00e1n en Monterrey y finalmente el Jueves 15 y Viernes 16 de Septiembre arribe al Estadio Jalisco en una serie de presentaciones \u00fanicas y exclusivas pues NO HABR\u00c1 M\u00c1S FECHAS A\u00d1ADIDAS EN SU GIRA, tal como ha confirmado la promotora Musicvibe. Tras 26 a\u00f1os de separaci\u00f3n y luego de una brillante carrera que los coloc\u00f3 como el grupo m\u00e1s importante de la m\u00fasica popular en M\u00e9xico, Estados Unidos y algunos pa\u00edses en Am\u00e9rica Latina, Los Bukis han anunciado su regreso a M\u00e9xico para ofrecer una serie de conciertos largamente esperados por los fans mexicanos de esta agrupaci\u00f3n ic\u00f3nica y representativa de los a\u00f1os setentas, ochentas y noventas. Los boletos para esta nueva fecha estar\u00e1n disponibles con una promoci\u00f3n en la cual, si se compran 3 boletos el cuarto es gratis para darlo como regalo a los pap\u00e1s por tiempo limitado. Boletos as la venta en el Sistema Funticket en\u00a0<a href=\"http:\/\/funticket.mx\/\" target=\"_blank\" rel=\"noopener noreferrer\" data-auth=\"NotApplicable\" data-linkindex=\"1\">funticket.mx<\/a><\/p>\n<p><b>Los Bukis regresan a M\u00e9xico con la que promete ser la gira hist\u00f3rica del a\u00f1o.<\/b>\u00a0En la jerarqu\u00eda real del pop mexicano y la m\u00fasica regional, son los reyes indiscutibles de los grupos rom\u00e1nticos hispanos, cuyas baladas han acompa\u00f1ado generaciones de fiestas, enamorados, descorazonados, comidas, barbacoas y bodas. M\u00e1s de dos d\u00e9cadas despu\u00e9s, la banda promete agotar todas sus entradas y hacer un concierto \u00e9pico y m\u00e1gico en cada una de sus cinco presentaciones en territorio azteca.<\/p>\n<p>Su vuelta a los escenarios de nuestro pa\u00eds en el marco de su gira \u201cUna historia cantada\u201d se convierte en el anuncio m\u00e1s importante del mundo del entretenimiento de momento. El a\u00f1o pasado, en su inesperado reencuentro, Los Bukis lograron el triunfo obteniendo Sold Outs hist\u00f3ricos en las seis ciudades donde se presentaron: Los \u00c1ngeles, Chicago, Dallas, San Antonio, Houston y Oakland. Esta gira est\u00e1 considerada como la m\u00e1s exitosa y la m\u00e1s vendida solo por debajo de los Rolling Stones, acorde a datos de Pollstar, quienes tambi\u00e9n aseveran que la gira de Los Bukis ocupa el segundo lugar de la lista de conciertos m\u00e1s ambiciosos y de alta plusval\u00eda a nivel mundial.<\/p>\n<p>De este modo por fin Marco Antonio Sol\u00eds, Joel Sol\u00eds, Javier Sol\u00eds, Roberto Guadarrama, Eusebio \u201cEl Chivo\u201d Cortez, Pedro S\u00e1nchez y Pepe Guadarrama se embarcar\u00e1n en una gira por territorio mexicano, \u00a0y por el momento han anunciado presentaciones\u00a0<b>S\u00e1bado 03 de Septiembre<\/b>\u00a0en el Estadio Caliente de Tijuana; el\u00a0<b>S\u00e1bado 10 de Septiembre<\/b>\u00a0en el Palacio Sult\u00e1n en Monterrey y finalmente el\u00a0<b>Jueves 15 y Viernes 16 de Septiembre<\/b>\u00a0en el Estadio Jalisco con<b>\u00a0<\/b>una asombrosa producci\u00f3n que no dejar\u00e1 a nadie indiferente y seguramente con ganas de mucha m\u00e1s de la m\u00fasica m\u00e1s rom\u00e1ntica de los \u00faltimos tiempos.<\/p>\n<p>Sus temas m\u00e1s famosos como \u201cMi mayor necesidad\u201d, \u201cTu c\u00e1rcel\u201d, \u201cQui\u00e9reme\u201d, \u201cYo te necesito\u201d y \u201cC\u00f3mo fui a enamorarme de ti\u201d estar\u00e1n cautivando a cientos y miles en esta nueva gira que tiene la peculiaridad de ser\u00a0<b>\u00daNICAMENTE EN ESTADIOS<\/b>\u00a0en todas las ciudades donde se estar\u00e1 presentando y se estima que sean cientos de miles los que llenen su coraz\u00f3n con sus bellas melod\u00edas.<\/p>\n<p>Durante su trayectoria, Los Bukis han sido capaces de evolucionar su m\u00fasica y su concepto, incorporando nuevos ritmos y sonidos que van desde las baladas pop, rom\u00e1ntica, rancheras, cumbias y regional mexicano, lo que unido a su destacada calidad art\u00edstica y las hermosas composiciones de Marco Antonio Sol\u00eds, han hecho de \u00e9sta agrupaci\u00f3n musical una de las preferidas del p\u00fablico latino.<\/p>\n<p>Hoy el p\u00fablico vivir\u00e1 \u00e9sa \u201chistoria cantada\u201d con himnos que suenan en el soundtrack de la vida personal de millones de fans que han crecido y vivido de la mano de cl\u00e1sicos inmortales, que son parte de \u00e9sa historia que los Bukis vienen a recordar en M\u00e9xico, \u00e9sa misma que ser\u00e1 guardada por siempre y para siempre en el coraz\u00f3n de todos.<\/p>\n<p><b>\u00a0<\/b><b>Los Bukis regresan a M\u00e9xico y exhortan a su p\u00fablico para no perderse la oportunidad de verlos en vivo. Se presentan este\u00a0<\/b>S\u00e1bado 03 de Septiembre en el Estadio Caliente de Tijuana, luego el S\u00e1bado 10 de Septiembre llegar\u00e1n al Palacio Sult\u00e1n en Monterrey y finalmente el Jueves 15 y Viernes 16 de Septiembre estar\u00e1n present\u00e1ndose en el Estadio Jalisco. Boletos a la venta en el Sistema\u00a0<a href=\"http:\/\/funticket.mx\/\" target=\"_blank\" rel=\"noopener noreferrer\" data-auth=\"NotApplicable\" data-linkindex=\"2\">funticket.mx<\/a>\u00a0y por tiempo limitado y solo esta semana, en la compra de tres boletos, reciben un cuarto acceso gratis para regalar a pap\u00e1 el D\u00eda del Padre.<\/p>\n<p>[\/fusion_text][fusion_gallery layout=&#8221;&#8221; picture_size=&#8221;&#8221; columns=&#8221;&#8221; column_spacing=&#8221;10&#8243; gallery_masonry_grid_ratio=&#8221;&#8221; gallery_masonry_width_double=&#8221;&#8221; hover_type=&#8221;&#8221; lightbox=&#8221;yes&#8221; lightbox_content=&#8221;&#8221; bordersize=&#8221;&#8221; bordercolor=&#8221;&#8221; border_radius=&#8221;&#8221; hide_on_mobile=&#8221;small-visibility,medium-visibility,large-visibility&#8221; class=&#8221;&#8221; id=&#8221;&#8221;][fusion_gallery_image image=&#8221;https:\/\/www.bitacoracdmx.com\/wp-content\/uploads\/2022\/06\/BUKIS-DiadelPadre-TIJ05-169&#215;300.jpg&#8221; image_id=&#8221;44720|medium&#8221; link=&#8221;&#8221; linktarget=&#8221;_self&#8221; \/][fusion_gallery_image image=&#8221;https:\/\/www.bitacoracdmx.com\/wp-content\/uploads\/2022\/06\/BUKIS-DiadelPadre-MTY10-169&#215;300.jpg&#8221; image_id=&#8221;44721|medium&#8221; link=&#8221;&#8221; linktarget=&#8221;_self&#8221; \/][fusion_gallery_image image=&#8221;https:\/\/www.bitacoracdmx.com\/wp-content\/uploads\/2022\/06\/BUKIS-DiadelPadre-GDLDosFechas-169&#215;300.jpg&#8221; image_id=&#8221;44722|medium&#8221; link=&#8221;&#8221; linktarget=&#8221;_self&#8221; \/][\/fusion_gallery][\/fusion_builder_column][\/fusion_builder_row][\/fusion_builder_container]<\/p>\n","protected":false},"excerpt":{"rendered":"<p>[fusion_builder_container hundred_percent=&#8221;no&#8221; equal_height_columns=&#8221;no&#8221; menu_anchor=&#8221;&#8221; hide_on_mobile=&#8221;small-visibility,medium-visibility,large-visibility&#8221; class=&#8221;&#8221; id=&#8221;&#8221; background_color=&#8221;&#8221; background_image=&#8221;&#8221; background_position=&#8221;center center&#8221; background_repeat=&#8221;no-repeat&#8221; fade=&#8221;no&#8221; background_parallax=&#8221;none&#8221; parallax_speed=&#8221;0.3&#8243; video_mp4=&#8221;&#8221; video_webm=&#8221;&#8221; video_ogv=&#8221;&#8221; video_url=&#8221;&#8221; video_aspect_ratio=&#8221;16:9&#8243; video_loop=&#8221;yes&#8221; video_mute=&#8221;yes&#8221; overlay_color=&#8221;&#8221; video_preview_image=&#8221;&#8221; border_size=&#8221;&#8221; border_color=&#8221;&#8221; border_style=&#8221;solid&#8221; padding_top=&#8221;&#8221; padding_bottom=&#8221;&#8221; padding_left=&#8221;&#8221; padding_right=&#8221;&#8221;][fusion_builder_row][fusion_builder_column type=&#8221;1_1&#8243; layout=&#8221;1_1&#8243; background_position=&#8221;left top&#8221; background_color=&#8221;&#8221; border_size=&#8221;&#8221; border_color=&#8221;&#8221; border_style=&#8221;solid&#8221; border_position=&#8221;all&#8221; spacing=&#8221;yes&#8221; background_image=&#8221;&#8221; background_repeat=&#8221;no-repeat&#8221; padding_top=&#8221;&#8221; padding_right=&#8221;&#8221; padding_bottom=&#8221;&#8221; padding_left=&#8221;&#8221; margin_top=&#8221;0px&#8221; margin_bottom=&#8221;0px&#8221; class=&#8221;&#8221; id=&#8221;&#8221; animation_type=&#8221;&#8221; animation_speed=&#8221;0.3&#8243; animation_direction=&#8221;left&#8221; hide_on_mobile=&#8221;small-visibility,medium-visibility,large-visibility&#8221; center_content=&#8221;no&#8221; last=&#8221;no&#8221; min_height=&#8221;&#8221; hover_type=&#8221;none&#8221; link=&#8221;&#8221;][fusion_text] REDACCI\u00d3N *En Tijuana se presentar\u00e1n el S\u00e1bado 03 de Septiembre en el Estadio Caliente *En Monterrey se presentar\u00e1n el S\u00e1bado 10 de Septiembre en El Palacio Sult\u00e1n *En Guadalajara el concierto se llevar\u00e1 a cabo el Jueves 15 y Viernes [&hellip;]<\/p>\n","protected":false},"author":1,"featured_media":44722,"comment_status":"open","ping_status":"open","sticky":false,"template":"","format":"standard","meta":{"footnotes":""},"categories":[9,11],"tags":[],"_links":{"self":[{"href":"https:\/\/www.bitacoracdmx.com\/index.php?rest_route=\/wp\/v2\/posts\/44719"}],"collection":[{"href":"https:\/\/www.bitacoracdmx.com\/index.php?rest_route=\/wp\/v2\/posts"}],"about":[{"href":"https:\/\/www.bitacoracdmx.com\/index.php?rest_route=\/wp\/v2\/types\/post"}],"author":[{"embeddable":true,"href":"https:\/\/www.bitacoracdmx.com\/index.php?rest_route=\/wp\/v2\/users\/1"}],"replies":[{"embeddable":true,"href":"https:\/\/www.bitacoracdmx.com\/index.php?rest_route=%2Fwp%2Fv2%2Fcomments&post=44719"}],"version-history":[{"count":1,"href":"https:\/\/www.bitacoracdmx.com\/index.php?rest_route=\/wp\/v2\/posts\/44719\/revisions"}],"predecessor-version":[{"id":44723,"href":"https:\/\/www.bitacoracdmx.com\/index.php?rest_route=\/wp\/v2\/posts\/44719\/revisions\/44723"}],"wp:featuredmedia":[{"embeddable":true,"href":"https:\/\/www.bitacoracdmx.com\/index.php?rest_route=\/wp\/v2\/media\/44722"}],"wp:attachment":[{"href":"https:\/\/www.bitacoracdmx.com\/index.php?rest_route=%2Fwp%2Fv2%2Fmedia&parent=44719"}],"wp:term":[{"taxonomy":"category","embeddable":true,"href":"https:\/\/www.bitacoracdmx.com\/index.php?rest_route=%2Fwp%2Fv2%2Fcategories&post=44719"},{"taxonomy":"post_tag","embeddable":true,"href":"https:\/\/www.bitacoracdmx.com\/index.php?rest_route=%2Fwp%2Fv2%2Ftags&post=44719"}],"curies":[{"name":"wp","href":"https:\/\/api.w.org\/{rel}","templated":true}]}}