{"id":44762,"date":"2022-06-18T17:45:30","date_gmt":"2022-06-18T17:45:30","guid":{"rendered":"https:\/\/www.bitacoracdmx.com\/?p=44762"},"modified":"2022-06-18T17:45:30","modified_gmt":"2022-06-18T17:45:30","slug":"vita-brevis-la-palabra-como-un-mecanismo-para-la-libertad","status":"publish","type":"post","link":"https:\/\/www.bitacoracdmx.com\/?p=44762","title":{"rendered":"Vita Brevis, la palabra como un mecanismo para la libertad"},"content":{"rendered":"<p>[fusion_builder_container hundred_percent=&#8221;no&#8221; equal_height_columns=&#8221;no&#8221; menu_anchor=&#8221;&#8221; hide_on_mobile=&#8221;small-visibility,medium-visibility,large-visibility&#8221; class=&#8221;&#8221; id=&#8221;&#8221; background_color=&#8221;&#8221; background_image=&#8221;&#8221; background_position=&#8221;center center&#8221; background_repeat=&#8221;no-repeat&#8221; fade=&#8221;no&#8221; background_parallax=&#8221;none&#8221; parallax_speed=&#8221;0.3&#8243; video_mp4=&#8221;&#8221; video_webm=&#8221;&#8221; video_ogv=&#8221;&#8221; video_url=&#8221;&#8221; video_aspect_ratio=&#8221;16:9&#8243; video_loop=&#8221;yes&#8221; video_mute=&#8221;yes&#8221; overlay_color=&#8221;&#8221; video_preview_image=&#8221;&#8221; border_size=&#8221;&#8221; border_color=&#8221;&#8221; border_style=&#8221;solid&#8221; padding_top=&#8221;&#8221; padding_bottom=&#8221;&#8221; padding_left=&#8221;&#8221; padding_right=&#8221;&#8221;][fusion_builder_row][fusion_builder_column type=&#8221;1_1&#8243; layout=&#8221;1_1&#8243; background_position=&#8221;left top&#8221; background_color=&#8221;&#8221; border_size=&#8221;&#8221; border_color=&#8221;&#8221; border_style=&#8221;solid&#8221; border_position=&#8221;all&#8221; spacing=&#8221;yes&#8221; background_image=&#8221;&#8221; background_repeat=&#8221;no-repeat&#8221; padding_top=&#8221;&#8221; padding_right=&#8221;&#8221; padding_bottom=&#8221;&#8221; padding_left=&#8221;&#8221; margin_top=&#8221;0px&#8221; margin_bottom=&#8221;0px&#8221; class=&#8221;&#8221; id=&#8221;&#8221; animation_type=&#8221;&#8221; animation_speed=&#8221;0.3&#8243; animation_direction=&#8221;left&#8221; hide_on_mobile=&#8221;small-visibility,medium-visibility,large-visibility&#8221; center_content=&#8221;no&#8221; last=&#8221;no&#8221; min_height=&#8221;&#8221; hover_type=&#8221;none&#8221; link=&#8221;&#8221;][fusion_text]<\/p>\n<p>REDACCI\u00d3N<\/p>\n<div>\n<div>\u00a0Obra interpretada por \u00c1ngeles Cruz, la directora del ovacionado filme:\u00a0<em>Nudo mixteco<\/em><\/div>\n<div>\n<p><br aria-hidden=\"true\" \/>\u2022 Suceso esc\u00e9nico de Germ\u00e1n Castillo \u2014quien celebra cincuenta a\u00f1os de trayectoria\u2014, a partir de un texto hom\u00f3nimo del autor Jostein Gaarder<\/p>\n<div aria-hidden=\"true\"><\/div>\n<\/div>\n<\/div>\n<div><em>Me repudiabas porque me amabas demasiado<\/em><\/div>\n<div><\/div>\n<div>La Secretar\u00eda de Cultura, a trav\u00e9s del Centro Cultural Hel\u00e9nico, y Producciones Teatrales Mois\u00e9s Zukerman presentan el mon\u00f3logo\u00a0<em>Vita Brevis,\u00a0<\/em>un proyecto de Germ\u00e1n Castillo a partir de un texto hom\u00f3nimo del escritor noruego Jostein Gaarder. La puesta en escena se disfrutar\u00e1 del 24 de junio al 31 de julio \u2014los viernes a las 20:00 horas, as\u00ed como los s\u00e1bados y los domingos a las 18:00 horas\u2014 en el Foro La Gruta del Hel\u00e9nico.<br aria-hidden=\"true\" \/>\u00a0<br aria-hidden=\"true\" \/><em>\u00a0Vita Brevis<\/em>\u00a0es la carta que ofrece Jostein Gaarder con la interrogante de si es una copia ap\u00f3crifa bien documentada o una versi\u00f3n original evidentemente perdida en el tiempo. En palabras de German Castillo: \u201cEsta obra es un suceso esc\u00e9nico que apuesta fundamentalmente por la palabra escrita, que es la memoria m\u00e1s precisa de la especie, y la palabra enunciada que la trae al presente ef\u00edmero\u201d.<br aria-hidden=\"true\" \/>\u00a0<br aria-hidden=\"true\" \/>\u00a0La actriz \u00c1ngeles Cruz representa a Floria, la protagonista de la historia, quien despu\u00e9s de leer <em>Las confesiones<\/em>\u00a0de San Agust\u00edn realiza una misiva con los pasajes que considera agraviosos para su persona. As\u00ed es como\u00a0<em>Vita<\/em>\u00a0<em>Brevis<\/em>\u00a0le da voz a una mujer que pudo haber escrito esa carta en el siglo III d.C.; sin embargo, sus palabras son necesarias ahora. Su posicionamiento es trascendental porque se enfrenta a un poder religioso que, como todos los poderes, es represor y opresivo. En s\u00edntesis, este montaje es la lucha de las ideas judeocristianas contra la libertad de la naturaleza.\u00a0<br aria-hidden=\"true\" \/>\u00a0<br aria-hidden=\"true\" \/>\u00a0A la par de su labor como actriz en <em>Vita Brevis<\/em>, \u00c1ngeles Cruz recibi\u00f3 los elogios de la prensa por la pel\u00edcula\u00a0<em>Nudo mixteco<\/em>, una joya cinematogr\u00e1fica recibida con entusiasmo por la cr\u00edtica y acreedora a diversas nominaciones. Por otro lado, el maestro Castillo ha dirigido alrededor de cien obras, a lo largo de cincuenta a\u00f1os de trayectoria. \u00c9l comenz\u00f3 su carrera profesional como director de escena en 1970 con la\u00a0<em>Ant\u00edgona\u00a0<\/em>en la versi\u00f3n de Bertolt Brecht.<br aria-hidden=\"true\" \/>\u00a0<br aria-hidden=\"true\" \/>\u00a0El equipo creativo tambi\u00e9n est\u00e1 compuesto por Mois\u00e9s Zukerman y Germ\u00e1n Castillo en la producci\u00f3n general; Pilar Boliver en el vestuario; Rodrigo Castillo en la m\u00fasica original; Fabiola N\u00fa\u00f1ez en la producci\u00f3n ejecutiva; y Roberto Serrano en la asistencia de direcci\u00f3n.<br aria-hidden=\"true\" \/>\u00a0<br aria-hidden=\"true\" \/>\u00a0Se reitera que <em>Vita Brevis<\/em>\u00a0se presentar\u00e1 del 24 de junio al 31 de julio \u2014los viernes a las 20:00 horas, as\u00ed como los s\u00e1bados y los domingos a las 18:00 horas\u2014 en el Foro La Gruta del Centro Cultural Hel\u00e9nico.\u00a0<strong>El costo de los boletos es de $310. Actualmente hay una preventa del 30% de descuento, v\u00e1lida hasta el 23 de junio<\/strong>. Las localidades pueden adquirirse en las taquillas del Centro Cultural Hel\u00e9nico, ubicado en avenida Revoluci\u00f3n 1500, o en la p\u00e1gina: helenico.gob.mx.<br aria-hidden=\"true\" \/><br aria-hidden=\"true\" \/>\u00a0Se le recuerda al p\u00fablico que las funciones est\u00e1n supeditadas al sem\u00e1foro epidemiol\u00f3gico de la Ciudad de M\u00e9xico. Asimismo, se exhorta a las y los espectadores a acudir con responsabilidad y quedarse en casa si presentan alg\u00fan s\u00edntoma (dolor de cabeza, garganta o temperatura superior a 37.5 grados).<\/div>\n<p>[\/fusion_text][fusion_imageframe image_id=&#8221;44763|medium&#8221; max_width=&#8221;&#8221; style_type=&#8221;&#8221; blur=&#8221;&#8221; stylecolor=&#8221;&#8221; hover_type=&#8221;none&#8221; bordersize=&#8221;&#8221; bordercolor=&#8221;&#8221; borderradius=&#8221;&#8221; align=&#8221;none&#8221; lightbox=&#8221;no&#8221; gallery_id=&#8221;&#8221; lightbox_image=&#8221;&#8221; lightbox_image_id=&#8221;&#8221; alt=&#8221;&#8221; link=&#8221;&#8221; linktarget=&#8221;_self&#8221; hide_on_mobile=&#8221;small-visibility,medium-visibility,large-visibility&#8221; class=&#8221;&#8221; id=&#8221;&#8221; animation_type=&#8221;&#8221; animation_direction=&#8221;left&#8221; animation_speed=&#8221;0.3&#8243; animation_offset=&#8221;&#8221;]https:\/\/www.bitacoracdmx.com\/wp-content\/uploads\/2022\/06\/vita-brevis-300&#215;300.jpg[\/fusion_imageframe][\/fusion_builder_column][\/fusion_builder_row][\/fusion_builder_container]<\/p>\n","protected":false},"excerpt":{"rendered":"<p>[fusion_builder_container hundred_percent=&#8221;no&#8221; equal_height_columns=&#8221;no&#8221; menu_anchor=&#8221;&#8221; hide_on_mobile=&#8221;small-visibility,medium-visibility,large-visibility&#8221; class=&#8221;&#8221; id=&#8221;&#8221; background_color=&#8221;&#8221; background_image=&#8221;&#8221; background_position=&#8221;center center&#8221; background_repeat=&#8221;no-repeat&#8221; fade=&#8221;no&#8221; background_parallax=&#8221;none&#8221; parallax_speed=&#8221;0.3&#8243; video_mp4=&#8221;&#8221; video_webm=&#8221;&#8221; video_ogv=&#8221;&#8221; video_url=&#8221;&#8221; video_aspect_ratio=&#8221;16:9&#8243; video_loop=&#8221;yes&#8221; video_mute=&#8221;yes&#8221; overlay_color=&#8221;&#8221; video_preview_image=&#8221;&#8221; border_size=&#8221;&#8221; border_color=&#8221;&#8221; border_style=&#8221;solid&#8221; padding_top=&#8221;&#8221; padding_bottom=&#8221;&#8221; padding_left=&#8221;&#8221; padding_right=&#8221;&#8221;][fusion_builder_row][fusion_builder_column type=&#8221;1_1&#8243; layout=&#8221;1_1&#8243; background_position=&#8221;left top&#8221; background_color=&#8221;&#8221; border_size=&#8221;&#8221; border_color=&#8221;&#8221; border_style=&#8221;solid&#8221; border_position=&#8221;all&#8221; spacing=&#8221;yes&#8221; background_image=&#8221;&#8221; background_repeat=&#8221;no-repeat&#8221; padding_top=&#8221;&#8221; padding_right=&#8221;&#8221; padding_bottom=&#8221;&#8221; padding_left=&#8221;&#8221; margin_top=&#8221;0px&#8221; margin_bottom=&#8221;0px&#8221; class=&#8221;&#8221; id=&#8221;&#8221; animation_type=&#8221;&#8221; animation_speed=&#8221;0.3&#8243; animation_direction=&#8221;left&#8221; hide_on_mobile=&#8221;small-visibility,medium-visibility,large-visibility&#8221; center_content=&#8221;no&#8221; last=&#8221;no&#8221; min_height=&#8221;&#8221; hover_type=&#8221;none&#8221; link=&#8221;&#8221;][fusion_text] REDACCI\u00d3N \u00a0Obra interpretada por \u00c1ngeles Cruz, la directora del ovacionado filme:\u00a0Nudo mixteco \u2022 Suceso esc\u00e9nico de Germ\u00e1n Castillo \u2014quien celebra cincuenta a\u00f1os de trayectoria\u2014, a partir de un texto hom\u00f3nimo del autor Jostein Gaarder Me repudiabas porque me amabas demasiado [&hellip;]<\/p>\n","protected":false},"author":1,"featured_media":44763,"comment_status":"open","ping_status":"open","sticky":false,"template":"","format":"standard","meta":{"footnotes":""},"categories":[9,14],"tags":[],"_links":{"self":[{"href":"https:\/\/www.bitacoracdmx.com\/index.php?rest_route=\/wp\/v2\/posts\/44762"}],"collection":[{"href":"https:\/\/www.bitacoracdmx.com\/index.php?rest_route=\/wp\/v2\/posts"}],"about":[{"href":"https:\/\/www.bitacoracdmx.com\/index.php?rest_route=\/wp\/v2\/types\/post"}],"author":[{"embeddable":true,"href":"https:\/\/www.bitacoracdmx.com\/index.php?rest_route=\/wp\/v2\/users\/1"}],"replies":[{"embeddable":true,"href":"https:\/\/www.bitacoracdmx.com\/index.php?rest_route=%2Fwp%2Fv2%2Fcomments&post=44762"}],"version-history":[{"count":1,"href":"https:\/\/www.bitacoracdmx.com\/index.php?rest_route=\/wp\/v2\/posts\/44762\/revisions"}],"predecessor-version":[{"id":44764,"href":"https:\/\/www.bitacoracdmx.com\/index.php?rest_route=\/wp\/v2\/posts\/44762\/revisions\/44764"}],"wp:featuredmedia":[{"embeddable":true,"href":"https:\/\/www.bitacoracdmx.com\/index.php?rest_route=\/wp\/v2\/media\/44763"}],"wp:attachment":[{"href":"https:\/\/www.bitacoracdmx.com\/index.php?rest_route=%2Fwp%2Fv2%2Fmedia&parent=44762"}],"wp:term":[{"taxonomy":"category","embeddable":true,"href":"https:\/\/www.bitacoracdmx.com\/index.php?rest_route=%2Fwp%2Fv2%2Fcategories&post=44762"},{"taxonomy":"post_tag","embeddable":true,"href":"https:\/\/www.bitacoracdmx.com\/index.php?rest_route=%2Fwp%2Fv2%2Ftags&post=44762"}],"curies":[{"name":"wp","href":"https:\/\/api.w.org\/{rel}","templated":true}]}}