{"id":44784,"date":"2022-06-20T03:31:36","date_gmt":"2022-06-20T03:31:36","guid":{"rendered":"https:\/\/www.bitacoracdmx.com\/?p=44784"},"modified":"2022-06-20T03:31:36","modified_gmt":"2022-06-20T03:31:36","slug":"se-integra-la-fundacion-premio-cronica","status":"publish","type":"post","link":"https:\/\/www.bitacoracdmx.com\/?p=44784","title":{"rendered":"Se integra la fundaci\u00f3n \u201cPREMIO CR\u00d2NICA\u201d"},"content":{"rendered":"<p>[fusion_builder_container hundred_percent=&#8221;no&#8221; equal_height_columns=&#8221;no&#8221; menu_anchor=&#8221;&#8221; hide_on_mobile=&#8221;small-visibility,medium-visibility,large-visibility&#8221; class=&#8221;&#8221; id=&#8221;&#8221; background_color=&#8221;&#8221; background_image=&#8221;&#8221; background_position=&#8221;center center&#8221; background_repeat=&#8221;no-repeat&#8221; fade=&#8221;no&#8221; background_parallax=&#8221;none&#8221; parallax_speed=&#8221;0.3&#8243; video_mp4=&#8221;&#8221; video_webm=&#8221;&#8221; video_ogv=&#8221;&#8221; video_url=&#8221;&#8221; video_aspect_ratio=&#8221;16:9&#8243; video_loop=&#8221;yes&#8221; video_mute=&#8221;yes&#8221; overlay_color=&#8221;&#8221; video_preview_image=&#8221;&#8221; border_size=&#8221;&#8221; border_color=&#8221;&#8221; border_style=&#8221;solid&#8221; padding_top=&#8221;&#8221; padding_bottom=&#8221;&#8221; padding_left=&#8221;&#8221; padding_right=&#8221;&#8221;][fusion_builder_row][fusion_builder_column type=&#8221;1_1&#8243; layout=&#8221;1_1&#8243; background_position=&#8221;left top&#8221; background_color=&#8221;&#8221; border_size=&#8221;&#8221; border_color=&#8221;&#8221; border_style=&#8221;solid&#8221; border_position=&#8221;all&#8221; spacing=&#8221;yes&#8221; background_image=&#8221;&#8221; background_repeat=&#8221;no-repeat&#8221; padding_top=&#8221;&#8221; padding_right=&#8221;&#8221; padding_bottom=&#8221;&#8221; padding_left=&#8221;&#8221; margin_top=&#8221;0px&#8221; margin_bottom=&#8221;0px&#8221; class=&#8221;&#8221; id=&#8221;&#8221; animation_type=&#8221;&#8221; animation_speed=&#8221;0.3&#8243; animation_direction=&#8221;left&#8221; hide_on_mobile=&#8221;small-visibility,medium-visibility,large-visibility&#8221; center_content=&#8221;no&#8221; last=&#8221;no&#8221; min_height=&#8221;&#8221; hover_type=&#8221;none&#8221; link=&#8221;&#8221;][fusion_text]<\/p>\n<p>REDACCI\u00d3N<\/p>\n<p class=\"x_MsoNormal\">Grupo Editorial Cr\u00f3nica anuncia la creaci\u00f3n de la\u00a0<b><i>Fundaci\u00f3n Premio Cr\u00f3nica<\/i>,<\/b>\u00a0que estar\u00e1 integrada por los personajes e instituciones distinguidos con este premio desde el a\u00f1o 2010.<\/p>\n<p class=\"x_MsoNormal\">Su objetivo principal es reunir a hombres, mujeres e instituciones sobresalientes en la vida acad\u00e9mica, cultural y cient\u00edfica de M\u00e9xico para contribuir con la difusi\u00f3n del conocimiento y promoci\u00f3n de valores.<\/p>\n<p class=\"x_MsoNormal\">Su labor ser\u00e1 integrar un foro para la difusi\u00f3n de las ciencias y la cultura mediante una serie de conferencias, exposiciones, recitales y talleres; as\u00ed como promover acciones para apoyar j\u00f3venes en actividades de investigaci\u00f3n cient\u00edfica y desarrollo cultural, entre otras.<\/p>\n<p class=\"x_MsoNormal\">La Fundaci\u00f3n emerge del\u00a0<b><i>Premio Cr\u00f3nica<\/i><\/b>, instaurado en 2010 para reconocer a los cient\u00edficos, acad\u00e9micos y artistas por sus aportes en beneficio del pa\u00eds; a los empresarios por su labor y compromiso social y a las instituciones y personajes de la comunicaci\u00f3n por la difusi\u00f3n del conocimiento y las artes, donde sobresalen las universidades del pa\u00eds y su trabajo en favor de la sociedad.<\/p>\n<p class=\"x_MsoNormal\">Se trata de un paso m\u00e1s para completar el abanico de trabajo que tiene como punto de partida el peri\u00f3dico\u00a0<i>La Cr\u00f3nica de Hoy<\/i>, en su inter\u00e9s de contribuir a la promoci\u00f3n de los valores nacionales y la educaci\u00f3n.<\/p>\n<p class=\"x_MsoNormal\">La Fundaci\u00f3n, iniciativa de don Jorge Kahwagi Gastine, quien la presidir\u00e1, buscar\u00e1 tener un espacio que le permita acercar a los ciudadanos, de manera presencial o bien a trav\u00e9s de las redes sociales, a las manifestaciones culturales y los avances cient\u00edficos y al conocimiento.<\/p>\n<p class=\"x_MsoNormal\">Se desea que sea un espacio permanente de encuentro con el saber y la belleza de las artes, dando a conocer a las mujeres, hombres e instituciones cuyo trabajo se traduce en beneficios para los mexicanos.<\/p>\n<p class=\"x_MsoNormal\">Los galardonados con el Premio Cr\u00f3nica a lo largo de 11 a\u00f1os son:<\/p>\n<p class=\"x_MsoNormal\"><b>2010<\/b><\/p>\n<p class=\"x_MsoNormal\">Ciencia y Tecnolog\u00eda<br aria-hidden=\"true\" \/><b>Adolfo Mart\u00ednez Palomo<\/b><b><\/b><\/p>\n<p class=\"x_MsoNormal\">Academia y Cultura<br aria-hidden=\"true\" \/><b>Yolox\u00f3chitl Bustamante D\u00edez<\/b><\/p>\n<p class=\"x_MsoNormal\">Compromiso Social<b><br aria-hidden=\"true\" \/>Lorenzo Servitje Sendra+<\/b><\/p>\n<p class=\"x_MsoNormal\">Comunicaci\u00f3n P\u00fablica<br aria-hidden=\"true\" \/><b>Rogelio Azc\u00e1rraga Madero+<\/b><\/p>\n<p class=\"x_MsoNormal\"><b>2011<\/b><\/p>\n<p class=\"x_MsoNormal\">Ciencia y Tecnolog\u00eda<br aria-hidden=\"true\" \/><b>Jos\u00e9 Antonio Ruiz de la Herr\u00e1n<\/b><\/p>\n<p class=\"x_MsoNormal\">Academia y Cultura<b><br aria-hidden=\"true\" \/>Jos\u00e9 Narro Robles<\/b><\/p>\n<p class=\"x_MsoNormal\">Compromiso Social<br aria-hidden=\"true\" \/><b>Alfredo Harp Hel\u00fa<\/b><\/p>\n<p class=\"x_MsoNormal\">Comunicaci\u00f3n P\u00fablica<br aria-hidden=\"true\" \/><b>Francisco Ibarra L\u00f3pez<\/b><\/p>\n<p class=\"x_MsoNormal\"><b>2012<\/b><\/p>\n<p class=\"x_MsoNormal\">Ciencia y Tecnolog\u00eda<br aria-hidden=\"true\" \/><b>Rafael Navarro Gonz\u00e1lez+<\/b><\/p>\n<p class=\"x_MsoNormal\">Academia y Cultura<br aria-hidden=\"true\" \/><b>Enrique Fern\u00e1ndez Fassnacht<\/b><\/p>\n<p class=\"x_MsoNormal\">Compromiso Social<br aria-hidden=\"true\" \/><b>Roberto Gonz\u00e1lez Barrera+<\/b><\/p>\n<p class=\"x_MsoNormal\">Comunicaci\u00f3n P\u00fablica<br aria-hidden=\"true\" \/><b>Jacobo Zabludovsky Kraveski+<\/b><\/p>\n<p class=\"x_MsoNormal\"><b>2013<\/b><\/p>\n<p class=\"x_MsoNormal\">Ciencia y Tecnolog\u00eda<br aria-hidden=\"true\" \/><b>Luis Herrera Estrella<\/b><\/p>\n<p class=\"x_MsoNormal\">Academia y Cultura<br aria-hidden=\"true\" \/><b>Miguel Le\u00f3n-Portilla+<\/b><\/p>\n<p class=\"x_MsoNormal\">Compromiso Social<br aria-hidden=\"true\" \/><b>Miguel Alem\u00e1n Velasco<\/b><\/p>\n<p class=\"x_MsoNormal\">Comunicaci\u00f3n P\u00fablica<br aria-hidden=\"true\" \/><b>Francisco Gonz\u00e1lez S\u00e1nchez<\/b><\/p>\n<p class=\"x_MsoNormal\"><b>2014<\/b><\/p>\n<p class=\"x_MsoNormal\">Ciencia y Tecnolog\u00eda<br aria-hidden=\"true\" \/><b>Tessy Mar\u00eda L\u00f3pez Goerne<\/b><\/p>\n<p class=\"x_MsoNormal\">Academia y Cultura<br aria-hidden=\"true\" \/><b>Carlos Prieto Jacqu\u00e9<\/b><\/p>\n<p class=\"x_MsoNormal\">Compromiso Social<br aria-hidden=\"true\" \/><b>Jos\u00e9 Carral Escalante+<\/b><\/p>\n<p class=\"x_MsoNormal\">Comunicaci\u00f3n P\u00fablica<br aria-hidden=\"true\" \/><b>Francisco Aguirre G\u00f3mez<\/b><\/p>\n<p class=\"x_MsoNormal\"><b>2015<\/b><\/p>\n<p class=\"x_MsoNormal\">Ciencia y Tecnolog\u00eda<br aria-hidden=\"true\" \/><b>Octavio Obreg\u00f3n D\u00edaz<\/b><\/p>\n<p class=\"x_MsoNormal\">Academia<br aria-hidden=\"true\" \/><b>Ruy P\u00e9rez Tamayo+<\/b><b><\/b><\/p>\n<p class=\"x_MsoNormal\">Cultura<\/p>\n<p class=\"x_MsoNormal\"><b>Juan Villoro<\/b><\/p>\n<p class=\"x_MsoNormal\">Comunicaci\u00f3n P\u00fablica<br aria-hidden=\"true\" \/><b>Javier P\u00e9rez de Anda<\/b><b><\/b><\/p>\n<p class=\"x_MsoNormal\"><b>2016<\/b><\/p>\n<p class=\"x_MsoNormal\">Ciencia y Tecnolog\u00eda<br aria-hidden=\"true\" \/><b>Pablo Rudom\u00edn Zevnovaty<\/b><\/p>\n<p class=\"x_MsoNormal\">Academia<br aria-hidden=\"true\" \/><b>Linda Rosa Manzanilla Naim<\/b><\/p>\n<p class=\"x_MsoNormal\">Cultura<br aria-hidden=\"true\" \/><b>Horacio Franco<\/b><\/p>\n<p class=\"x_MsoNormal\">Comunicaci\u00f3n P\u00fablica<br aria-hidden=\"true\" \/><b>Universidad Nacional Aut\u00f3noma de M\u00e9xico<\/b><\/p>\n<p class=\"x_MsoNormal\"><b>2017<\/b><\/p>\n<p class=\"x_MsoNormal\">Ciencia y Tecnolog\u00eda<br aria-hidden=\"true\" \/><b>Antonio Lazcano Araujo<\/b><\/p>\n<p class=\"x_MsoNormal\">Academia<br aria-hidden=\"true\" \/><b>Gerardo Herrera Corral<\/b><\/p>\n<p class=\"x_MsoNormal\">Cultura<br aria-hidden=\"true\" \/><b>Eduardo Matos Moctezuma<\/b><\/p>\n<p class=\"x_MsoNormal\">Comunicaci\u00f3n P\u00fablica<br aria-hidden=\"true\" \/><b>Universidad de Guadalajara<\/b><\/p>\n<p class=\"x_MsoNormal\"><b>2018<\/b><\/p>\n<p class=\"x_MsoNormal\">Ciencia y Tecnolog\u00eda<br aria-hidden=\"true\" \/><b>Manuel Peimbert Sierra<\/b><\/p>\n<p class=\"x_MsoNormal\">Academia<br aria-hidden=\"true\" \/><b>Jos\u00e9 Sarukh\u00e1n Kermez<\/b><\/p>\n<p class=\"x_MsoNormal\">Cultura<br aria-hidden=\"true\" \/><b>Mar\u00eda Katzarava<\/b><\/p>\n<p class=\"x_MsoNormal\">Comunicaci\u00f3n P\u00fablica<br aria-hidden=\"true\" \/><b>Fondo de cultura Econ\u00f3mica<\/b><\/p>\n<p class=\"x_MsoNormal\"><b>2019<\/b><\/p>\n<p class=\"x_MsoNormal\">Ciencia y Tecnolog\u00eda<br aria-hidden=\"true\" \/><b>Ranulfo Romo<\/b><\/p>\n<p class=\"x_MsoNormal\">Academia<br aria-hidden=\"true\" \/><b>Alejandro Frank<\/b><\/p>\n<p class=\"x_MsoNormal\">Cultura<br aria-hidden=\"true\" \/><b>Leonardo L\u00f3pez Luj\u00e1n<\/b><\/p>\n<p class=\"x_MsoNormal\">Comunicaci\u00f3n P\u00fablica<br aria-hidden=\"true\" \/><b>Benem\u00e9rita Universidad Aut\u00f3noma de Puebla<\/b><\/p>\n<p class=\"x_MsoNormal\"><b>2020<\/b><\/p>\n<p class=\"x_MsoNormal\">Ciencia y Tecnolog\u00eda<\/p>\n<p class=\"x_MsoNormal\"><b>Susana Lizano Sober\u00f3n<\/b><\/p>\n<p class=\"x_MsoNormal\">Academia<\/p>\n<p class=\"x_MsoNormal\"><b>Javier Garciadiego Dant\u00e1n<\/b><\/p>\n<p class=\"x_MsoNormal\">Cultura<\/p>\n<p class=\"x_MsoNormal\"><b>Concepci\u00f3n Company Company<\/b><\/p>\n<p class=\"x_MsoNormal\">Comunicaci\u00f3n P\u00fablica<b><\/b><\/p>\n<p class=\"x_MsoNormal\"><b>Tecnol\u00f3gico de Monterrey.<\/b><b><\/b><\/p>\n<p>[\/fusion_text][fusion_imageframe image_id=&#8221;44785|medium&#8221; max_width=&#8221;&#8221; style_type=&#8221;&#8221; blur=&#8221;&#8221; stylecolor=&#8221;&#8221; hover_type=&#8221;none&#8221; bordersize=&#8221;&#8221; bordercolor=&#8221;&#8221; borderradius=&#8221;&#8221; align=&#8221;none&#8221; lightbox=&#8221;no&#8221; gallery_id=&#8221;&#8221; lightbox_image=&#8221;&#8221; lightbox_image_id=&#8221;&#8221; alt=&#8221;&#8221; link=&#8221;&#8221; linktarget=&#8221;_self&#8221; hide_on_mobile=&#8221;small-visibility,medium-visibility,large-visibility&#8221; class=&#8221;&#8221; id=&#8221;&#8221; animation_type=&#8221;&#8221; animation_direction=&#8221;left&#8221; animation_speed=&#8221;0.3&#8243; animation_offset=&#8221;&#8221;]https:\/\/www.bitacoracdmx.com\/wp-content\/uploads\/2022\/06\/prem1-273&#215;300.png[\/fusion_imageframe][\/fusion_builder_column][\/fusion_builder_row][\/fusion_builder_container]<\/p>\n","protected":false},"excerpt":{"rendered":"<p>[fusion_builder_container hundred_percent=&#8221;no&#8221; equal_height_columns=&#8221;no&#8221; menu_anchor=&#8221;&#8221; hide_on_mobile=&#8221;small-visibility,medium-visibility,large-visibility&#8221; class=&#8221;&#8221; id=&#8221;&#8221; background_color=&#8221;&#8221; background_image=&#8221;&#8221; background_position=&#8221;center center&#8221; background_repeat=&#8221;no-repeat&#8221; fade=&#8221;no&#8221; background_parallax=&#8221;none&#8221; parallax_speed=&#8221;0.3&#8243; video_mp4=&#8221;&#8221; video_webm=&#8221;&#8221; video_ogv=&#8221;&#8221; video_url=&#8221;&#8221; video_aspect_ratio=&#8221;16:9&#8243; video_loop=&#8221;yes&#8221; video_mute=&#8221;yes&#8221; overlay_color=&#8221;&#8221; video_preview_image=&#8221;&#8221; border_size=&#8221;&#8221; border_color=&#8221;&#8221; border_style=&#8221;solid&#8221; padding_top=&#8221;&#8221; padding_bottom=&#8221;&#8221; padding_left=&#8221;&#8221; padding_right=&#8221;&#8221;][fusion_builder_row][fusion_builder_column type=&#8221;1_1&#8243; layout=&#8221;1_1&#8243; background_position=&#8221;left top&#8221; background_color=&#8221;&#8221; border_size=&#8221;&#8221; border_color=&#8221;&#8221; border_style=&#8221;solid&#8221; border_position=&#8221;all&#8221; spacing=&#8221;yes&#8221; background_image=&#8221;&#8221; background_repeat=&#8221;no-repeat&#8221; padding_top=&#8221;&#8221; padding_right=&#8221;&#8221; padding_bottom=&#8221;&#8221; padding_left=&#8221;&#8221; margin_top=&#8221;0px&#8221; margin_bottom=&#8221;0px&#8221; class=&#8221;&#8221; id=&#8221;&#8221; animation_type=&#8221;&#8221; animation_speed=&#8221;0.3&#8243; animation_direction=&#8221;left&#8221; hide_on_mobile=&#8221;small-visibility,medium-visibility,large-visibility&#8221; center_content=&#8221;no&#8221; last=&#8221;no&#8221; min_height=&#8221;&#8221; hover_type=&#8221;none&#8221; link=&#8221;&#8221;][fusion_text] REDACCI\u00d3N Grupo Editorial Cr\u00f3nica anuncia la creaci\u00f3n de la\u00a0Fundaci\u00f3n Premio Cr\u00f3nica,\u00a0que estar\u00e1 integrada por los personajes e instituciones distinguidos con este premio desde el a\u00f1o 2010. Su objetivo principal es reunir a hombres, mujeres e instituciones sobresalientes en la vida [&hellip;]<\/p>\n","protected":false},"author":1,"featured_media":44785,"comment_status":"open","ping_status":"open","sticky":false,"template":"","format":"standard","meta":{"footnotes":""},"categories":[9],"tags":[],"_links":{"self":[{"href":"https:\/\/www.bitacoracdmx.com\/index.php?rest_route=\/wp\/v2\/posts\/44784"}],"collection":[{"href":"https:\/\/www.bitacoracdmx.com\/index.php?rest_route=\/wp\/v2\/posts"}],"about":[{"href":"https:\/\/www.bitacoracdmx.com\/index.php?rest_route=\/wp\/v2\/types\/post"}],"author":[{"embeddable":true,"href":"https:\/\/www.bitacoracdmx.com\/index.php?rest_route=\/wp\/v2\/users\/1"}],"replies":[{"embeddable":true,"href":"https:\/\/www.bitacoracdmx.com\/index.php?rest_route=%2Fwp%2Fv2%2Fcomments&post=44784"}],"version-history":[{"count":1,"href":"https:\/\/www.bitacoracdmx.com\/index.php?rest_route=\/wp\/v2\/posts\/44784\/revisions"}],"predecessor-version":[{"id":44786,"href":"https:\/\/www.bitacoracdmx.com\/index.php?rest_route=\/wp\/v2\/posts\/44784\/revisions\/44786"}],"wp:featuredmedia":[{"embeddable":true,"href":"https:\/\/www.bitacoracdmx.com\/index.php?rest_route=\/wp\/v2\/media\/44785"}],"wp:attachment":[{"href":"https:\/\/www.bitacoracdmx.com\/index.php?rest_route=%2Fwp%2Fv2%2Fmedia&parent=44784"}],"wp:term":[{"taxonomy":"category","embeddable":true,"href":"https:\/\/www.bitacoracdmx.com\/index.php?rest_route=%2Fwp%2Fv2%2Fcategories&post=44784"},{"taxonomy":"post_tag","embeddable":true,"href":"https:\/\/www.bitacoracdmx.com\/index.php?rest_route=%2Fwp%2Fv2%2Ftags&post=44784"}],"curies":[{"name":"wp","href":"https:\/\/api.w.org\/{rel}","templated":true}]}}