{"id":44790,"date":"2022-06-20T04:00:45","date_gmt":"2022-06-20T04:00:45","guid":{"rendered":"https:\/\/www.bitacoracdmx.com\/?p=44790"},"modified":"2022-06-20T04:00:45","modified_gmt":"2022-06-20T04:00:45","slug":"la-exhibicionista-concluye-fin-de-temporada-el-miercoles-23-de-junio-en-el-foro-shakespeare","status":"publish","type":"post","link":"https:\/\/www.bitacoracdmx.com\/?p=44790","title":{"rendered":"LA EXHIBICIONISTA, concluye fin de temporada el mi\u00e9rcoles 23 de junio en el Foro Shakespeare"},"content":{"rendered":"<p>[fusion_builder_container hundred_percent=&#8221;no&#8221; equal_height_columns=&#8221;no&#8221; menu_anchor=&#8221;&#8221; hide_on_mobile=&#8221;small-visibility,medium-visibility,large-visibility&#8221; class=&#8221;&#8221; id=&#8221;&#8221; background_color=&#8221;&#8221; background_image=&#8221;&#8221; background_position=&#8221;center center&#8221; background_repeat=&#8221;no-repeat&#8221; fade=&#8221;no&#8221; background_parallax=&#8221;none&#8221; parallax_speed=&#8221;0.3&#8243; video_mp4=&#8221;&#8221; video_webm=&#8221;&#8221; video_ogv=&#8221;&#8221; video_url=&#8221;&#8221; video_aspect_ratio=&#8221;16:9&#8243; video_loop=&#8221;yes&#8221; video_mute=&#8221;yes&#8221; overlay_color=&#8221;&#8221; video_preview_image=&#8221;&#8221; border_size=&#8221;&#8221; border_color=&#8221;&#8221; border_style=&#8221;solid&#8221; padding_top=&#8221;&#8221; padding_bottom=&#8221;&#8221; padding_left=&#8221;&#8221; padding_right=&#8221;&#8221;][fusion_builder_row][fusion_builder_column type=&#8221;1_1&#8243; layout=&#8221;1_1&#8243; background_position=&#8221;left top&#8221; background_color=&#8221;&#8221; border_size=&#8221;&#8221; border_color=&#8221;&#8221; border_style=&#8221;solid&#8221; border_position=&#8221;all&#8221; spacing=&#8221;yes&#8221; background_image=&#8221;&#8221; background_repeat=&#8221;no-repeat&#8221; padding_top=&#8221;&#8221; padding_right=&#8221;&#8221; padding_bottom=&#8221;&#8221; padding_left=&#8221;&#8221; margin_top=&#8221;0px&#8221; margin_bottom=&#8221;0px&#8221; class=&#8221;&#8221; id=&#8221;&#8221; animation_type=&#8221;&#8221; animation_speed=&#8221;0.3&#8243; animation_direction=&#8221;left&#8221; hide_on_mobile=&#8221;small-visibility,medium-visibility,large-visibility&#8221; center_content=&#8221;no&#8221; last=&#8221;no&#8221; min_height=&#8221;&#8221; hover_type=&#8221;none&#8221; link=&#8221;&#8221;][fusion_text]<\/p>\n<p>REDACCI\u00d3N<\/p>\n<p class=\"x_MsoNormal\"><b><span lang=\"es-419\">* P<\/span><\/b><span lang=\"es-419\">rofunda reflexi\u00f3n sobre la culpa, los miedos y el rencor<\/span><\/p>\n<p class=\"x_MsoNormal\"><span lang=\"es-419\">* Despu\u00e9s de dos meses de temporada llega a su fin<\/span><\/p>\n<p class=\"x_MsoNormal\"><b><span lang=\"es-419\">LA\u00a0EXHIBICIONISTA\u00a0<\/span><\/b><span lang=\"es-419\">de<b>\u00a0Salvador Garcini<\/b>\u00a0Ganador de los Premios TVyNovelas 2007, Es una puesta en escena atrevida y actual, que se osa tratar abiertamente temas que, para la sociedad suelen ser indigestos, a trav\u00e9s del encuentro forzoso de una actriz porno, llamada Mar\u00eda de Los \u00c1ngeles con ella misma.<\/span><\/p>\n<p class=\"x_MsoNormal\"><span lang=\"es-419\">Un accidente ser\u00e1 el detonador que pondr\u00e1 a Mar\u00eda entre cuatro paredes acompa\u00f1ada solamente de la soledad y decepci\u00f3n, esto la obligar\u00e1 a desnudarse frente al espejo y mirar a la persona que realmente es, sin m\u00e1scaras ni personajes.<\/span><\/p>\n<p class=\"x_MsoNormal\"><span lang=\"es-419\">En la obra se plantea que la culpa es autocensura, el rencor enferma y el miedo trastoca la confianza al punto de volverse err\u00e1tica. \u00bfEs nuestra identidad real o es una construcci\u00f3n de impulsos reprimidos por la educaci\u00f3n familiar y social que nos han dado? Es la pregunta que Mar\u00eda de Los \u00c1ngeles pone sobre la mesa al enfrentar la culpa por su trabajo, sus vicios y las traiciones que fueron cuestionando la fe en los principios religiosos estrictos con los que fue educada.<\/span><\/p>\n<p class=\"x_MsoNormal\"><span lang=\"es-419\">Gabriela Rosero, quien interpreta a Mar\u00eda de los \u00c1ngeles, propone de modo l\u00fadico y sensual, una profunda reflexi\u00f3n sobre la culpa, los miedos y el rencor que parecen dirigir sus decisiones invitando al espectador valiente a hacerse la misma pregunta. Mar\u00eda nos lleva a conocer los momentos m\u00e1s trascendentales de su vida que van desde la incomodidad hasta la comedia, pasando por adicciones, sue\u00f1os y desenga\u00f1os, logrando que los 90 minutos del mon\u00f3logo no tengan desperdicio.<\/span><\/p>\n<p class=\"x_MsoNormal\"><span lang=\"es-419\">Cuando Garcini escribi\u00f3 esta obra cruda, ir\u00f3nica y duramente honesta, se propuso exponer los prejuicios, hipocres\u00eda y algunos de los vicios humanos que se usan para evadir la realidad e imponer un supuesto deber ser.<\/span><\/p>\n<p class=\"x_MsoNormal\"><i><span lang=\"es-419\">La represi\u00f3n sexual es m\u00e1s da\u00f1ina que cualquier otro elemento que afecte nuestras emociones, una vez liberada la sexualidad, uno puede elegir el esp\u00edritu para vivir y lo m\u00e1s grande que podemos conquistar es la paz. No nos hemos liberado de la represi\u00f3n, al estar reprimidos y seguir creyendo en la culpa es necesario abrirle un espacio a la inocencia<\/span><\/i><\/p>\n<p class=\"x_MsoNormal\"><b><span lang=\"es-419\">Salvador Garcini<\/span><\/b><\/p>\n<p class=\"x_MsoNormal\"><span lang=\"es-419\">La\u00a0Exhibicionista\u00a0es una producci\u00f3n de la compa\u00f1\u00eda Teatro en el Aire que combina el cine y el teatro para crear una experiencia a\u00fan m\u00e1s inmersiva para el espectador.<\/span><\/p>\n<p class=\"x_MsoNormal\"><span lang=\"es-419\">Iluminaci\u00f3n y escenograf\u00eda: Erika G\u00f3mez, Vestuario: Vianey Mart\u00ednez, D.S. M\u00fasica original: Jorche Mart\u00ednez, Imagen cine: Alfredo Kassem, asistente creativo: Jos\u00e9 Tapia. Dise\u00f1o imagen y fotograf\u00eda de escena: H\u00e9ctor Ortega. Dise\u00f1o de movimiento: Gabriela Rosero. Producci\u00f3n Ejecutiva: Nareni Gamboa.<\/span><\/p>\n<p class=\"x_MsoNormal\"><b><span lang=\"es-419\">La\u00a0Exhibicionista<\/span><\/b><span lang=\"es-419\">\u00a0cierra su temporada el pr\u00f3ximo mi\u00e9rcoles 22 de junio a las 20 horas en el Foro Shakespeare<\/span><\/p>\n<div class=\"x_gmail_default\"><\/div>\n<p>[\/fusion_text][fusion_imageframe image_id=&#8221;44791|medium&#8221; max_width=&#8221;&#8221; style_type=&#8221;&#8221; blur=&#8221;&#8221; stylecolor=&#8221;&#8221; hover_type=&#8221;none&#8221; bordersize=&#8221;&#8221; bordercolor=&#8221;&#8221; borderradius=&#8221;&#8221; align=&#8221;none&#8221; lightbox=&#8221;no&#8221; gallery_id=&#8221;&#8221; lightbox_image=&#8221;&#8221; lightbox_image_id=&#8221;&#8221; alt=&#8221;&#8221; link=&#8221;&#8221; linktarget=&#8221;_self&#8221; hide_on_mobile=&#8221;small-visibility,medium-visibility,large-visibility&#8221; class=&#8221;&#8221; id=&#8221;&#8221; animation_type=&#8221;&#8221; animation_direction=&#8221;left&#8221; animation_speed=&#8221;0.3&#8243; animation_offset=&#8221;&#8221;]https:\/\/www.bitacoracdmx.com\/wp-content\/uploads\/2022\/06\/exhibicionista_twitter-1-300&#215;150.jpg[\/fusion_imageframe][\/fusion_builder_column][\/fusion_builder_row][\/fusion_builder_container]<\/p>\n","protected":false},"excerpt":{"rendered":"<p>[fusion_builder_container hundred_percent=&#8221;no&#8221; equal_height_columns=&#8221;no&#8221; menu_anchor=&#8221;&#8221; hide_on_mobile=&#8221;small-visibility,medium-visibility,large-visibility&#8221; class=&#8221;&#8221; id=&#8221;&#8221; background_color=&#8221;&#8221; background_image=&#8221;&#8221; background_position=&#8221;center center&#8221; background_repeat=&#8221;no-repeat&#8221; fade=&#8221;no&#8221; background_parallax=&#8221;none&#8221; parallax_speed=&#8221;0.3&#8243; video_mp4=&#8221;&#8221; video_webm=&#8221;&#8221; video_ogv=&#8221;&#8221; video_url=&#8221;&#8221; video_aspect_ratio=&#8221;16:9&#8243; video_loop=&#8221;yes&#8221; video_mute=&#8221;yes&#8221; overlay_color=&#8221;&#8221; video_preview_image=&#8221;&#8221; border_size=&#8221;&#8221; border_color=&#8221;&#8221; border_style=&#8221;solid&#8221; padding_top=&#8221;&#8221; padding_bottom=&#8221;&#8221; padding_left=&#8221;&#8221; padding_right=&#8221;&#8221;][fusion_builder_row][fusion_builder_column type=&#8221;1_1&#8243; layout=&#8221;1_1&#8243; background_position=&#8221;left top&#8221; background_color=&#8221;&#8221; border_size=&#8221;&#8221; border_color=&#8221;&#8221; border_style=&#8221;solid&#8221; border_position=&#8221;all&#8221; spacing=&#8221;yes&#8221; background_image=&#8221;&#8221; background_repeat=&#8221;no-repeat&#8221; padding_top=&#8221;&#8221; padding_right=&#8221;&#8221; padding_bottom=&#8221;&#8221; padding_left=&#8221;&#8221; margin_top=&#8221;0px&#8221; margin_bottom=&#8221;0px&#8221; class=&#8221;&#8221; id=&#8221;&#8221; animation_type=&#8221;&#8221; animation_speed=&#8221;0.3&#8243; animation_direction=&#8221;left&#8221; hide_on_mobile=&#8221;small-visibility,medium-visibility,large-visibility&#8221; center_content=&#8221;no&#8221; last=&#8221;no&#8221; min_height=&#8221;&#8221; hover_type=&#8221;none&#8221; link=&#8221;&#8221;][fusion_text] REDACCI\u00d3N * Profunda reflexi\u00f3n sobre la culpa, los miedos y el rencor * Despu\u00e9s de dos meses de temporada llega a su fin LA\u00a0EXHIBICIONISTA\u00a0de\u00a0Salvador Garcini\u00a0Ganador de los Premios TVyNovelas 2007, Es una puesta en escena atrevida y actual, que se [&hellip;]<\/p>\n","protected":false},"author":1,"featured_media":44791,"comment_status":"open","ping_status":"open","sticky":false,"template":"","format":"standard","meta":{"footnotes":""},"categories":[9,14],"tags":[],"_links":{"self":[{"href":"https:\/\/www.bitacoracdmx.com\/index.php?rest_route=\/wp\/v2\/posts\/44790"}],"collection":[{"href":"https:\/\/www.bitacoracdmx.com\/index.php?rest_route=\/wp\/v2\/posts"}],"about":[{"href":"https:\/\/www.bitacoracdmx.com\/index.php?rest_route=\/wp\/v2\/types\/post"}],"author":[{"embeddable":true,"href":"https:\/\/www.bitacoracdmx.com\/index.php?rest_route=\/wp\/v2\/users\/1"}],"replies":[{"embeddable":true,"href":"https:\/\/www.bitacoracdmx.com\/index.php?rest_route=%2Fwp%2Fv2%2Fcomments&post=44790"}],"version-history":[{"count":1,"href":"https:\/\/www.bitacoracdmx.com\/index.php?rest_route=\/wp\/v2\/posts\/44790\/revisions"}],"predecessor-version":[{"id":44792,"href":"https:\/\/www.bitacoracdmx.com\/index.php?rest_route=\/wp\/v2\/posts\/44790\/revisions\/44792"}],"wp:featuredmedia":[{"embeddable":true,"href":"https:\/\/www.bitacoracdmx.com\/index.php?rest_route=\/wp\/v2\/media\/44791"}],"wp:attachment":[{"href":"https:\/\/www.bitacoracdmx.com\/index.php?rest_route=%2Fwp%2Fv2%2Fmedia&parent=44790"}],"wp:term":[{"taxonomy":"category","embeddable":true,"href":"https:\/\/www.bitacoracdmx.com\/index.php?rest_route=%2Fwp%2Fv2%2Fcategories&post=44790"},{"taxonomy":"post_tag","embeddable":true,"href":"https:\/\/www.bitacoracdmx.com\/index.php?rest_route=%2Fwp%2Fv2%2Ftags&post=44790"}],"curies":[{"name":"wp","href":"https:\/\/api.w.org\/{rel}","templated":true}]}}