{"id":44803,"date":"2022-06-20T20:43:40","date_gmt":"2022-06-20T20:43:40","guid":{"rendered":"https:\/\/www.bitacoracdmx.com\/?p=44803"},"modified":"2022-06-20T20:43:40","modified_gmt":"2022-06-20T20:43:40","slug":"desde-espana-talento-pasion-arte-y-creatividad-seran-parte-de-viva-de-manuel-linan","status":"publish","type":"post","link":"https:\/\/www.bitacoracdmx.com\/?p=44803","title":{"rendered":"Desde Espa\u00f1a, Talento, Pasi\u00f3n, Arte y Creatividad ser\u00e1n parte de \u00a1VIVA! de MANUEL LI\u00d1\u00c1N"},"content":{"rendered":"<p>[fusion_builder_container hundred_percent=&#8221;no&#8221; equal_height_columns=&#8221;no&#8221; menu_anchor=&#8221;&#8221; hide_on_mobile=&#8221;small-visibility,medium-visibility,large-visibility&#8221; class=&#8221;&#8221; id=&#8221;&#8221; background_color=&#8221;&#8221; background_image=&#8221;&#8221; background_position=&#8221;center center&#8221; background_repeat=&#8221;no-repeat&#8221; fade=&#8221;no&#8221; background_parallax=&#8221;none&#8221; parallax_speed=&#8221;0.3&#8243; video_mp4=&#8221;&#8221; video_webm=&#8221;&#8221; video_ogv=&#8221;&#8221; video_url=&#8221;&#8221; video_aspect_ratio=&#8221;16:9&#8243; video_loop=&#8221;yes&#8221; video_mute=&#8221;yes&#8221; overlay_color=&#8221;&#8221; video_preview_image=&#8221;&#8221; border_size=&#8221;&#8221; border_color=&#8221;&#8221; border_style=&#8221;solid&#8221; padding_top=&#8221;&#8221; padding_bottom=&#8221;&#8221; padding_left=&#8221;&#8221; padding_right=&#8221;&#8221;][fusion_builder_row][fusion_builder_column type=&#8221;1_1&#8243; layout=&#8221;1_1&#8243; background_position=&#8221;left top&#8221; background_color=&#8221;&#8221; border_size=&#8221;&#8221; border_color=&#8221;&#8221; border_style=&#8221;solid&#8221; border_position=&#8221;all&#8221; spacing=&#8221;yes&#8221; background_image=&#8221;&#8221; background_repeat=&#8221;no-repeat&#8221; padding_top=&#8221;&#8221; padding_right=&#8221;&#8221; padding_bottom=&#8221;&#8221; padding_left=&#8221;&#8221; margin_top=&#8221;0px&#8221; margin_bottom=&#8221;0px&#8221; class=&#8221;&#8221; id=&#8221;&#8221; animation_type=&#8221;&#8221; animation_speed=&#8221;0.3&#8243; animation_direction=&#8221;left&#8221; hide_on_mobile=&#8221;small-visibility,medium-visibility,large-visibility&#8221; center_content=&#8221;no&#8221; last=&#8221;no&#8221; min_height=&#8221;&#8221; hover_type=&#8221;none&#8221; link=&#8221;&#8221;][fusion_text]<\/p>\n<p>REDACCI\u00d3N<\/p>\n<p><span lang=\"ES-TRAD\">\u00b7 <\/span><b><span lang=\"ES-TRAD\">Llega el\u00a0<\/span><\/b><b><span lang=\"ES-TRAD\">espect\u00e1culo que ser\u00e1 un vibrante<\/span><\/b><b><span lang=\"ES-TRAD\">\u00a0homenaje a la danza espa\u00f1ola y el ballet flamenco,\u00a0<\/span><\/b><b><span lang=\"ES-TRAD\">lleno de iron\u00eda, reivindicaci\u00f3n, drama, chispa y poder\u00edo<\/span><\/b><b><\/b><\/p>\n<p><span lang=\"ES-TRAD\">\u00b7 <\/span><b><span lang=\"ES-TRAD\">Una \u00fanica funci\u00f3n se presentar\u00e1 en el Teatro de la Ciudad Esperanza Iris<\/span><\/b><\/p>\n<p class=\"x_MsoNormal\"><span lang=\"ES-TRAD\">Desde Espa\u00f1a, un espect\u00e1culo \u00fanico e imperdible se presentar\u00e1 en la Ciudad de M\u00e9xico y existe una sola oportunidad para disfrutarlo:\u00a0<\/span><b><i><span lang=\"EN-US\">\u00a1<\/span><\/i><\/b><b><i>Viva!\u00a0<\/i><\/b>de Manuel Li\u00f1\u00e1n se escenificar\u00e1 una \u00fanica funci\u00f3n el domingo 26 de junio en el\u00a0<b>Teatro de la Ciudad Esperanza Iris<\/b>, recinto de la\u00a0<b>Direcci\u00f3n del Sistema de Teatros de la Secretar\u00eda de Cultura de la Ciudad de M\u00e9xico<\/b>.<\/p>\n<p class=\"x_MsoNormal\">Siete bailarines se suben al escenario y dan vida a bellas y potentes bailaoras que se mueven de forma libre y descarnada en el universo del arte con el objetivo de romper los roles para proponer la pluralidad del baile, sus distintas formas y la singularidad de cada una de ellas, despoj\u00e1ndose de las reglas sociales que imponen de alguna manera que el artista deba manifestarse seg\u00fan su g\u00e9nero.<\/p>\n<p class=\"x_MsoNormal\">Manuel Li\u00f1\u00e1n recuerda que \u201cde peque\u00f1o me encerraba en mi cuarto y me vest\u00eda con la falda verde de mi madre. Me adornaba el pelo con flores, me maquillaba, y bailaba a escondidas. Ese baile era impensable fuera de esas cuatro paredes, ahora queremos bailar\u2026&#8221;.<\/p>\n<p class=\"x_MsoNormal\">Es por ello que\u00a0<b><i>\u00a1Viva!<\/i>\u00a0<\/b>resulta una transformaci\u00f3n que construye un cuerpo que anhelamos, a trav\u00e9s de una caracterizaci\u00f3n inspirada en la mujer flamenca, para as\u00ed poder realzar la manera de expresarse. Una transformaci\u00f3n que no siempre implica una manera de enmascararse, sino m\u00e1s bien una completa desnudez.<\/p>\n<p class=\"x_MsoNormal\">Es un canto a la libertad del movimiento, en el que lo femenino es abrazado como propio, desde el cuerpo masculino, en el cual los patrones de g\u00e9nero, en un mundo codificado como el flamenco, se rompen desde la alegr\u00eda y el gozo para crear nuevos terrenos que, aunque inexplorados, no resultan lejanos.<\/p>\n<p class=\"x_MsoNormal\">Manuel Li\u00f1\u00e1n es un prol\u00edfico bailaor, core\u00f3grafo y director espa\u00f1ol. Es invitado en numerosas ocasiones para coreografiar espect\u00e1culos por compa\u00f1\u00edas como el Ballet Nacional de Espa\u00f1a, Rafaela Carrasco, Teresa Nieto y el Nuevo Ballet Espa\u00f1ol. Con sus espect\u00e1culos ha tenido la oportunidad de recorrer numerosos festivales de prestigio como el Festival de Jerez, que le vali\u00f3 el Premio Bailar\u00edn Revelaci\u00f3n 2012. Un a\u00f1o m\u00e1s tarde le es concedido el Premio Max de las Artes Esc\u00e9nicas como Mejor Int\u00e9rprete de Danza Masculino y el Premio de la Cr\u00edtica Flamenco Hoy como Mejor Bailaor.<\/p>\n<p class=\"x_MsoNormal\">La propuesta ib\u00e9rica forma parte de la sexta edici\u00f3n del ciclo\u00a0<b><i>Entre lenchas, vestidas y musculocas<\/i><\/b>, que organiza\u00a0<b>Teatros Ciudad de M\u00e9xico<\/b>.<\/p>\n<p class=\"x_MsoNormal\"><b><i>\u00a1Viva! de Manuel Li\u00f1\u00e1n<\/i><\/b>\u00a0se presentar\u00e1 en el\u00a0<b>Teatro de la Ciudad Esperanza Iris<\/b>\u00a0(Donceles 36, Centro Hist\u00f3rico, Metro Allende) el\u00a0<b>domingo 26 de junio a las 18:00 horas<\/b><b>,<\/b>\u00a0con los cuidados necesarios: uso de cubre-bocas y de gel anti-bacterial.<\/p>\n<p class=\"x_MsoNormal\"><b>Localidades:\u00a0<\/b>Luneta y Primer Piso Central, $800; Primer Piso Lateral, $650; Anfiteatro, $450, y Galer\u00eda, $350. Los boletos se pueden adquirir en la taquilla del teatro y en las plataformas digitales de\u00a0<b>Ticketmaster.<\/b><\/p>\n<p class=\"x_MsoNormal\">Para conocer la programaci\u00f3n de la Direcci\u00f3n del Sistema de Teatros de la Ciudad de M\u00e9xico visite las redes sociales:\u00a0<b>Facebook<\/b>\u00a0@TeatrosCdMexico,\u00a0<b>Twitter<\/b>\u00a0@TeatrosCdMexico e\u00a0<b><u>Instagram<\/u><\/b>\u00a0@teatroscdmexico.<\/p>\n<p class=\"x_MsoNormal\">Siga a la Secretar\u00eda de Cultura de la Ciudad de M\u00e9xico a trav\u00e9s de su p\u00e1gina oficial (<a href=\"https:\/\/cultura.cdmx.gob.mx\/\" target=\"_blank\" rel=\"noopener noreferrer\" data-auth=\"NotApplicable\" data-linkindex=\"1\">https:\/\/cultura.cdmx.gob.mx\/<\/a>), sus redes sociales (Facebook, Twitter, Instagram y YouTube) y en la plataforma digital Capital Cultural en Nuestra Casa.<\/p>\n<p>[\/fusion_text][fusion_imageframe image_id=&#8221;44804|medium&#8221; max_width=&#8221;&#8221; style_type=&#8221;&#8221; blur=&#8221;&#8221; stylecolor=&#8221;&#8221; hover_type=&#8221;none&#8221; bordersize=&#8221;&#8221; bordercolor=&#8221;&#8221; borderradius=&#8221;&#8221; align=&#8221;none&#8221; lightbox=&#8221;no&#8221; gallery_id=&#8221;&#8221; lightbox_image=&#8221;&#8221; lightbox_image_id=&#8221;&#8221; alt=&#8221;&#8221; link=&#8221;&#8221; linktarget=&#8221;_self&#8221; hide_on_mobile=&#8221;small-visibility,medium-visibility,large-visibility&#8221; class=&#8221;&#8221; id=&#8221;&#8221; animation_type=&#8221;&#8221; animation_direction=&#8221;left&#8221; animation_speed=&#8221;0.3&#8243; animation_offset=&#8221;&#8221;]https:\/\/www.bitacoracdmx.com\/wp-content\/uploads\/2022\/06\/descargar-2022-06-20T153848.517-207&#215;300.png[\/fusion_imageframe][\/fusion_builder_column][\/fusion_builder_row][\/fusion_builder_container]<\/p>\n","protected":false},"excerpt":{"rendered":"<p>[fusion_builder_container hundred_percent=&#8221;no&#8221; equal_height_columns=&#8221;no&#8221; menu_anchor=&#8221;&#8221; hide_on_mobile=&#8221;small-visibility,medium-visibility,large-visibility&#8221; class=&#8221;&#8221; id=&#8221;&#8221; background_color=&#8221;&#8221; background_image=&#8221;&#8221; background_position=&#8221;center center&#8221; background_repeat=&#8221;no-repeat&#8221; fade=&#8221;no&#8221; background_parallax=&#8221;none&#8221; parallax_speed=&#8221;0.3&#8243; video_mp4=&#8221;&#8221; video_webm=&#8221;&#8221; video_ogv=&#8221;&#8221; video_url=&#8221;&#8221; video_aspect_ratio=&#8221;16:9&#8243; video_loop=&#8221;yes&#8221; video_mute=&#8221;yes&#8221; overlay_color=&#8221;&#8221; video_preview_image=&#8221;&#8221; border_size=&#8221;&#8221; border_color=&#8221;&#8221; border_style=&#8221;solid&#8221; padding_top=&#8221;&#8221; padding_bottom=&#8221;&#8221; padding_left=&#8221;&#8221; padding_right=&#8221;&#8221;][fusion_builder_row][fusion_builder_column type=&#8221;1_1&#8243; layout=&#8221;1_1&#8243; background_position=&#8221;left top&#8221; background_color=&#8221;&#8221; border_size=&#8221;&#8221; border_color=&#8221;&#8221; border_style=&#8221;solid&#8221; border_position=&#8221;all&#8221; spacing=&#8221;yes&#8221; background_image=&#8221;&#8221; background_repeat=&#8221;no-repeat&#8221; padding_top=&#8221;&#8221; padding_right=&#8221;&#8221; padding_bottom=&#8221;&#8221; padding_left=&#8221;&#8221; margin_top=&#8221;0px&#8221; margin_bottom=&#8221;0px&#8221; class=&#8221;&#8221; id=&#8221;&#8221; animation_type=&#8221;&#8221; animation_speed=&#8221;0.3&#8243; animation_direction=&#8221;left&#8221; hide_on_mobile=&#8221;small-visibility,medium-visibility,large-visibility&#8221; center_content=&#8221;no&#8221; last=&#8221;no&#8221; min_height=&#8221;&#8221; hover_type=&#8221;none&#8221; link=&#8221;&#8221;][fusion_text] REDACCI\u00d3N \u00b7 Llega el\u00a0espect\u00e1culo que ser\u00e1 un vibrante\u00a0homenaje a la danza espa\u00f1ola y el ballet flamenco,\u00a0lleno de iron\u00eda, reivindicaci\u00f3n, drama, chispa y poder\u00edo \u00b7 Una \u00fanica funci\u00f3n se presentar\u00e1 en el Teatro de la Ciudad Esperanza Iris Desde Espa\u00f1a, un [&hellip;]<\/p>\n","protected":false},"author":1,"featured_media":44804,"comment_status":"open","ping_status":"open","sticky":false,"template":"","format":"standard","meta":{"footnotes":""},"categories":[9,14],"tags":[],"_links":{"self":[{"href":"https:\/\/www.bitacoracdmx.com\/index.php?rest_route=\/wp\/v2\/posts\/44803"}],"collection":[{"href":"https:\/\/www.bitacoracdmx.com\/index.php?rest_route=\/wp\/v2\/posts"}],"about":[{"href":"https:\/\/www.bitacoracdmx.com\/index.php?rest_route=\/wp\/v2\/types\/post"}],"author":[{"embeddable":true,"href":"https:\/\/www.bitacoracdmx.com\/index.php?rest_route=\/wp\/v2\/users\/1"}],"replies":[{"embeddable":true,"href":"https:\/\/www.bitacoracdmx.com\/index.php?rest_route=%2Fwp%2Fv2%2Fcomments&post=44803"}],"version-history":[{"count":1,"href":"https:\/\/www.bitacoracdmx.com\/index.php?rest_route=\/wp\/v2\/posts\/44803\/revisions"}],"predecessor-version":[{"id":44805,"href":"https:\/\/www.bitacoracdmx.com\/index.php?rest_route=\/wp\/v2\/posts\/44803\/revisions\/44805"}],"wp:featuredmedia":[{"embeddable":true,"href":"https:\/\/www.bitacoracdmx.com\/index.php?rest_route=\/wp\/v2\/media\/44804"}],"wp:attachment":[{"href":"https:\/\/www.bitacoracdmx.com\/index.php?rest_route=%2Fwp%2Fv2%2Fmedia&parent=44803"}],"wp:term":[{"taxonomy":"category","embeddable":true,"href":"https:\/\/www.bitacoracdmx.com\/index.php?rest_route=%2Fwp%2Fv2%2Fcategories&post=44803"},{"taxonomy":"post_tag","embeddable":true,"href":"https:\/\/www.bitacoracdmx.com\/index.php?rest_route=%2Fwp%2Fv2%2Ftags&post=44803"}],"curies":[{"name":"wp","href":"https:\/\/api.w.org\/{rel}","templated":true}]}}