{"id":44968,"date":"2022-06-29T01:40:59","date_gmt":"2022-06-29T01:40:59","guid":{"rendered":"https:\/\/www.bitacoracdmx.com\/?p=44968"},"modified":"2022-06-29T01:40:59","modified_gmt":"2022-06-29T01:40:59","slug":"inicia-el-programa-de-fomento-a-las-artes-escenicas-en-chiapas-un-plan-academico-para-garantizar-los-derechos-culturales-en-el-estado","status":"publish","type":"post","link":"https:\/\/www.bitacoracdmx.com\/?p=44968","title":{"rendered":"Inicia el Programa de Fomento a las Artes Esc\u00e9nicas en Chiapas, un plan acad\u00e9mico para garantizar los derechos culturales en el estado"},"content":{"rendered":"<p>[fusion_builder_container hundred_percent=&#8221;no&#8221; equal_height_columns=&#8221;no&#8221; menu_anchor=&#8221;&#8221; hide_on_mobile=&#8221;small-visibility,medium-visibility,large-visibility&#8221; class=&#8221;&#8221; id=&#8221;&#8221; background_color=&#8221;&#8221; background_image=&#8221;&#8221; background_position=&#8221;center center&#8221; background_repeat=&#8221;no-repeat&#8221; fade=&#8221;no&#8221; background_parallax=&#8221;none&#8221; parallax_speed=&#8221;0.3&#8243; video_mp4=&#8221;&#8221; video_webm=&#8221;&#8221; video_ogv=&#8221;&#8221; video_url=&#8221;&#8221; video_aspect_ratio=&#8221;16:9&#8243; video_loop=&#8221;yes&#8221; video_mute=&#8221;yes&#8221; overlay_color=&#8221;&#8221; video_preview_image=&#8221;&#8221; border_size=&#8221;&#8221; border_color=&#8221;&#8221; border_style=&#8221;solid&#8221; padding_top=&#8221;&#8221; padding_bottom=&#8221;&#8221; padding_left=&#8221;&#8221; padding_right=&#8221;&#8221;][fusion_builder_row][fusion_builder_column type=&#8221;1_1&#8243; layout=&#8221;1_1&#8243; background_position=&#8221;left top&#8221; background_color=&#8221;&#8221; border_size=&#8221;&#8221; border_color=&#8221;&#8221; border_style=&#8221;solid&#8221; border_position=&#8221;all&#8221; spacing=&#8221;yes&#8221; background_image=&#8221;&#8221; background_repeat=&#8221;no-repeat&#8221; padding_top=&#8221;&#8221; padding_right=&#8221;&#8221; padding_bottom=&#8221;&#8221; padding_left=&#8221;&#8221; margin_top=&#8221;0px&#8221; margin_bottom=&#8221;0px&#8221; class=&#8221;&#8221; id=&#8221;&#8221; animation_type=&#8221;&#8221; animation_speed=&#8221;0.3&#8243; animation_direction=&#8221;left&#8221; hide_on_mobile=&#8221;small-visibility,medium-visibility,large-visibility&#8221; center_content=&#8221;no&#8221; last=&#8221;no&#8221; min_height=&#8221;&#8221; hover_type=&#8221;none&#8221; link=&#8221;&#8221;][fusion_text]<\/p>\n<p>REDACCI\u00d3N<\/p>\n<p>\u2022 Derivado del apartado I. de la convocatoria Saberes Sobre la Escena 2022,se impartir\u00e1n 10 talleres dirigidos a las comunidades y a los pueblos ind\u00edgenas de Chiapas<\/p>\n<p>La Secretar\u00eda de Cultura del Gobierno de M\u00e9xico, a trav\u00e9s del Centro Cultural Hel\u00e9nico, en colaboraci\u00f3n con el Consejo para la Cultura y las Artes del estado de Chiapas, presenta la oferta acad\u00e9mica que formar\u00e1 parte del Programa de Fomento a las Artes Esc\u00e9nicas en Chiapas, a realizarse del 30 de junio al 11 de noviembre de 2022, con sede en el Centro Cultural Caza Fuego.<br aria-hidden=\"true\" \/><br aria-hidden=\"true\" \/>El objetivo de este programa consiste en instaurar rutas de comunicaci\u00f3n, as\u00ed como v\u00ednculos creativos entre artistas locales o nacionales y las comunidades ind\u00edgenas de los altos de Chiapas. Este hecho supone un avance significativo en el acceso a los bienes culturales de la poblaci\u00f3n chiapaneca, dado que, al interactuar con sus pr\u00e1cticas sociales y ling\u00fc\u00edsticas comunitarias, generan procesos de enriquecimiento mutuo que abundan en el fortalecimiento del entramado art\u00edstico del estado.<br aria-hidden=\"true\" \/><br aria-hidden=\"true\" \/>Las 10 agrupaciones que formar\u00e1n parte del programa fueron seleccionadas v\u00eda convocatoria \u2014cinco del estado de Chiapas y cinco pertenecientes a Michoac\u00e1n, Hidalgo y Veracruz\u2014. Los talleres orbitan en torno a los temas: narraciones orales de los pueblos originarios, dramaturgia regional, actuaci\u00f3n intercultural y biling\u00fce, vestuario, procesos creativos desde la cosmovisi\u00f3n comunitaria, entre otros.<br aria-hidden=\"true\" \/><br aria-hidden=\"true\" \/>Los proyectos ganadores fueron elegidos por un jurado especializado en artes esc\u00e9nicas, el cual estuvo conformado por: Mar\u00eda del Carmen Cort\u00e9s Fern\u00e1ndez, Ana Bertha Cruces Dorantes y Edgar Vicente \u00c1lvarez Estrada. El escrutinio con el que se revis\u00f3 cada propuesta permite dar cuenta del alto valor del contenido, de esta forma se garantiza el acceso a los derechos culturales de la poblaci\u00f3n en el estado de Chiapas.<br aria-hidden=\"true\" \/><br aria-hidden=\"true\" \/>A continuaci\u00f3n, se enlistan los nombres de las actividades que el p\u00fablico podr\u00e1 disfrutar:<br aria-hidden=\"true\" \/><\/p>\n<ul>\n<li>Taller de marionetas (Chiapas).<\/li>\n<li>Poner el cuerpo o el futuro ya es feminista. Pr\u00e1cticas corporales de cuidado y autocuidado (Michoac\u00e1n).<\/li>\n<li>La actoralidad transcendiendo las culturas. Herramientas para la creaci\u00f3n intercultural (Hidalgo).<\/li>\n<li>Los telares en com\u00fan (Ciudad de M\u00e9xico).<\/li>\n<li>Teatro de m\u00e1scaras (Chiapas).<\/li>\n<li>Principios para la creaci\u00f3n de un biopersonal (Veracruz).<\/li>\n<li>Bajo los \u00e1rboles (Chiapas).<\/li>\n<li>Reconocer: laboratorio de exploraci\u00f3n de movimiento corporal con enfoque som\u00e1tico para adultos (Ciudad de M\u00e9xico).<\/li>\n<li>TransformARTE con la creatividad teatral para la ni\u00f1ez desde las maternidades (Chiapas).<\/li>\n<li>Teatro comunitario intergeneracional Chiapas<\/li>\n<\/ul>\n<p>Cabe destacar que la entrada ser\u00e1 gratuita, con previo registro al correo electr\u00f3nico <a href=\"mailto:promocioncultural@conecultachiapas.gob.mx\" target=\"_blank\" rel=\"noopener noreferrer\" data-auth=\"NotApplicable\" data-linkindex=\"1\">promocioncultural@conecultachiapas.gob.mx<\/a>; se pide a las personas asistentes seguir los protocolos para el cuidado de la salud, entre los que se encuentran el uso correcto del cubrebocas. Los talleres est\u00e1n dirigidos a infancias, adolescentes y adultos mayores, mismos que se llevar\u00e1n a cabo en el Centro Cultural Caza Fuego, ubicado en Diego Dugelay 19, Barrio de Guadalupe, San Crist\u00f3bal de las Casas, Chiapas.<br aria-hidden=\"true\" \/><br aria-hidden=\"true\" \/>\u00a0La cartelera completa puede consultarse en las p\u00e1ginas:\u00a0<strong><a href=\"http:\/\/contigoenladistancia.cultura.gob.mx\/\" target=\"_blank\" rel=\"noopener noreferrer\" data-auth=\"NotApplicable\" data-linkindex=\"2\">contigoenladistancia.cultura.gob.mx<\/a><\/strong>\u00a0y\u00a0<strong><a href=\"http:\/\/helenico.gob.mx\/\" target=\"_blank\" rel=\"noopener noreferrer\" data-auth=\"NotApplicable\" data-linkindex=\"3\">helenico.gob.mx<\/a><\/strong>.<\/p>\n<p>[\/fusion_text][fusion_imageframe image_id=&#8221;44969|medium&#8221; max_width=&#8221;&#8221; style_type=&#8221;&#8221; blur=&#8221;&#8221; stylecolor=&#8221;&#8221; hover_type=&#8221;none&#8221; bordersize=&#8221;&#8221; bordercolor=&#8221;&#8221; borderradius=&#8221;&#8221; align=&#8221;none&#8221; lightbox=&#8221;no&#8221; gallery_id=&#8221;&#8221; lightbox_image=&#8221;&#8221; lightbox_image_id=&#8221;&#8221; alt=&#8221;&#8221; link=&#8221;&#8221; linktarget=&#8221;_self&#8221; hide_on_mobile=&#8221;small-visibility,medium-visibility,large-visibility&#8221; class=&#8221;&#8221; id=&#8221;&#8221; animation_type=&#8221;&#8221; animation_direction=&#8221;left&#8221; animation_speed=&#8221;0.3&#8243; animation_offset=&#8221;&#8221;]https:\/\/www.bitacoracdmx.com\/wp-content\/uploads\/2022\/06\/31d29509-62bb-a6f8-8b98-76e2902d7fae-300&#215;300.jpg[\/fusion_imageframe][\/fusion_builder_column][\/fusion_builder_row][\/fusion_builder_container]<\/p>\n","protected":false},"excerpt":{"rendered":"<p>[fusion_builder_container hundred_percent=&#8221;no&#8221; equal_height_columns=&#8221;no&#8221; menu_anchor=&#8221;&#8221; hide_on_mobile=&#8221;small-visibility,medium-visibility,large-visibility&#8221; class=&#8221;&#8221; id=&#8221;&#8221; background_color=&#8221;&#8221; background_image=&#8221;&#8221; background_position=&#8221;center center&#8221; background_repeat=&#8221;no-repeat&#8221; fade=&#8221;no&#8221; background_parallax=&#8221;none&#8221; parallax_speed=&#8221;0.3&#8243; video_mp4=&#8221;&#8221; video_webm=&#8221;&#8221; video_ogv=&#8221;&#8221; video_url=&#8221;&#8221; video_aspect_ratio=&#8221;16:9&#8243; video_loop=&#8221;yes&#8221; video_mute=&#8221;yes&#8221; overlay_color=&#8221;&#8221; video_preview_image=&#8221;&#8221; border_size=&#8221;&#8221; border_color=&#8221;&#8221; border_style=&#8221;solid&#8221; padding_top=&#8221;&#8221; padding_bottom=&#8221;&#8221; padding_left=&#8221;&#8221; padding_right=&#8221;&#8221;][fusion_builder_row][fusion_builder_column type=&#8221;1_1&#8243; layout=&#8221;1_1&#8243; background_position=&#8221;left top&#8221; background_color=&#8221;&#8221; border_size=&#8221;&#8221; border_color=&#8221;&#8221; border_style=&#8221;solid&#8221; border_position=&#8221;all&#8221; spacing=&#8221;yes&#8221; background_image=&#8221;&#8221; background_repeat=&#8221;no-repeat&#8221; padding_top=&#8221;&#8221; padding_right=&#8221;&#8221; padding_bottom=&#8221;&#8221; padding_left=&#8221;&#8221; margin_top=&#8221;0px&#8221; margin_bottom=&#8221;0px&#8221; class=&#8221;&#8221; id=&#8221;&#8221; animation_type=&#8221;&#8221; animation_speed=&#8221;0.3&#8243; animation_direction=&#8221;left&#8221; hide_on_mobile=&#8221;small-visibility,medium-visibility,large-visibility&#8221; center_content=&#8221;no&#8221; last=&#8221;no&#8221; min_height=&#8221;&#8221; hover_type=&#8221;none&#8221; link=&#8221;&#8221;][fusion_text] REDACCI\u00d3N \u2022 Derivado del apartado I. de la convocatoria Saberes Sobre la Escena 2022,se impartir\u00e1n 10 talleres dirigidos a las comunidades y a los pueblos ind\u00edgenas de Chiapas La Secretar\u00eda de Cultura del Gobierno de M\u00e9xico, a trav\u00e9s del Centro [&hellip;]<\/p>\n","protected":false},"author":1,"featured_media":44969,"comment_status":"open","ping_status":"open","sticky":false,"template":"","format":"standard","meta":{"footnotes":""},"categories":[9,14],"tags":[],"_links":{"self":[{"href":"https:\/\/www.bitacoracdmx.com\/index.php?rest_route=\/wp\/v2\/posts\/44968"}],"collection":[{"href":"https:\/\/www.bitacoracdmx.com\/index.php?rest_route=\/wp\/v2\/posts"}],"about":[{"href":"https:\/\/www.bitacoracdmx.com\/index.php?rest_route=\/wp\/v2\/types\/post"}],"author":[{"embeddable":true,"href":"https:\/\/www.bitacoracdmx.com\/index.php?rest_route=\/wp\/v2\/users\/1"}],"replies":[{"embeddable":true,"href":"https:\/\/www.bitacoracdmx.com\/index.php?rest_route=%2Fwp%2Fv2%2Fcomments&post=44968"}],"version-history":[{"count":1,"href":"https:\/\/www.bitacoracdmx.com\/index.php?rest_route=\/wp\/v2\/posts\/44968\/revisions"}],"predecessor-version":[{"id":44970,"href":"https:\/\/www.bitacoracdmx.com\/index.php?rest_route=\/wp\/v2\/posts\/44968\/revisions\/44970"}],"wp:featuredmedia":[{"embeddable":true,"href":"https:\/\/www.bitacoracdmx.com\/index.php?rest_route=\/wp\/v2\/media\/44969"}],"wp:attachment":[{"href":"https:\/\/www.bitacoracdmx.com\/index.php?rest_route=%2Fwp%2Fv2%2Fmedia&parent=44968"}],"wp:term":[{"taxonomy":"category","embeddable":true,"href":"https:\/\/www.bitacoracdmx.com\/index.php?rest_route=%2Fwp%2Fv2%2Fcategories&post=44968"},{"taxonomy":"post_tag","embeddable":true,"href":"https:\/\/www.bitacoracdmx.com\/index.php?rest_route=%2Fwp%2Fv2%2Ftags&post=44968"}],"curies":[{"name":"wp","href":"https:\/\/api.w.org\/{rel}","templated":true}]}}