{"id":44977,"date":"2022-06-29T02:42:24","date_gmt":"2022-06-29T02:42:24","guid":{"rendered":"https:\/\/www.bitacoracdmx.com\/?p=44977"},"modified":"2022-06-29T02:42:24","modified_gmt":"2022-06-29T02:42:24","slug":"festival-internacional-de-cine-cannabico-2022","status":"publish","type":"post","link":"https:\/\/www.bitacoracdmx.com\/?p=44977","title":{"rendered":"Festival Internacional de CINE CANN\u00c1BICO 2022"},"content":{"rendered":"<p>[fusion_builder_container hundred_percent=&#8221;no&#8221; equal_height_columns=&#8221;no&#8221; menu_anchor=&#8221;&#8221; hide_on_mobile=&#8221;small-visibility,medium-visibility,large-visibility&#8221; class=&#8221;&#8221; id=&#8221;&#8221; background_color=&#8221;&#8221; background_image=&#8221;&#8221; background_position=&#8221;center center&#8221; background_repeat=&#8221;no-repeat&#8221; fade=&#8221;no&#8221; background_parallax=&#8221;none&#8221; parallax_speed=&#8221;0.3&#8243; video_mp4=&#8221;&#8221; video_webm=&#8221;&#8221; video_ogv=&#8221;&#8221; video_url=&#8221;&#8221; video_aspect_ratio=&#8221;16:9&#8243; video_loop=&#8221;yes&#8221; video_mute=&#8221;yes&#8221; overlay_color=&#8221;&#8221; video_preview_image=&#8221;&#8221; border_size=&#8221;&#8221; border_color=&#8221;&#8221; border_style=&#8221;solid&#8221; padding_top=&#8221;&#8221; padding_bottom=&#8221;&#8221; padding_left=&#8221;&#8221; padding_right=&#8221;&#8221;][fusion_builder_row][fusion_builder_column type=&#8221;1_1&#8243; layout=&#8221;1_1&#8243; background_position=&#8221;left top&#8221; background_color=&#8221;&#8221; border_size=&#8221;&#8221; border_color=&#8221;&#8221; border_style=&#8221;solid&#8221; border_position=&#8221;all&#8221; spacing=&#8221;yes&#8221; background_image=&#8221;&#8221; background_repeat=&#8221;no-repeat&#8221; padding_top=&#8221;&#8221; padding_right=&#8221;&#8221; padding_bottom=&#8221;&#8221; padding_left=&#8221;&#8221; margin_top=&#8221;0px&#8221; margin_bottom=&#8221;0px&#8221; class=&#8221;&#8221; id=&#8221;&#8221; animation_type=&#8221;&#8221; animation_speed=&#8221;0.3&#8243; animation_direction=&#8221;left&#8221; hide_on_mobile=&#8221;small-visibility,medium-visibility,large-visibility&#8221; center_content=&#8221;no&#8221; last=&#8221;no&#8221; min_height=&#8221;&#8221; hover_type=&#8221;none&#8221; link=&#8221;&#8221;][fusion_text]<\/p>\n<p>REDACCI\u00d3N<\/p>\n<ul>\n<li>En su quinta edici\u00f3n, el festival refrenda su intenci\u00f3n de cambiar los paradigmas sociales que rodean al cannabis a trav\u00e9s de una cinematograf\u00eda que concientice a la sociedad para romper tab\u00faes al respecto.<\/li>\n<li>Se llevar\u00e1 a cabo del 14 al 17 de julio en diversas sedes de la colonia Roma de la Ciudad de M\u00e9xico.<\/li>\n<\/ul>\n<p>El Festival Internacional de Cine Cann\u00e1bico (FEICCA) es el primer festival que surge a nivel mundial con la intenci\u00f3n de cambiar los paradigmas sociales que rodean al cannabis a trav\u00e9s de una cinematograf\u00eda que concientice a la sociedad, mediante proyecciones, pl\u00e1ticas, encuentros, actividades y debates que enriquezcan el<br \/>\nconocimiento que existe actualmente sobre la planta, con el objetivo de romper tab\u00faes entre los usuarios y apuntar a una mayor comprensi\u00f3n de sus m\u00faltiples dimensiones, posibilidades de uso, propiedades y m\u00e1s.<\/p>\n<p>En su quinta edici\u00f3n, a realizarse del 14 al 17 de julio, contar\u00e1 con una programaci\u00f3n h\u00edbrida donde, adem\u00e1s de presentar la selecci\u00f3n oficial de cortometrajes, largometrajes, documentales y series web, integrar\u00e1 una alfombra<br \/>\nroja, feria de productos, talleres y conferencias entorno a la planta y el cine, actividades al aire libre como yoga, ecstatic dance, artivismo y un sensorama que permitir\u00e1 al p\u00fablico entender el discurso art\u00edstico por medio de los sentidos.<\/p>\n<p>Nacido en Guadalajara y ahora radicado en la Ciudad de M\u00e9xico, el FEICCA ha logrado imponer en el \u00e1mbito internacional su visi\u00f3n conjunta del arte cinematogr\u00e1fico con diversas manifestaciones art\u00edsticas enfocadas a la generaci\u00f3n de consciencia y reducci\u00f3n de da\u00f1os pugnando siempre por el consumo responsable.<\/p>\n<p>Para los directores del Festival Internacional de Cine Cann\u00e1bico, Tania Magdaleno, Iv\u00e1n Librado y Swald Huerta, el encuentro ha impactado, y lo seguir\u00e1 haciendo, en el cine y la salud, abriendo consciencias y espacios para que el conocimiento de la planta se haga m\u00e1s claro y de manera libre, eliminando tapujos y abriendo a la experiencia de esta planta sagrada.<\/p>\n<p>En esta edici\u00f3n, el \u201creconocer con arte\u201d, en colaboraci\u00f3n con Culturalmente Responsable AC, correr\u00e1 al cargo de JUALDI, artista pl\u00e1stico reconocido internacionalmente por su activismo en el mundo cann\u00e1bico, quien entregar\u00e1 una obra de arte a los ganadores de la quinta edici\u00f3n, cumpliendo as\u00ed con el objetivo de reconocer el trabajo de un artista con otro artista.<\/p>\n<p>La premiaci\u00f3n y clausura se llevar\u00e1 al cabo en Cine Tonal\u00e1 el d\u00eda 17 de julio con la proyecci\u00f3n de la pel\u00edcula Amityville, con la presencia del tambi\u00e9n jurado, Miguel Mar\u00edn, director del Festival de Cine Fant\u00e1stico FERATUM.<\/p>\n<p>El festival convoc\u00f3 por segundo a\u00f1o consecutivo a cineastas a trav\u00e9s de la plataforma Film Free Way, donde se recibieron m\u00e1s de mil 200 materiales audiovisuales de todo el mundo, logrando estrenos importantes que no se han presentado en otros festivales, como Carmen Vidal: Mujer Detective, Eva Dans (Uruguay) y Obsessions, de Isa\u00edas Gomezmay (M\u00e9xico).<\/p>\n<p>Adem\u00e1s, se realiz\u00f3 una convocatoria extendida en alianza con Zoom F7, plataforma digital especializada en cine, y con la entrega de la Presea al M\u00e9rito Cultural 2022 \u201cDon Roberto Gonz\u00e1lez G\u00e1lvez\u201d, el FEICCA se posiciona como un festival no s\u00f3lo cinematogr\u00e1fico si no tambi\u00e9n de alto impacto informativo y cultural.<\/p>\n<p>Este a\u00f1o, el festival tendr\u00e1 sedes en la Colonia Roma haciendo el ya reconocido \u201cCircuito Verde\u201d: Marketeatro, Cine Tonal\u00e1, Huerto Roma Verde, Facultad de Cine y Falling Piano<\/p>\n<p>[\/fusion_text][fusion_imageframe image_id=&#8221;44978|medium&#8221; max_width=&#8221;&#8221; style_type=&#8221;&#8221; blur=&#8221;&#8221; stylecolor=&#8221;&#8221; hover_type=&#8221;none&#8221; bordersize=&#8221;&#8221; bordercolor=&#8221;&#8221; borderradius=&#8221;&#8221; align=&#8221;none&#8221; lightbox=&#8221;no&#8221; gallery_id=&#8221;&#8221; lightbox_image=&#8221;&#8221; lightbox_image_id=&#8221;&#8221; alt=&#8221;&#8221; link=&#8221;&#8221; linktarget=&#8221;_self&#8221; hide_on_mobile=&#8221;small-visibility,medium-visibility,large-visibility&#8221; class=&#8221;&#8221; id=&#8221;&#8221; animation_type=&#8221;&#8221; animation_direction=&#8221;left&#8221; animation_speed=&#8221;0.3&#8243; animation_offset=&#8221;&#8221;]https:\/\/www.bitacoracdmx.com\/wp-content\/uploads\/2022\/06\/FEICCA-2-300&#215;169.jpeg[\/fusion_imageframe][\/fusion_builder_column][\/fusion_builder_row][\/fusion_builder_container]<\/p>\n","protected":false},"excerpt":{"rendered":"<p>[fusion_builder_container hundred_percent=&#8221;no&#8221; equal_height_columns=&#8221;no&#8221; menu_anchor=&#8221;&#8221; hide_on_mobile=&#8221;small-visibility,medium-visibility,large-visibility&#8221; class=&#8221;&#8221; id=&#8221;&#8221; background_color=&#8221;&#8221; background_image=&#8221;&#8221; background_position=&#8221;center center&#8221; background_repeat=&#8221;no-repeat&#8221; fade=&#8221;no&#8221; background_parallax=&#8221;none&#8221; parallax_speed=&#8221;0.3&#8243; video_mp4=&#8221;&#8221; video_webm=&#8221;&#8221; video_ogv=&#8221;&#8221; video_url=&#8221;&#8221; video_aspect_ratio=&#8221;16:9&#8243; video_loop=&#8221;yes&#8221; video_mute=&#8221;yes&#8221; overlay_color=&#8221;&#8221; video_preview_image=&#8221;&#8221; border_size=&#8221;&#8221; border_color=&#8221;&#8221; border_style=&#8221;solid&#8221; padding_top=&#8221;&#8221; padding_bottom=&#8221;&#8221; padding_left=&#8221;&#8221; padding_right=&#8221;&#8221;][fusion_builder_row][fusion_builder_column type=&#8221;1_1&#8243; layout=&#8221;1_1&#8243; background_position=&#8221;left top&#8221; background_color=&#8221;&#8221; border_size=&#8221;&#8221; border_color=&#8221;&#8221; border_style=&#8221;solid&#8221; border_position=&#8221;all&#8221; spacing=&#8221;yes&#8221; background_image=&#8221;&#8221; background_repeat=&#8221;no-repeat&#8221; padding_top=&#8221;&#8221; padding_right=&#8221;&#8221; padding_bottom=&#8221;&#8221; padding_left=&#8221;&#8221; margin_top=&#8221;0px&#8221; margin_bottom=&#8221;0px&#8221; class=&#8221;&#8221; id=&#8221;&#8221; animation_type=&#8221;&#8221; animation_speed=&#8221;0.3&#8243; animation_direction=&#8221;left&#8221; hide_on_mobile=&#8221;small-visibility,medium-visibility,large-visibility&#8221; center_content=&#8221;no&#8221; last=&#8221;no&#8221; min_height=&#8221;&#8221; hover_type=&#8221;none&#8221; link=&#8221;&#8221;][fusion_text] REDACCI\u00d3N En su quinta edici\u00f3n, el festival refrenda su intenci\u00f3n de cambiar los paradigmas sociales que rodean al cannabis a trav\u00e9s de una cinematograf\u00eda que concientice a la sociedad para romper tab\u00faes al respecto. Se llevar\u00e1 a cabo del 14 [&hellip;]<\/p>\n","protected":false},"author":1,"featured_media":44978,"comment_status":"open","ping_status":"open","sticky":false,"template":"","format":"standard","meta":{"footnotes":""},"categories":[3,9],"tags":[],"_links":{"self":[{"href":"https:\/\/www.bitacoracdmx.com\/index.php?rest_route=\/wp\/v2\/posts\/44977"}],"collection":[{"href":"https:\/\/www.bitacoracdmx.com\/index.php?rest_route=\/wp\/v2\/posts"}],"about":[{"href":"https:\/\/www.bitacoracdmx.com\/index.php?rest_route=\/wp\/v2\/types\/post"}],"author":[{"embeddable":true,"href":"https:\/\/www.bitacoracdmx.com\/index.php?rest_route=\/wp\/v2\/users\/1"}],"replies":[{"embeddable":true,"href":"https:\/\/www.bitacoracdmx.com\/index.php?rest_route=%2Fwp%2Fv2%2Fcomments&post=44977"}],"version-history":[{"count":1,"href":"https:\/\/www.bitacoracdmx.com\/index.php?rest_route=\/wp\/v2\/posts\/44977\/revisions"}],"predecessor-version":[{"id":44979,"href":"https:\/\/www.bitacoracdmx.com\/index.php?rest_route=\/wp\/v2\/posts\/44977\/revisions\/44979"}],"wp:featuredmedia":[{"embeddable":true,"href":"https:\/\/www.bitacoracdmx.com\/index.php?rest_route=\/wp\/v2\/media\/44978"}],"wp:attachment":[{"href":"https:\/\/www.bitacoracdmx.com\/index.php?rest_route=%2Fwp%2Fv2%2Fmedia&parent=44977"}],"wp:term":[{"taxonomy":"category","embeddable":true,"href":"https:\/\/www.bitacoracdmx.com\/index.php?rest_route=%2Fwp%2Fv2%2Fcategories&post=44977"},{"taxonomy":"post_tag","embeddable":true,"href":"https:\/\/www.bitacoracdmx.com\/index.php?rest_route=%2Fwp%2Fv2%2Ftags&post=44977"}],"curies":[{"name":"wp","href":"https:\/\/api.w.org\/{rel}","templated":true}]}}