{"id":44980,"date":"2022-06-29T02:48:10","date_gmt":"2022-06-29T02:48:10","guid":{"rendered":"https:\/\/www.bitacoracdmx.com\/?p=44980"},"modified":"2022-06-29T02:48:10","modified_gmt":"2022-06-29T02:48:10","slug":"se-presento-en-puebla-iniciativa-de-ley-de-filmaciones-cinematograficas","status":"publish","type":"post","link":"https:\/\/www.bitacoracdmx.com\/?p=44980","title":{"rendered":"Se present\u00f3 en Puebla iniciativa de Ley de Filmaciones Cinematogr\u00e1ficas"},"content":{"rendered":"<p>[fusion_builder_container hundred_percent=&#8221;no&#8221; equal_height_columns=&#8221;no&#8221; menu_anchor=&#8221;&#8221; hide_on_mobile=&#8221;small-visibility,medium-visibility,large-visibility&#8221; class=&#8221;&#8221; id=&#8221;&#8221; background_color=&#8221;&#8221; background_image=&#8221;&#8221; background_position=&#8221;center center&#8221; background_repeat=&#8221;no-repeat&#8221; fade=&#8221;no&#8221; background_parallax=&#8221;none&#8221; parallax_speed=&#8221;0.3&#8243; video_mp4=&#8221;&#8221; video_webm=&#8221;&#8221; video_ogv=&#8221;&#8221; video_url=&#8221;&#8221; video_aspect_ratio=&#8221;16:9&#8243; video_loop=&#8221;yes&#8221; video_mute=&#8221;yes&#8221; overlay_color=&#8221;&#8221; video_preview_image=&#8221;&#8221; border_size=&#8221;&#8221; border_color=&#8221;&#8221; border_style=&#8221;solid&#8221; padding_top=&#8221;&#8221; padding_bottom=&#8221;&#8221; padding_left=&#8221;&#8221; padding_right=&#8221;&#8221;][fusion_builder_row][fusion_builder_column type=&#8221;1_1&#8243; layout=&#8221;1_1&#8243; background_position=&#8221;left top&#8221; background_color=&#8221;&#8221; border_size=&#8221;&#8221; border_color=&#8221;&#8221; border_style=&#8221;solid&#8221; border_position=&#8221;all&#8221; spacing=&#8221;yes&#8221; background_image=&#8221;&#8221; background_repeat=&#8221;no-repeat&#8221; padding_top=&#8221;&#8221; padding_right=&#8221;&#8221; padding_bottom=&#8221;&#8221; padding_left=&#8221;&#8221; margin_top=&#8221;0px&#8221; margin_bottom=&#8221;0px&#8221; class=&#8221;&#8221; id=&#8221;&#8221; animation_type=&#8221;&#8221; animation_speed=&#8221;0.3&#8243; animation_direction=&#8221;left&#8221; hide_on_mobile=&#8221;small-visibility,medium-visibility,large-visibility&#8221; center_content=&#8221;no&#8221; last=&#8221;no&#8221; min_height=&#8221;&#8221; hover_type=&#8221;none&#8221; link=&#8221;&#8221;][fusion_text]<\/p>\n<p>REDACCI\u00d3N<\/p>\n<ul type=\"disc\">\n<li class=\"x_MsoNormal\"><b>Surgi\u00f3 ante la preocupaci\u00f3n gubernamental para aumentar la producci\u00f3n audiovisual<\/b><\/li>\n<li class=\"x_MsoNormal\"><b>Buscan descentralizar a la Ciudad de M\u00e9xico en este terreno<\/b><\/li>\n<li class=\"x_MsoNormal\"><b>Cuenta con el aval de la CANACINE M\u00e9xico y su Directora T\u00e1bata Bilari<\/b><\/li>\n<\/ul>\n<p class=\"x_MsoNormal\">Despu\u00e9s de haber generado controversia, pero contando en su momento con el aval y autorizaci\u00f3n de la <b>C\u00e1mara Nacional de la Industria Cinematogr\u00e1fica<\/b>\u00a0(<b>CANACINE<\/b>) y su Directora\u00a0<b>Tabata Vilar<\/b>; el pasado jueves 23 de junio fue presentada en el Congreso del estado de Puebla la iniciativa de\u00a0<b>Ley de Filmaciones Cinematogr\u00e1ficas, Audiovisuales y Fotogr\u00e1ficas<\/b>\u00a0para este estado, inform\u00f3 el Presidente de la Delegaci\u00f3n Puebla de la\u00a0<b>CANACINE<\/b>,\u00a0<b>Arturo Tay<\/b>.<\/p>\n<p class=\"x_MsoNormal\">Esta iniciativa surgi\u00f3 desde la\u00a0<b>CANACINE Puebla<\/b>\u00a0y ha encontrado cobijo en este gobierno, que sabe que esta industria es de las m\u00e1s afectadas por la pandemia, y as\u00ed poder aumentar la producci\u00f3n y realizaci\u00f3n de proyectos audiovisuales en el mismo; generando as\u00ed el crecimiento de empleos y reactivar el turismo y la industria cinematogr\u00e1fica.<\/p>\n<p class=\"x_MsoNormal\">\u201c<i>Lo que buscamos es tratar de descentralizar a la Ciudad de M\u00e9xico en cuanto a la realizaci\u00f3n de producciones audiovisuales, y que las productoras lleguen a otros estados y as\u00ed poder tener todos un poco de capitalizaci\u00f3n y producci\u00f3n en este campo<\/i>\u201d, dijo\u00a0<b>Arturo Tay<\/b>.<\/p>\n<p class=\"x_MsoNormal\">\u201c<i>Por eso queremos formar una Comisi\u00f3n de filmaciones en Puebla y as\u00ed poder ofrecer mejoras y facilidades para hacerlo. Despu\u00e9s de haberse presentado esta iniciativa, s\u00f3lo estamos esperando que los diputados la aprueben para convertirla en ley<\/i>\u201d, agreg\u00f3.<\/p>\n<p class=\"x_MsoNormal\">Esta iniciativa de\u00a0<b>Ley de Filmaciones Cinematogr\u00e1ficas, Audiovisuales y Fotogr\u00e1ficas<\/b>\u00a0surgir\u00e1 para establecer las bases y mecanismos de planeaci\u00f3n, fomento, promoci\u00f3n y desarrollo de distintas obras en el estado de Puebla.<\/p>\n<p class=\"x_MsoNormal\">Con esta ley se regular\u00e1 y apoyar\u00e1 de manera integral a la industria f\u00edlmica, para hacer m\u00e1s sencilla la realizaci\u00f3n de producciones en todo el estado, ya que se homologar\u00e1n y simplificar\u00e1n los procedimientos administrativos de tr\u00e1mites y servicios necesarios en coordinaci\u00f3n con las autoridades federales, estatales y municipales<\/p>\n<p class=\"x_MsoNormal\">Dicha propuesta tambi\u00e9n integra reformas a la Ley de Fomento a la Cultura; a la Ley Org\u00e1nica de la Administraci\u00f3n P\u00fablica; y a la Ley Org\u00e1nica Municipal.<\/p>\n<p class=\"x_MsoNormal\">De aprobarse, Puebla ser\u00e1 un destino atractivo para las filmaciones no solo locales, sino nacionales e internacionales al convertirse en un estado con una alternativa clara, capaz y con apoyos definidos para esta industria, lo que estimular\u00e1 el desarrollo econ\u00f3mico regional y generar\u00e1 empleos formales directos e indirectos.<\/p>\n<p class=\"x_MsoNormal\">La propuesta fue turnada a las Comisiones Unidas de Gobernaci\u00f3n y Puntos Constitucionales, y Cultura.<\/p>\n<p>[\/fusion_text][fusion_imageframe image_id=&#8221;44981|medium&#8221; max_width=&#8221;&#8221; style_type=&#8221;&#8221; blur=&#8221;&#8221; stylecolor=&#8221;&#8221; hover_type=&#8221;none&#8221; bordersize=&#8221;&#8221; bordercolor=&#8221;&#8221; borderradius=&#8221;&#8221; align=&#8221;none&#8221; lightbox=&#8221;no&#8221; gallery_id=&#8221;&#8221; lightbox_image=&#8221;&#8221; lightbox_image_id=&#8221;&#8221; alt=&#8221;&#8221; link=&#8221;&#8221; linktarget=&#8221;_self&#8221; hide_on_mobile=&#8221;small-visibility,medium-visibility,large-visibility&#8221; class=&#8221;&#8221; id=&#8221;&#8221; animation_type=&#8221;&#8221; animation_direction=&#8221;left&#8221; animation_speed=&#8221;0.3&#8243; animation_offset=&#8221;&#8221;]https:\/\/www.bitacoracdmx.com\/wp-content\/uploads\/2022\/06\/Tay-Congreso-Puebla-001-300&#215;213.jpg[\/fusion_imageframe][\/fusion_builder_column][\/fusion_builder_row][\/fusion_builder_container]<\/p>\n","protected":false},"excerpt":{"rendered":"<p>[fusion_builder_container hundred_percent=&#8221;no&#8221; equal_height_columns=&#8221;no&#8221; menu_anchor=&#8221;&#8221; hide_on_mobile=&#8221;small-visibility,medium-visibility,large-visibility&#8221; class=&#8221;&#8221; id=&#8221;&#8221; background_color=&#8221;&#8221; background_image=&#8221;&#8221; background_position=&#8221;center center&#8221; background_repeat=&#8221;no-repeat&#8221; fade=&#8221;no&#8221; background_parallax=&#8221;none&#8221; parallax_speed=&#8221;0.3&#8243; video_mp4=&#8221;&#8221; video_webm=&#8221;&#8221; video_ogv=&#8221;&#8221; video_url=&#8221;&#8221; video_aspect_ratio=&#8221;16:9&#8243; video_loop=&#8221;yes&#8221; video_mute=&#8221;yes&#8221; overlay_color=&#8221;&#8221; video_preview_image=&#8221;&#8221; border_size=&#8221;&#8221; border_color=&#8221;&#8221; border_style=&#8221;solid&#8221; padding_top=&#8221;&#8221; padding_bottom=&#8221;&#8221; padding_left=&#8221;&#8221; padding_right=&#8221;&#8221;][fusion_builder_row][fusion_builder_column type=&#8221;1_1&#8243; layout=&#8221;1_1&#8243; background_position=&#8221;left top&#8221; background_color=&#8221;&#8221; border_size=&#8221;&#8221; border_color=&#8221;&#8221; border_style=&#8221;solid&#8221; border_position=&#8221;all&#8221; spacing=&#8221;yes&#8221; background_image=&#8221;&#8221; background_repeat=&#8221;no-repeat&#8221; padding_top=&#8221;&#8221; padding_right=&#8221;&#8221; padding_bottom=&#8221;&#8221; padding_left=&#8221;&#8221; margin_top=&#8221;0px&#8221; margin_bottom=&#8221;0px&#8221; class=&#8221;&#8221; id=&#8221;&#8221; animation_type=&#8221;&#8221; animation_speed=&#8221;0.3&#8243; animation_direction=&#8221;left&#8221; hide_on_mobile=&#8221;small-visibility,medium-visibility,large-visibility&#8221; center_content=&#8221;no&#8221; last=&#8221;no&#8221; min_height=&#8221;&#8221; hover_type=&#8221;none&#8221; link=&#8221;&#8221;][fusion_text] REDACCI\u00d3N Surgi\u00f3 ante la preocupaci\u00f3n gubernamental para aumentar la producci\u00f3n audiovisual Buscan descentralizar a la Ciudad de M\u00e9xico en este terreno Cuenta con el aval de la CANACINE M\u00e9xico y su Directora T\u00e1bata Bilari Despu\u00e9s de haber generado controversia, pero [&hellip;]<\/p>\n","protected":false},"author":1,"featured_media":44981,"comment_status":"open","ping_status":"open","sticky":false,"template":"","format":"standard","meta":{"footnotes":""},"categories":[3,9],"tags":[],"_links":{"self":[{"href":"https:\/\/www.bitacoracdmx.com\/index.php?rest_route=\/wp\/v2\/posts\/44980"}],"collection":[{"href":"https:\/\/www.bitacoracdmx.com\/index.php?rest_route=\/wp\/v2\/posts"}],"about":[{"href":"https:\/\/www.bitacoracdmx.com\/index.php?rest_route=\/wp\/v2\/types\/post"}],"author":[{"embeddable":true,"href":"https:\/\/www.bitacoracdmx.com\/index.php?rest_route=\/wp\/v2\/users\/1"}],"replies":[{"embeddable":true,"href":"https:\/\/www.bitacoracdmx.com\/index.php?rest_route=%2Fwp%2Fv2%2Fcomments&post=44980"}],"version-history":[{"count":1,"href":"https:\/\/www.bitacoracdmx.com\/index.php?rest_route=\/wp\/v2\/posts\/44980\/revisions"}],"predecessor-version":[{"id":44982,"href":"https:\/\/www.bitacoracdmx.com\/index.php?rest_route=\/wp\/v2\/posts\/44980\/revisions\/44982"}],"wp:featuredmedia":[{"embeddable":true,"href":"https:\/\/www.bitacoracdmx.com\/index.php?rest_route=\/wp\/v2\/media\/44981"}],"wp:attachment":[{"href":"https:\/\/www.bitacoracdmx.com\/index.php?rest_route=%2Fwp%2Fv2%2Fmedia&parent=44980"}],"wp:term":[{"taxonomy":"category","embeddable":true,"href":"https:\/\/www.bitacoracdmx.com\/index.php?rest_route=%2Fwp%2Fv2%2Fcategories&post=44980"},{"taxonomy":"post_tag","embeddable":true,"href":"https:\/\/www.bitacoracdmx.com\/index.php?rest_route=%2Fwp%2Fv2%2Ftags&post=44980"}],"curies":[{"name":"wp","href":"https:\/\/api.w.org\/{rel}","templated":true}]}}