{"id":44983,"date":"2022-06-29T02:56:03","date_gmt":"2022-06-29T02:56:03","guid":{"rendered":"https:\/\/www.bitacoracdmx.com\/?p=44983"},"modified":"2022-06-29T02:56:03","modified_gmt":"2022-06-29T02:56:03","slug":"olivia-gorra-conversara-con-cristina-pacheco-en-su-regreso-a-canal-once","status":"publish","type":"post","link":"https:\/\/www.bitacoracdmx.com\/?p=44983","title":{"rendered":"Olivia Gorra conversar\u00e1 con Cristina Pacheco en su regreso a Canal Once"},"content":{"rendered":"<p>[fusion_builder_container hundred_percent=&#8221;no&#8221; equal_height_columns=&#8221;no&#8221; menu_anchor=&#8221;&#8221; hide_on_mobile=&#8221;small-visibility,medium-visibility,large-visibility&#8221; class=&#8221;&#8221; id=&#8221;&#8221; background_color=&#8221;&#8221; background_image=&#8221;&#8221; background_position=&#8221;center center&#8221; background_repeat=&#8221;no-repeat&#8221; fade=&#8221;no&#8221; background_parallax=&#8221;none&#8221; parallax_speed=&#8221;0.3&#8243; video_mp4=&#8221;&#8221; video_webm=&#8221;&#8221; video_ogv=&#8221;&#8221; video_url=&#8221;&#8221; video_aspect_ratio=&#8221;16:9&#8243; video_loop=&#8221;yes&#8221; video_mute=&#8221;yes&#8221; overlay_color=&#8221;&#8221; video_preview_image=&#8221;&#8221; border_size=&#8221;&#8221; border_color=&#8221;&#8221; border_style=&#8221;solid&#8221; padding_top=&#8221;&#8221; padding_bottom=&#8221;&#8221; padding_left=&#8221;&#8221; padding_right=&#8221;&#8221;][fusion_builder_row][fusion_builder_column type=&#8221;1_1&#8243; layout=&#8221;1_1&#8243; background_position=&#8221;left top&#8221; background_color=&#8221;&#8221; border_size=&#8221;&#8221; border_color=&#8221;&#8221; border_style=&#8221;solid&#8221; border_position=&#8221;all&#8221; spacing=&#8221;yes&#8221; background_image=&#8221;&#8221; background_repeat=&#8221;no-repeat&#8221; padding_top=&#8221;&#8221; padding_right=&#8221;&#8221; padding_bottom=&#8221;&#8221; padding_left=&#8221;&#8221; margin_top=&#8221;0px&#8221; margin_bottom=&#8221;0px&#8221; class=&#8221;&#8221; id=&#8221;&#8221; animation_type=&#8221;&#8221; animation_speed=&#8221;0.3&#8243; animation_direction=&#8221;left&#8221; hide_on_mobile=&#8221;small-visibility,medium-visibility,large-visibility&#8221; center_content=&#8221;no&#8221; last=&#8221;no&#8221; min_height=&#8221;&#8221; hover_type=&#8221;none&#8221; link=&#8221;&#8221;][fusion_text]<\/p>\n<p>REDACCI\u00d3N<\/p>\n<ul type=\"disc\">\n<li class=\"x_MsoNormal\"><b>La soprano ser\u00e1 la invitada en el regreso a foro de Conversando con Cristina Pacheco<\/b><\/li>\n<li class=\"x_MsoNormal\"><b>Se ha desarrollado como promotora y productora<\/b><\/li>\n<li class=\"x_MsoNormal\"><b>Esta producci\u00f3n prepara la celebraci\u00f3n de su 25 aniversario<\/b><\/li>\n<\/ul>\n<p class=\"x_MsoNormal\">Despu\u00e9s de casi dos a\u00f1os de realizar el programa a distancia, a consecuencia de la contingencia sanitaria, tras la llegada de la Covid19, este viernes 1 de julio la periodista <b>Cristina Pacheco<\/b>\u00a0regresar\u00e1 al foro donde se realiza el programa\u00a0<b><i>Conversando con Cristina Pacheco<\/i><\/b>, para transmitir en vivo esta realizaci\u00f3n de\u00a0<b>Martha Cruz<\/b>, en punto de las 20:00 horas, por la se\u00f1al de\u00a0<b>Canal Once<\/b>.<\/p>\n<p class=\"x_MsoNormal\">La encargada de abrir esta nueva etapa del programa, que se transmite por el canal perteneciente al Instituto Polit\u00e9cnico Nacional (IPN), ser\u00e1 la soprano\u00a0<b>Olivia Gorra<\/b>, originaria de Coatzacoalcos, Veracruz; quien conversar\u00e1 con la tambi\u00e9n escritora sobre su trayectoria art\u00edstica, con la que celebra ya 35 a\u00f1os de ardua labor en los escenarios nacionales e internacionales.<\/p>\n<p class=\"x_MsoNormal\"><i>The Rolex Mentor, Prot\u00e9g\u00e9 Arts Initiative<\/i>\u00a0la ha reconocido como una de las voces m\u00e1s hermosas del mundo; adem\u00e1s de que Uni\u00f3n de Cr\u00edticos de Teatro y M\u00fasica la distinguieron como la soprano m\u00e1s importante de M\u00e9xico.<\/p>\n<p class=\"x_MsoNormal\">Durante la charla que sostendr\u00e1 con\u00a0<b>Cristina Pacheco<\/b>, cuyo espacio celebrar\u00e1 ya 25 a\u00f1os de transmisi\u00f3n ininterrumpida,\u00a0<b>Olivia Gorra<\/b>\u00a0recordar\u00e1 c\u00f3mo ha sido el poder compartir escenario con cantantes lo mismo de talla internacional, como populares; entre los que destacan:\u00a0<b>Pl\u00e1cido Domingo<\/b>,\u00a0<b>Ram\u00f3n Vargas<\/b>\u00a0y\u00a0<b>Andrea Bocelli<\/b>; hasta\u00a0<b>Juan Gabriel<\/b>,\u00a0<b>Lila Downs<\/b>,\u00a0<b>Pedro Fern\u00e1ndez<\/b>,\u00a0<b>Tania Libertad<\/b>\u00a0y\u00a0<b>Los hermanos Castro<\/b>, entre otros.<\/p>\n<p class=\"x_MsoNormal\">Adem\u00e1s de hablar sobre su paso en importantes escenarios, como el Metropolitan Opera House, y el Carnegui Hall, en New York; adem\u00e1s de sus presentaciones en escenarios nacionales y su interpretaci\u00f3n en eventos internacionales, como los Juegos Centroamericanos y del Caribe y los Juegos Panamericanos; hasta su llegada al mundo del cine y el streaming, grabando canciones y realizando el doblaje de telenovelas, series y pel\u00edculas para Televisa, Warner Brothers y Disney.<\/p>\n<p class=\"x_MsoNormal\">En 2014, el conservatorio de las Artes de Perm, Rusia, la honra abriendo en su concurso internacional una categor\u00eda especial llamada\u00a0<b><i>Prima Donna Olivia Gorra\u00b4Stars<\/i><\/b>; y en 2017 celebr\u00f3 sus 30 a\u00f1os de carrera con un concierto de homenaje, brindado por la Secretar\u00eda de Cultura, en el Palacio de las Bellas Artes.<\/p>\n<p class=\"x_MsoNormal\">Sus discos abarcan los g\u00e9neros de \u00f3pera, canci\u00f3n popular y m\u00fasica mexicana; y su m\u00e1s reciente producci\u00f3n, titulada\u00a0<i>B\u00e9same mucho Espa\u00f1a<\/i>, fue nominado al Grammy Latino como Mejor \u00e1lbum de M\u00fasica ranchera.<\/p>\n<p class=\"x_MsoNormal\"><b>Olivia Gorra<\/b>\u00a0se ha desarrollado tambi\u00e9n como promotora y productora, llevando a importantes escenarios del pa\u00eds conciertos y \u00f3peras, dando as\u00ed difusi\u00f3n al talento mexicano y extranjero. Tambi\u00e9n cre\u00f3 el\u00a0<b><i>Concurso de Canto L\u00edrico<\/i><\/b>\u00a0<b><i>Olivia Gorra<\/i><\/b>, con tres ediciones (2015, 2016 y 2017); favoreciendo el rescate, difusi\u00f3n y promoci\u00f3n de la m\u00fasica mexicana de concierto, incluyendo la canci\u00f3n fina.<\/p>\n<p class=\"x_MsoNormal\">Fund\u00f3 su primera escuela, llamada\u00a0<b><i>Centro Cultural Olivia Gorra<\/i><\/b>.<\/p>\n<p class=\"x_MsoNormal\"><b>Conversando con Cristina Pacheco<\/b>\u00a0es un punto de encuentro amigable, en el que sus invitados charlan con esta destacada periodista, que cuenta con una amplia trayectoria, que es garant\u00eda de ofrecer una pl\u00e1tica amena y diferente.<\/p>\n<p class=\"x_MsoNormal\">Es un espacio donde se conjuga la inteligencia, la imaginaci\u00f3n, los sue\u00f1os, la realidad, los conocimientos, las vivencias y las an\u00e9cdotas.<\/p>\n<p class=\"x_MsoNormal\"><b>Conversando con Cristina Pacheco, en su regreso a foro, se transmite en vivo todos los viernes de 20:00 a 21:00 horas por la se\u00f1al de Canal Once, del Instituto Polit\u00e9cnico Nacional<\/b>\u2026 \u00a1<b>Naturalmente<\/b>!<\/p>\n<p>[\/fusion_text][fusion_imageframe image_id=&#8221;44984|medium&#8221; max_width=&#8221;&#8221; style_type=&#8221;&#8221; blur=&#8221;&#8221; stylecolor=&#8221;&#8221; hover_type=&#8221;none&#8221; bordersize=&#8221;&#8221; bordercolor=&#8221;&#8221; borderradius=&#8221;&#8221; align=&#8221;none&#8221; lightbox=&#8221;no&#8221; gallery_id=&#8221;&#8221; lightbox_image=&#8221;&#8221; lightbox_image_id=&#8221;&#8221; alt=&#8221;&#8221; link=&#8221;&#8221; linktarget=&#8221;_self&#8221; hide_on_mobile=&#8221;small-visibility,medium-visibility,large-visibility&#8221; class=&#8221;&#8221; id=&#8221;&#8221; animation_type=&#8221;&#8221; animation_direction=&#8221;left&#8221; animation_speed=&#8221;0.3&#8243; animation_offset=&#8221;&#8221;]https:\/\/www.bitacoracdmx.com\/wp-content\/uploads\/2022\/06\/Conversando-Cristina-Pacheco-Promocional-300&#215;300.jpeg[\/fusion_imageframe][\/fusion_builder_column][\/fusion_builder_row][\/fusion_builder_container]<\/p>\n","protected":false},"excerpt":{"rendered":"<p>[fusion_builder_container hundred_percent=&#8221;no&#8221; equal_height_columns=&#8221;no&#8221; menu_anchor=&#8221;&#8221; hide_on_mobile=&#8221;small-visibility,medium-visibility,large-visibility&#8221; class=&#8221;&#8221; id=&#8221;&#8221; background_color=&#8221;&#8221; background_image=&#8221;&#8221; background_position=&#8221;center center&#8221; background_repeat=&#8221;no-repeat&#8221; fade=&#8221;no&#8221; background_parallax=&#8221;none&#8221; parallax_speed=&#8221;0.3&#8243; video_mp4=&#8221;&#8221; video_webm=&#8221;&#8221; video_ogv=&#8221;&#8221; video_url=&#8221;&#8221; video_aspect_ratio=&#8221;16:9&#8243; video_loop=&#8221;yes&#8221; video_mute=&#8221;yes&#8221; overlay_color=&#8221;&#8221; video_preview_image=&#8221;&#8221; border_size=&#8221;&#8221; border_color=&#8221;&#8221; border_style=&#8221;solid&#8221; padding_top=&#8221;&#8221; padding_bottom=&#8221;&#8221; padding_left=&#8221;&#8221; padding_right=&#8221;&#8221;][fusion_builder_row][fusion_builder_column type=&#8221;1_1&#8243; layout=&#8221;1_1&#8243; background_position=&#8221;left top&#8221; background_color=&#8221;&#8221; border_size=&#8221;&#8221; border_color=&#8221;&#8221; border_style=&#8221;solid&#8221; border_position=&#8221;all&#8221; spacing=&#8221;yes&#8221; background_image=&#8221;&#8221; background_repeat=&#8221;no-repeat&#8221; padding_top=&#8221;&#8221; padding_right=&#8221;&#8221; padding_bottom=&#8221;&#8221; padding_left=&#8221;&#8221; margin_top=&#8221;0px&#8221; margin_bottom=&#8221;0px&#8221; class=&#8221;&#8221; id=&#8221;&#8221; animation_type=&#8221;&#8221; animation_speed=&#8221;0.3&#8243; animation_direction=&#8221;left&#8221; hide_on_mobile=&#8221;small-visibility,medium-visibility,large-visibility&#8221; center_content=&#8221;no&#8221; last=&#8221;no&#8221; min_height=&#8221;&#8221; hover_type=&#8221;none&#8221; link=&#8221;&#8221;][fusion_text] REDACCI\u00d3N La soprano ser\u00e1 la invitada en el regreso a foro de Conversando con Cristina Pacheco Se ha desarrollado como promotora y productora Esta producci\u00f3n prepara la celebraci\u00f3n de su 25 aniversario Despu\u00e9s de casi dos a\u00f1os de realizar el [&hellip;]<\/p>\n","protected":false},"author":1,"featured_media":44984,"comment_status":"open","ping_status":"open","sticky":false,"template":"","format":"standard","meta":{"footnotes":""},"categories":[9,11],"tags":[],"_links":{"self":[{"href":"https:\/\/www.bitacoracdmx.com\/index.php?rest_route=\/wp\/v2\/posts\/44983"}],"collection":[{"href":"https:\/\/www.bitacoracdmx.com\/index.php?rest_route=\/wp\/v2\/posts"}],"about":[{"href":"https:\/\/www.bitacoracdmx.com\/index.php?rest_route=\/wp\/v2\/types\/post"}],"author":[{"embeddable":true,"href":"https:\/\/www.bitacoracdmx.com\/index.php?rest_route=\/wp\/v2\/users\/1"}],"replies":[{"embeddable":true,"href":"https:\/\/www.bitacoracdmx.com\/index.php?rest_route=%2Fwp%2Fv2%2Fcomments&post=44983"}],"version-history":[{"count":1,"href":"https:\/\/www.bitacoracdmx.com\/index.php?rest_route=\/wp\/v2\/posts\/44983\/revisions"}],"predecessor-version":[{"id":44985,"href":"https:\/\/www.bitacoracdmx.com\/index.php?rest_route=\/wp\/v2\/posts\/44983\/revisions\/44985"}],"wp:featuredmedia":[{"embeddable":true,"href":"https:\/\/www.bitacoracdmx.com\/index.php?rest_route=\/wp\/v2\/media\/44984"}],"wp:attachment":[{"href":"https:\/\/www.bitacoracdmx.com\/index.php?rest_route=%2Fwp%2Fv2%2Fmedia&parent=44983"}],"wp:term":[{"taxonomy":"category","embeddable":true,"href":"https:\/\/www.bitacoracdmx.com\/index.php?rest_route=%2Fwp%2Fv2%2Fcategories&post=44983"},{"taxonomy":"post_tag","embeddable":true,"href":"https:\/\/www.bitacoracdmx.com\/index.php?rest_route=%2Fwp%2Fv2%2Ftags&post=44983"}],"curies":[{"name":"wp","href":"https:\/\/api.w.org\/{rel}","templated":true}]}}