{"id":45014,"date":"2022-07-03T19:41:49","date_gmt":"2022-07-03T19:41:49","guid":{"rendered":"https:\/\/www.bitacoracdmx.com\/?p=45014"},"modified":"2022-07-03T19:41:49","modified_gmt":"2022-07-03T19:41:49","slug":"giff-anuncia-las-peliculas-mexicanas-en-seleccion-oficial-de-su-edicion-xxv","status":"publish","type":"post","link":"https:\/\/www.bitacoracdmx.com\/?p=45014","title":{"rendered":"GIFF anuncia las pel\u00edculas mexicanas en selecci\u00f3n oficial de su edici\u00f3n XXV"},"content":{"rendered":"<p>[fusion_builder_container hundred_percent=&#8221;no&#8221; equal_height_columns=&#8221;no&#8221; menu_anchor=&#8221;&#8221; hide_on_mobile=&#8221;small-visibility,medium-visibility,large-visibility&#8221; class=&#8221;&#8221; id=&#8221;&#8221; background_color=&#8221;&#8221; background_image=&#8221;&#8221; background_position=&#8221;center center&#8221; background_repeat=&#8221;no-repeat&#8221; fade=&#8221;no&#8221; background_parallax=&#8221;none&#8221; parallax_speed=&#8221;0.3&#8243; video_mp4=&#8221;&#8221; video_webm=&#8221;&#8221; video_ogv=&#8221;&#8221; video_url=&#8221;&#8221; video_aspect_ratio=&#8221;16:9&#8243; video_loop=&#8221;yes&#8221; video_mute=&#8221;yes&#8221; overlay_color=&#8221;&#8221; video_preview_image=&#8221;&#8221; border_size=&#8221;&#8221; border_color=&#8221;&#8221; border_style=&#8221;solid&#8221; padding_top=&#8221;&#8221; padding_bottom=&#8221;&#8221; padding_left=&#8221;&#8221; padding_right=&#8221;&#8221;][fusion_builder_row][fusion_builder_column type=&#8221;1_1&#8243; layout=&#8221;1_1&#8243; background_position=&#8221;left top&#8221; background_color=&#8221;&#8221; border_size=&#8221;&#8221; border_color=&#8221;&#8221; border_style=&#8221;solid&#8221; border_position=&#8221;all&#8221; spacing=&#8221;yes&#8221; background_image=&#8221;&#8221; background_repeat=&#8221;no-repeat&#8221; padding_top=&#8221;&#8221; padding_right=&#8221;&#8221; padding_bottom=&#8221;&#8221; padding_left=&#8221;&#8221; margin_top=&#8221;0px&#8221; margin_bottom=&#8221;0px&#8221; class=&#8221;&#8221; id=&#8221;&#8221; animation_type=&#8221;&#8221; animation_speed=&#8221;0.3&#8243; animation_direction=&#8221;left&#8221; hide_on_mobile=&#8221;small-visibility,medium-visibility,large-visibility&#8221; center_content=&#8221;no&#8221; last=&#8221;no&#8221; min_height=&#8221;&#8221; hover_type=&#8221;none&#8221; link=&#8221;&#8221;][fusion_text]<\/p>\n<p>REDACCI\u00d3N<\/p>\n<ul>\n<li><strong>El Festival Internacional de Cine Guanajuato presenta los largometrajes y cortometrajes mexicanos que integran las distintas secciones de la Selecci\u00f3n Oficial de su 25\u00aa edici\u00f3n.<\/strong><\/li>\n<\/ul>\n<ul>\n<li><strong>El GIFF presenta 57 t\u00edtulos mexicanos, que incluyen 15 largometrajes y 42 cortometrajes. \u00a0<\/strong><\/li>\n<\/ul>\n<div>\u00a0Comprometido con el apoyo y la difusi\u00f3n del cine mexicano, el <strong>Festival Internacional de Cine Guanajuato (GIFF)<\/strong>\u00a0anuncia las pel\u00edculas mexicanas que estar\u00e1n dentro de su diversa programaci\u00f3n como parte de la Selecci\u00f3n Oficial de este a\u00f1o. La XXV edici\u00f3n del encuentro f\u00edlmico guanajuatense tendr\u00e1 lugar del 21 al 31 de Julio en Le\u00f3n, San Miguel de Allende e Irapuato, ofreciendo largometrajes y cortometrajes tanto de ficci\u00f3n como documentales, animaci\u00f3n, experimental y realidad virtual. Con una programaci\u00f3n ideal para todos los gustos, el festival manifiesta la gran variedad del talento que existe actualmente en la industria cinematogr\u00e1fica nacional, se proyectar\u00e1n un total de 57 t\u00edtulos mexicanos, que incluyen 15 largometrajes y 42 cortometrajes.\u00a0<br aria-hidden=\"true\" \/><br aria-hidden=\"true\" \/>La competencia nacional est\u00e1 conformada por una destacada mezcla de pel\u00edculas que representan el cine mexicano del momento. Estas cintas cuentan historias que reflejan la diversidad de puntos de vista ofrecida por los cineastas en nuestro pa\u00eds. Se exhibir\u00e1n 10 largometrajes y 21 cortometrajes participar\u00e1n en la Selecci\u00f3n Oficial M\u00e9xico y 13 t\u00edtulos en la Selecci\u00f3n Oficial Guanajuato.<br aria-hidden=\"true\" \/><br aria-hidden=\"true\" \/>Celebrando a nuestro cine y su riqueza creativa,\u00a0<strong>GIFF<\/strong>\u00a0anuncia los largometrajes mexicanos en competencia para su vig\u00e9simo quinta edici\u00f3n:<br aria-hidden=\"true\" \/><br aria-hidden=\"true\" \/><strong>Selecci\u00f3n Oficial Largometraje M\u00e9xico<\/strong><br aria-hidden=\"true\" \/><br aria-hidden=\"true\" \/><em>Breaking la vida,<\/em>\u00a0Dir. Abraham Escobedo-Salas, 2022, M\u00e9xico<br aria-hidden=\"true\" \/><em>Donde duermen los p\u00e1jaros,<\/em>\u00a0Dir. Alejandro Alatorre, 2021, M\u00e9xico<br aria-hidden=\"true\" \/><em>Ef\u00edmera,<\/em>\u00a0Dir. Luis Mariano Garc\u00eda, 2021, M\u00e9xico<br aria-hidden=\"true\" \/><em>El encierro vol. 1,<\/em>\u00a0Dir. Santiago F\u00e1bregas\/ Santiago Maza, 2021, M\u00e9xico\/Espa\u00f1a\/Argentina<br aria-hidden=\"true\" \/><em>La Vida es un Carnaval<\/em>, Dir. Fernando Colin Roque, 2021, M\u00e9xico\/Francia<br aria-hidden=\"true\" \/><em>Lo que dejamos atr\u00e1s,<\/em>\u00a0Dir. Iliana Sosa, 2022, M\u00e9xico\/Estados Unidos<br aria-hidden=\"true\" \/><em>No vayas a clase ma\u00f1ana,<\/em>\u00a0Dir. Diego Barragan, 2021, M\u00e9xico<br aria-hidden=\"true\" \/><em>Oliverio y la piscina,<\/em>\u00a0Dir. Arcadi Palerm Artis, 2021, M\u00e9xico<br aria-hidden=\"true\" \/><em>Roza<\/em>, Dir. Andr\u00e9s Rodr\u00edguez, 2021, Guatemala\/M\u00e9xico<br aria-hidden=\"true\" \/><em>Teorema de tiempo,<\/em>\u00a0Dir. Andr\u00e9s Kaiser, 2022, M\u00e9xico<br aria-hidden=\"true\" \/>\u00a0<br aria-hidden=\"true\" \/>Por otro lado, en esta edici\u00f3n,\u00a0<strong>GIFF<\/strong>\u00a0se complace en mostrar una amplia gama de cortometrajes nacionales; 21 t\u00edtulos que muestran un vasto panorama del quehacer cinematogr\u00e1fico en el pa\u00eds, la\u00a0<strong>Selecci\u00f3n Oficial Cortometraje M\u00e9xico\u00a0<\/strong>presenta los siguientes t\u00edtulos<strong>:<\/strong><br aria-hidden=\"true\" \/><br aria-hidden=\"true\" \/><em>1\/4 Ante Meridiem,<\/em>\u00a0Dir. Alex Noppel, 2022, M\u00e9xico<br aria-hidden=\"true\" \/><em>Avrocar<\/em>, Dir. Matthew Sanabria, 2022, M\u00e9xico<br aria-hidden=\"true\" \/><em>Cola de rata,<\/em>\u00a0Dir. Jos\u00e9 Armando Salomo Rosas, 2022, M\u00e9xico<br aria-hidden=\"true\" \/><em>Concertina,<\/em>\u00a0Dir. Gabriel Gonz\u00e1lez Acosta, 2021, M\u00e9xico<br aria-hidden=\"true\" \/><em>Corp\u00fasculo,<\/em>\u00a0Dir. L\u00e9a Soler, 2021, M\u00e9xico<br aria-hidden=\"true\" \/><em>De la nada,<\/em>\u00a0Dir. Pablo Balderas, 2022, M\u00e9xico<br aria-hidden=\"true\" \/><em>El a\u00f1o del radio,<\/em>\u00a0Dir. Samuel Kishi Leopo, 2022, M\u00e9xico<br aria-hidden=\"true\" \/><em>Exhumados,<\/em>\u00a0Dir. Rodrigo Moreno Esquivel, 2022, M\u00e9xico<br aria-hidden=\"true\" \/><em>Interior Seis,<\/em>\u00a0Dir. Mauricio S\u00e1nchez Arias, 2022, M\u00e9xico<br aria-hidden=\"true\" \/><em>Ir y Volver,<\/em>\u00a0Dir. Jos\u00e9 Permar, 2022, M\u00e9xico\/ B\u00e9lgica\/ Hungr\u00eda<br aria-hidden=\"true\" \/><em>La Bal\u00e1hna,<\/em>\u00a0Dir. X\u00f3chitl Enriquez Mendoza, 2022, M\u00e9xico<br aria-hidden=\"true\" \/><em>Llueve<\/em>, Dir. Magali Rocha Donnadieu\/ Carolina Corral Paredes, 2021, M\u00e9xico<br aria-hidden=\"true\" \/><em>Lux Noctis,<\/em>\u00a0Dir. Damiana Acu\u00f1a, 2021, Estados Unidos<br aria-hidden=\"true\" \/><em>No te ag\u00fcites<\/em>, Dir. Juan Vicente Manrique G\u00f3mez, 2021, M\u00e9xico\/ Venezuela<br aria-hidden=\"true\" \/><em>Noventa y dos l\u00e1grimas,<\/em>\u00a0Dir. Fernanda Camacho, 2021, M\u00e9xico<br aria-hidden=\"true\" \/><em>Para perecer<\/em>, Dir. Sebasti\u00e1n Grisales, 2022, M\u00e9xico<br aria-hidden=\"true\" \/><em>Pitbull,<\/em>\u00a0Dir. Fabi\u00e1n Le\u00f3n L\u00f3pez, 2022, M\u00e9xico<br aria-hidden=\"true\" \/><em>Reykjav\u00edk,<\/em>\u00a0Dir. Irving Uribe Nares, 2021, M\u00e9xico<br aria-hidden=\"true\" \/><em>Romper el pacto,<\/em>\u00a0Dir. Ianis Guerrero, 2022, M\u00e9xico<br aria-hidden=\"true\" \/><em>Tickle Where it Hurts,<\/em>\u00a0Dir. Esteban A. Catal\u00e1n, 2021, M\u00e9xico<br aria-hidden=\"true\" \/><em>Tigre, tigre,<\/em>\u00a0Dir. Mauricio S\u00e1enz-C\u00e1novas, 2022, M\u00e9xico<br aria-hidden=\"true\" \/>\u00a0<br aria-hidden=\"true\" \/>Como cada a\u00f1o,\u00a0<strong>la Selecci\u00f3n Oficial Guanajuato<\/strong>\u00a0ofrece una perspectiva del cine producido en nuestro estado, proyectando los cortometrajes guanajuatenses m\u00e1s destacados. En esta edici\u00f3n los cortometrajes que se mostrar\u00e1n son:<br aria-hidden=\"true\" \/><br aria-hidden=\"true\" \/><em>8.24.Cuarentay3<\/em>, Dir. Christian Cornejo, 2022, M\u00e9xico<br aria-hidden=\"true\" \/><em>Carlota,<\/em>\u00a0Dir. Malu Sol\u00eds, 2021, M\u00e9xico<br aria-hidden=\"true\" \/><em>El grillo,<\/em>\u00a0Dir. Carlos Hern\u00e1ndez V\u00e1zquez, 2021, M\u00e9xico<br aria-hidden=\"true\" \/><em>El Nidal,<\/em>\u00a0Dir. Ashley Todd Fell\/ Michael James Wright, 2021, M\u00e9xico<br aria-hidden=\"true\" \/><em>El \u00faltimo eslab\u00f3n,<\/em>\u00a0Dir. Gerardo Hern\u00e1ndez Contreras, 2021, M\u00e9xico<br aria-hidden=\"true\" \/><em>Hombrecito,<\/em>\u00a0Dir. Mario Mart\u00ednez Ch\u00e1vez, 2022, M\u00e9xico<br aria-hidden=\"true\" \/><em>Hoya,<\/em>\u00a0Dir. Mauricio Aguilar, 2022, M\u00e9xico<br aria-hidden=\"true\" \/><em>La Cuarta Puerta<\/em>, Dir. Hugo Maga\u00f1a, 2021, M\u00e9xico<br aria-hidden=\"true\" \/><em>La frontera,<\/em>\u00a0Dir. Christian Arredondo Narv\u00e1ez, 2022, M\u00e9xico<br aria-hidden=\"true\" \/><em>La Never\u00eda<\/em>, Dir. Alejandro Aguilera Pantoja, 2022, M\u00e9xico<br aria-hidden=\"true\" \/><em>Nights on Fire<\/em>, Dir. Andre Michel, 2022, M\u00e9xico<br aria-hidden=\"true\" \/><em>Serranilla,<\/em>\u00a0Dir. Nicol\u00e1s Guti\u00e9rrez Wenhammar, 2021, M\u00e9xico<br aria-hidden=\"true\" \/><em>Valtierra,<\/em>\u00a0Dir. Juan Pablo Elorriaga, 2021, M\u00e9xico<br aria-hidden=\"true\" \/>\u00a0<br aria-hidden=\"true\" \/>Asimismo, como parte de las competencias internacionales del evento, se proyectar\u00e1n los siguientes t\u00edtulos Mexicanos:<br aria-hidden=\"true\" \/><br aria-hidden=\"true\" \/><strong>Selecci\u00f3n Oficial Cortometraje Animaci\u00f3n<\/strong><br aria-hidden=\"true\" \/><em>We Are Here<\/em>, Dir. Dom\u00e9nica Castro\/ Constanza Castro, 2021, Estados Unidos\/ M\u00e9xico<br aria-hidden=\"true\" \/>\u00a0<br aria-hidden=\"true\" \/><strong>Selecci\u00f3n Oficial Cortometraje Experimental<\/strong><br aria-hidden=\"true\" \/><em>Tierra<\/em>, Dir. Fana Adjani, 2021, M\u00e9xico\/ Colombia\/ Estados Unidos<br aria-hidden=\"true\" \/>\u00a0<br aria-hidden=\"true\" \/><em>Tomorrow Is a Water Palace<\/em>, Dir. Juanita Onzaga, 2022, Colombia\/ M\u00e9xico\/ B\u00e9lgica\/ Italia<br aria-hidden=\"true\" \/>\u00a0<br aria-hidden=\"true\" \/><strong>Selecci\u00f3n Oficial Realidad Virtual<\/strong><br aria-hidden=\"true\" \/><em>Chemoc &#8221;La Danza del Chiq\u00fcin&#8221;<\/em>, Dir. Eduardo Toledo Tirado, 2021, M\u00e9xico<br aria-hidden=\"true\" \/>\u00a0<br aria-hidden=\"true\" \/><em>Cosmonaute 360 &#8211; Mission: RESCUE<\/em>, Dir. Jes\u00fas P\u00e9rez Irigoyen, 2022, M\u00e9xico<br aria-hidden=\"true\" \/>\u00a0<br aria-hidden=\"true\" \/><em>Terrestre,<\/em>\u00a0Dir. Adri\u00e1n Regnier Ch\u00e1vez, 2021, M\u00e9xico<br aria-hidden=\"true\" \/>\u00a0<br aria-hidden=\"true\" \/>Como parte de las distintas muestras especiales del GIFF, se podr\u00e1 adem\u00e1s apreciar una variedad de trabajos de procedencia mexicana:<br aria-hidden=\"true\" \/><br aria-hidden=\"true\" \/><strong>Mujeres en el Cine y la Televisi\u00f3n<\/strong><br aria-hidden=\"true\" \/><em>La Revuelta<\/em>, Dir. Lucero Gonz\u00e1lez, 2022, M\u00e9xico<br aria-hidden=\"true\" \/>\u00a0<br aria-hidden=\"true\" \/><strong>Muestra Especial<\/strong><br aria-hidden=\"true\" \/><em>100 Ways to Cross the Border<\/em>, Dir. Amber Bay Bemak, 2022, Estados Unidos\/ M\u00e9xico<br aria-hidden=\"true\" \/>\u00a0<br aria-hidden=\"true\" \/><em>Home is Somewhere Else<\/em>, Dir. Carlos Hagerman\/ Jorge Villalobos, 2022, M\u00e9xico\/ Estados Unidos<br aria-hidden=\"true\" \/>\u00a0<br aria-hidden=\"true\" \/><em>What&#8217;s in a Name<\/em>, Dir. Jon Tracy, 2021, Estados Unidos\/ M\u00e9xico<br aria-hidden=\"true\" \/>\u00a0<br aria-hidden=\"true\" \/><strong>Ni\u00f1os en Acci\u00f3n<\/strong><br aria-hidden=\"true\" \/><em>Uma &amp; Haggen,<\/em>\u00a0Dir. Benito Fern\u00e1ndez, 2022, M\u00e9xico<br aria-hidden=\"true\" \/>\u00a0<br aria-hidden=\"true\" \/><em>El cuervo y el venado<\/em>, Dir. Mauricio Calder\u00f3n Rico, 2021, M\u00e9xico<br aria-hidden=\"true\" \/>\u00a0<br aria-hidden=\"true\" \/><em>Mi abuela Matilde<\/em>, Dir. Miguel Anaya Borja, 2021, M\u00e9xico<br aria-hidden=\"true\" \/><\/div>\n<p>[\/fusion_text][fusion_imageframe image_id=&#8221;45015|medium&#8221; max_width=&#8221;&#8221; style_type=&#8221;&#8221; blur=&#8221;&#8221; stylecolor=&#8221;&#8221; hover_type=&#8221;none&#8221; bordersize=&#8221;&#8221; bordercolor=&#8221;&#8221; borderradius=&#8221;&#8221; align=&#8221;none&#8221; lightbox=&#8221;no&#8221; gallery_id=&#8221;&#8221; lightbox_image=&#8221;&#8221; lightbox_image_id=&#8221;&#8221; alt=&#8221;&#8221; link=&#8221;&#8221; linktarget=&#8221;_self&#8221; hide_on_mobile=&#8221;small-visibility,medium-visibility,large-visibility&#8221; class=&#8221;&#8221; id=&#8221;&#8221; animation_type=&#8221;&#8221; animation_direction=&#8221;left&#8221; animation_speed=&#8221;0.3&#8243; animation_offset=&#8221;&#8221;]https:\/\/www.bitacoracdmx.com\/wp-content\/uploads\/2022\/07\/290883251_2187707281388637_6262300264309274215_n-300&#215;169.jpg[\/fusion_imageframe][\/fusion_builder_column][\/fusion_builder_row][\/fusion_builder_container]<\/p>\n","protected":false},"excerpt":{"rendered":"<p>[fusion_builder_container hundred_percent=&#8221;no&#8221; equal_height_columns=&#8221;no&#8221; menu_anchor=&#8221;&#8221; hide_on_mobile=&#8221;small-visibility,medium-visibility,large-visibility&#8221; class=&#8221;&#8221; id=&#8221;&#8221; background_color=&#8221;&#8221; background_image=&#8221;&#8221; background_position=&#8221;center center&#8221; background_repeat=&#8221;no-repeat&#8221; fade=&#8221;no&#8221; background_parallax=&#8221;none&#8221; parallax_speed=&#8221;0.3&#8243; video_mp4=&#8221;&#8221; video_webm=&#8221;&#8221; video_ogv=&#8221;&#8221; video_url=&#8221;&#8221; video_aspect_ratio=&#8221;16:9&#8243; video_loop=&#8221;yes&#8221; video_mute=&#8221;yes&#8221; overlay_color=&#8221;&#8221; video_preview_image=&#8221;&#8221; border_size=&#8221;&#8221; border_color=&#8221;&#8221; border_style=&#8221;solid&#8221; padding_top=&#8221;&#8221; padding_bottom=&#8221;&#8221; padding_left=&#8221;&#8221; padding_right=&#8221;&#8221;][fusion_builder_row][fusion_builder_column type=&#8221;1_1&#8243; layout=&#8221;1_1&#8243; background_position=&#8221;left top&#8221; background_color=&#8221;&#8221; border_size=&#8221;&#8221; border_color=&#8221;&#8221; border_style=&#8221;solid&#8221; border_position=&#8221;all&#8221; spacing=&#8221;yes&#8221; background_image=&#8221;&#8221; background_repeat=&#8221;no-repeat&#8221; padding_top=&#8221;&#8221; padding_right=&#8221;&#8221; padding_bottom=&#8221;&#8221; padding_left=&#8221;&#8221; margin_top=&#8221;0px&#8221; margin_bottom=&#8221;0px&#8221; class=&#8221;&#8221; id=&#8221;&#8221; animation_type=&#8221;&#8221; animation_speed=&#8221;0.3&#8243; animation_direction=&#8221;left&#8221; hide_on_mobile=&#8221;small-visibility,medium-visibility,large-visibility&#8221; center_content=&#8221;no&#8221; last=&#8221;no&#8221; min_height=&#8221;&#8221; hover_type=&#8221;none&#8221; link=&#8221;&#8221;][fusion_text] REDACCI\u00d3N El Festival Internacional de Cine Guanajuato presenta los largometrajes y cortometrajes mexicanos que integran las distintas secciones de la Selecci\u00f3n Oficial de su 25\u00aa edici\u00f3n. El GIFF presenta 57 t\u00edtulos mexicanos, que incluyen 15 largometrajes y 42 cortometrajes. \u00a0 [&hellip;]<\/p>\n","protected":false},"author":1,"featured_media":45015,"comment_status":"open","ping_status":"open","sticky":false,"template":"","format":"standard","meta":{"footnotes":""},"categories":[3,9],"tags":[],"_links":{"self":[{"href":"https:\/\/www.bitacoracdmx.com\/index.php?rest_route=\/wp\/v2\/posts\/45014"}],"collection":[{"href":"https:\/\/www.bitacoracdmx.com\/index.php?rest_route=\/wp\/v2\/posts"}],"about":[{"href":"https:\/\/www.bitacoracdmx.com\/index.php?rest_route=\/wp\/v2\/types\/post"}],"author":[{"embeddable":true,"href":"https:\/\/www.bitacoracdmx.com\/index.php?rest_route=\/wp\/v2\/users\/1"}],"replies":[{"embeddable":true,"href":"https:\/\/www.bitacoracdmx.com\/index.php?rest_route=%2Fwp%2Fv2%2Fcomments&post=45014"}],"version-history":[{"count":1,"href":"https:\/\/www.bitacoracdmx.com\/index.php?rest_route=\/wp\/v2\/posts\/45014\/revisions"}],"predecessor-version":[{"id":45016,"href":"https:\/\/www.bitacoracdmx.com\/index.php?rest_route=\/wp\/v2\/posts\/45014\/revisions\/45016"}],"wp:featuredmedia":[{"embeddable":true,"href":"https:\/\/www.bitacoracdmx.com\/index.php?rest_route=\/wp\/v2\/media\/45015"}],"wp:attachment":[{"href":"https:\/\/www.bitacoracdmx.com\/index.php?rest_route=%2Fwp%2Fv2%2Fmedia&parent=45014"}],"wp:term":[{"taxonomy":"category","embeddable":true,"href":"https:\/\/www.bitacoracdmx.com\/index.php?rest_route=%2Fwp%2Fv2%2Fcategories&post=45014"},{"taxonomy":"post_tag","embeddable":true,"href":"https:\/\/www.bitacoracdmx.com\/index.php?rest_route=%2Fwp%2Fv2%2Ftags&post=45014"}],"curies":[{"name":"wp","href":"https:\/\/api.w.org\/{rel}","templated":true}]}}