{"id":45459,"date":"2022-07-23T17:38:03","date_gmt":"2022-07-23T17:38:03","guid":{"rendered":"https:\/\/www.bitacoracdmx.com\/?p=45459"},"modified":"2022-07-23T17:38:03","modified_gmt":"2022-07-23T17:38:03","slug":"giff-conmemora-la-trayectoria-de-la-inigualable-actriz-adriana-barraza","status":"publish","type":"post","link":"https:\/\/www.bitacoracdmx.com\/?p=45459","title":{"rendered":"GIFF conmemora la trayectoria de la inigualable actriz Adriana Barraza"},"content":{"rendered":"<p>[fusion_builder_container hundred_percent=&#8221;no&#8221; equal_height_columns=&#8221;no&#8221; menu_anchor=&#8221;&#8221; hide_on_mobile=&#8221;small-visibility,medium-visibility,large-visibility&#8221; class=&#8221;&#8221; id=&#8221;&#8221; background_color=&#8221;&#8221; background_image=&#8221;&#8221; background_position=&#8221;center center&#8221; background_repeat=&#8221;no-repeat&#8221; fade=&#8221;no&#8221; background_parallax=&#8221;none&#8221; parallax_speed=&#8221;0.3&#8243; video_mp4=&#8221;&#8221; video_webm=&#8221;&#8221; video_ogv=&#8221;&#8221; video_url=&#8221;&#8221; video_aspect_ratio=&#8221;16:9&#8243; video_loop=&#8221;yes&#8221; video_mute=&#8221;yes&#8221; overlay_color=&#8221;&#8221; video_preview_image=&#8221;&#8221; border_size=&#8221;&#8221; border_color=&#8221;&#8221; border_style=&#8221;solid&#8221; padding_top=&#8221;&#8221; padding_bottom=&#8221;&#8221; padding_left=&#8221;&#8221; padding_right=&#8221;&#8221;][fusion_builder_row][fusion_builder_column type=&#8221;1_1&#8243; layout=&#8221;1_1&#8243; background_position=&#8221;left top&#8221; background_color=&#8221;&#8221; border_size=&#8221;&#8221; border_color=&#8221;&#8221; border_style=&#8221;solid&#8221; border_position=&#8221;all&#8221; spacing=&#8221;yes&#8221; background_image=&#8221;&#8221; background_repeat=&#8221;no-repeat&#8221; padding_top=&#8221;&#8221; padding_right=&#8221;&#8221; padding_bottom=&#8221;&#8221; padding_left=&#8221;&#8221; margin_top=&#8221;0px&#8221; margin_bottom=&#8221;0px&#8221; class=&#8221;&#8221; id=&#8221;&#8221; animation_type=&#8221;&#8221; animation_speed=&#8221;0.3&#8243; animation_direction=&#8221;left&#8221; hide_on_mobile=&#8221;small-visibility,medium-visibility,large-visibility&#8221; center_content=&#8221;no&#8221; last=&#8221;no&#8221; min_height=&#8221;&#8221; hover_type=&#8221;none&#8221; link=&#8221;&#8221;][fusion_text]<\/p>\n<p>REDACCI\u00d3N<\/p>\n<h3 class=\"x_null\">\u2022\u00a0 GIFF inaugura su vig\u00e9simo quinto aniversario rindiendo homenaje a la reconocida actriz Adriana Barraza con un reconocimiento por sus 50 a\u00f1os de carrera, donde recibi\u00f3 la Cruz de Plata del GIFF y la Medalla de la Filmoteca de la UNAM.<\/h3>\n<p>El Festival Internacional de Cine Guanajuato inicia la celebraci\u00f3n de su edici\u00f3n n\u00famero 25 en el Teatro del Bicentenario en Le\u00f3n, Guanajuato, donde se dio el banderazo inicial de sus actividades, que del 21 al 31 de julio honran el arte, la cultura y la innovaci\u00f3n, en una lucha incansable por abrir espacios y conectar los sentidos de sus visitantes locales, nacionales e internacionales con el s\u00e9ptimo arte.<\/p>\n<p>En la Ceremonia Inaugural se vivi\u00f3 un espacio de festividad y reconocimiento de la larga trayectoria de esta plataforma, que desde hace un cuarto de siglo ha propiciado la expresi\u00f3n del ingenio, el talento y la inteligencia humana a partir de la formaci\u00f3n y exhibici\u00f3n de la creatividad nutriendo la industria cinematogr\u00e1fica nacional y mundial.<\/p>\n<p>La alfombra roja se engalan\u00f3 con la participaci\u00f3n de 25 dise\u00f1adoras y dise\u00f1adores originarios de distintas localidades de Guanajuato, como parte del\u00a0<em>Project Glamour,\u00a0<\/em>quienes con sus dise\u00f1os demostraron su gran talento y apuesta vanguardista en la moda. Y de igual forma, se dieron cita reconocidas figuras de la industria cinematogr\u00e1fica nacional e internacional como Julio Bracho, Carlos Bolado, Hoze Mel\u00e9ndez, Dana Karveras, Kenji Kishi, Mariana Torres, Floor van der Meulen, Saralisa Volm y Carlos Bolado, entre otros.<\/p>\n<p>En una gala conducida por Pepe B\u00e1ez y Ver\u00f3nica Agundis se dio espacio para que las autoridades locales, estatales y nacionales reconocieran la gran labor del GIFF como un festival que apuesta tanto por la formaci\u00f3n como por la exhibici\u00f3n del cine nacional, y se resalt\u00f3 el gran compromiso social con el que desde hace m\u00e1s de dos d\u00e9cadas, ha forjado un espacio de di\u00e1logo e interacci\u00f3n con el arte y la cultura.<\/p>\n<p>Los actores Jorge Sosa y Ram\u00f3n Medina fueron los encargados de acompa\u00f1arnos en un recorrido por las 25 ediciones de lo que comenz\u00f3 como la muestra Expresi\u00f3n en corto, que a partir del 2011 cambiar\u00eda su nombre a lo que hoy conocemos como el Guanajuato International Film Festival. La directora ejecutiva y fundadora del GIFF, Sarah Hoch se dio un momento para agradecer a todas las personas que han hecho posible este magno evento desde sus inicios y a los que hasta hoy siguen apostando por un crecimiento propositivo.<\/p>\n<p>Siguiendo con la celebraci\u00f3n, se dio espacio a las palabras de Arcelia Ram\u00edrez y Kristyan Ferrer quienes con mucho entusiasmo se sumaron a este homenaje y recibieron entre aplausos a la actriz, directora, profesora, madre, mujer y activista homenajeada; dando lugar a un mensaje video grabado del cineasta Alejandro Gonz\u00e1lez I\u00f1\u00e1rritu, en el que celebr\u00f3 el reconocimiento y la oportunidad de haber colaborado con la actriz en sus largometrajes<em>\u00a0Amores Perros<\/em>\u00a0y\u00a0<em>Babel<\/em>. Posteriormente se rememoraron sus trabajos m\u00e1s emblem\u00e1ticos con un emotivo video, a lo que la actriz, entre lagrimas, se dijo agradecida con el GIFF por \u201cdarle al cine mexicano y al cine mundial la apertura, para ser cuna de los que vienen, cuna de los que ahorita est\u00e1n so\u00f1ando con un d\u00eda ser cineasta\u201d.<\/p>\n<p>Sarah Hoch, acompa\u00f1ada de Hugo Villa, director de la Filmoteca de la UNAM, otorgaron los reconocimiento de la Cruz de Plata del GIFF y la Medalla de la Filmoteca, respectivamente. Reconocimientos que honran a las personas que por su trayectoria, actividades e intervenci\u00f3n en el mundo de la cinematograf\u00eda, han contribuido a enriquecer el patrimonio f\u00edlmico mundial.<\/p>\n<p>Adriana Barraza cuenta con una vasta trayectoria de m\u00e1s de 60 producciones en cine y televisi\u00f3n, donde destaca sus interpretaciones en pel\u00edculas como\u00a0<em>Amores perros<\/em>,\u00a0<em>Babel<\/em>,\u00a0<em>Todo lo dem\u00e1s<\/em>,\u00a0<em>From Prada to Nada<\/em>,\u00a0<em>Guten tag, Ram<\/em><em>\u00f3n<\/em>,\u00a0<em>Cake<\/em>,\u00a0<em>Drag Me to Hell<\/em>,\u00a0<em>We Can Be Heroes<\/em><em>, Rambo Last Blood, entre otras.<\/em>\u00a0Cuenta con m\u00e1s de 25 nominaciones en premiaciones y festivales de M\u00e9xico y el extranjero. Entre los que destaca su nominaci\u00f3n al Oscar<em>\u00a0<\/em>y al Golden Globe para Mejor Actriz de Reparto por\u00a0<em>Babel<\/em>, el Ariel para Mejor Actuaci\u00f3n Femenina por\u00a0<em>Todo lo dem\u00e1s<\/em>\u00a0y el Premio Platino Honor\u00edfico.<\/p>\n<p>Para finalizar con esta ceremonia inaugural, los actores Aar\u00f3n Balderi y Hugo Catal\u00e1n, pidieron la presencia del compositor musical Kenji Kishi en el escenario, quien present\u00f3 la proyecci\u00f3n del cortometraje animado\u00a0<em>El a\u00f1o del radio,\u00a0<\/em>dirigido por el cineasta tapat\u00edo, Samuel Kishi. Dando paso al comienzo de las actividades que celebran el aniversario de plata de uno de los festivales m\u00e1s importantes de Latinoam\u00e9rica.<\/p>\n<p>Adem\u00e1s de este reconocimiento, Adriana Barraza otorgar\u00e1 una conferencia magistral abierta al p\u00fablico, el 22 de julio a las 15 hrs en el Auditorio Mateo Herrera de la ciudad de Le\u00f3n. Y se tendr\u00e1n proyecciones especiales de\u00a0<em>Babel\u00a0<\/em>el 22 de julio a las 21 hrs en Cinemex Stadium<em>, Bingo Hell\u00a0<\/em>como parte del programa de Cine entre muertos,<em>\u00a0<\/em>el 22 de julio a las 23 hrs en el Pante\u00f3n de San Nicol\u00e1s de Le\u00f3n y\u00a0<em>Todo lo dem\u00e1s\u00a0<\/em>el 26 de julio a las 21 hrs en el Teatro Santa Ana de San Miguel de Allende.<\/p>\n<p>[\/fusion_text][fusion_imageframe image_id=&#8221;45460|medium&#8221; max_width=&#8221;&#8221; style_type=&#8221;&#8221; blur=&#8221;&#8221; stylecolor=&#8221;&#8221; hover_type=&#8221;none&#8221; bordersize=&#8221;&#8221; bordercolor=&#8221;&#8221; borderradius=&#8221;&#8221; align=&#8221;none&#8221; lightbox=&#8221;no&#8221; gallery_id=&#8221;&#8221; lightbox_image=&#8221;&#8221; lightbox_image_id=&#8221;&#8221; alt=&#8221;&#8221; link=&#8221;&#8221; linktarget=&#8221;_self&#8221; hide_on_mobile=&#8221;small-visibility,medium-visibility,large-visibility&#8221; class=&#8221;&#8221; id=&#8221;&#8221; animation_type=&#8221;&#8221; animation_direction=&#8221;left&#8221; animation_speed=&#8221;0.3&#8243; animation_offset=&#8221;&#8221;]https:\/\/www.bitacoracdmx.com\/wp-content\/uploads\/2022\/07\/2ed31acf-fc22-97e8-8255-8cd5907ac900-200&#215;300.jpg[\/fusion_imageframe][\/fusion_builder_column][\/fusion_builder_row][\/fusion_builder_container]<\/p>\n","protected":false},"excerpt":{"rendered":"<p>[fusion_builder_container hundred_percent=&#8221;no&#8221; equal_height_columns=&#8221;no&#8221; menu_anchor=&#8221;&#8221; hide_on_mobile=&#8221;small-visibility,medium-visibility,large-visibility&#8221; class=&#8221;&#8221; id=&#8221;&#8221; background_color=&#8221;&#8221; background_image=&#8221;&#8221; background_position=&#8221;center center&#8221; background_repeat=&#8221;no-repeat&#8221; fade=&#8221;no&#8221; background_parallax=&#8221;none&#8221; parallax_speed=&#8221;0.3&#8243; video_mp4=&#8221;&#8221; video_webm=&#8221;&#8221; video_ogv=&#8221;&#8221; video_url=&#8221;&#8221; video_aspect_ratio=&#8221;16:9&#8243; video_loop=&#8221;yes&#8221; video_mute=&#8221;yes&#8221; overlay_color=&#8221;&#8221; video_preview_image=&#8221;&#8221; border_size=&#8221;&#8221; border_color=&#8221;&#8221; border_style=&#8221;solid&#8221; padding_top=&#8221;&#8221; padding_bottom=&#8221;&#8221; padding_left=&#8221;&#8221; padding_right=&#8221;&#8221;][fusion_builder_row][fusion_builder_column type=&#8221;1_1&#8243; layout=&#8221;1_1&#8243; background_position=&#8221;left top&#8221; background_color=&#8221;&#8221; border_size=&#8221;&#8221; border_color=&#8221;&#8221; border_style=&#8221;solid&#8221; border_position=&#8221;all&#8221; spacing=&#8221;yes&#8221; background_image=&#8221;&#8221; background_repeat=&#8221;no-repeat&#8221; padding_top=&#8221;&#8221; padding_right=&#8221;&#8221; padding_bottom=&#8221;&#8221; padding_left=&#8221;&#8221; margin_top=&#8221;0px&#8221; margin_bottom=&#8221;0px&#8221; class=&#8221;&#8221; id=&#8221;&#8221; animation_type=&#8221;&#8221; animation_speed=&#8221;0.3&#8243; animation_direction=&#8221;left&#8221; hide_on_mobile=&#8221;small-visibility,medium-visibility,large-visibility&#8221; center_content=&#8221;no&#8221; last=&#8221;no&#8221; min_height=&#8221;&#8221; hover_type=&#8221;none&#8221; link=&#8221;&#8221;][fusion_text] REDACCI\u00d3N \u2022\u00a0 GIFF inaugura su vig\u00e9simo quinto aniversario rindiendo homenaje a la reconocida actriz Adriana Barraza con un reconocimiento por sus 50 a\u00f1os de carrera, donde recibi\u00f3 la Cruz de Plata del GIFF y la Medalla de la Filmoteca de [&hellip;]<\/p>\n","protected":false},"author":1,"featured_media":45460,"comment_status":"open","ping_status":"open","sticky":false,"template":"","format":"standard","meta":{"footnotes":""},"categories":[3,9],"tags":[],"_links":{"self":[{"href":"https:\/\/www.bitacoracdmx.com\/index.php?rest_route=\/wp\/v2\/posts\/45459"}],"collection":[{"href":"https:\/\/www.bitacoracdmx.com\/index.php?rest_route=\/wp\/v2\/posts"}],"about":[{"href":"https:\/\/www.bitacoracdmx.com\/index.php?rest_route=\/wp\/v2\/types\/post"}],"author":[{"embeddable":true,"href":"https:\/\/www.bitacoracdmx.com\/index.php?rest_route=\/wp\/v2\/users\/1"}],"replies":[{"embeddable":true,"href":"https:\/\/www.bitacoracdmx.com\/index.php?rest_route=%2Fwp%2Fv2%2Fcomments&post=45459"}],"version-history":[{"count":1,"href":"https:\/\/www.bitacoracdmx.com\/index.php?rest_route=\/wp\/v2\/posts\/45459\/revisions"}],"predecessor-version":[{"id":45461,"href":"https:\/\/www.bitacoracdmx.com\/index.php?rest_route=\/wp\/v2\/posts\/45459\/revisions\/45461"}],"wp:featuredmedia":[{"embeddable":true,"href":"https:\/\/www.bitacoracdmx.com\/index.php?rest_route=\/wp\/v2\/media\/45460"}],"wp:attachment":[{"href":"https:\/\/www.bitacoracdmx.com\/index.php?rest_route=%2Fwp%2Fv2%2Fmedia&parent=45459"}],"wp:term":[{"taxonomy":"category","embeddable":true,"href":"https:\/\/www.bitacoracdmx.com\/index.php?rest_route=%2Fwp%2Fv2%2Fcategories&post=45459"},{"taxonomy":"post_tag","embeddable":true,"href":"https:\/\/www.bitacoracdmx.com\/index.php?rest_route=%2Fwp%2Fv2%2Ftags&post=45459"}],"curies":[{"name":"wp","href":"https:\/\/api.w.org\/{rel}","templated":true}]}}