{"id":45465,"date":"2022-07-23T18:02:33","date_gmt":"2022-07-23T18:02:33","guid":{"rendered":"https:\/\/www.bitacoracdmx.com\/?p=45465"},"modified":"2022-07-23T18:02:33","modified_gmt":"2022-07-23T18:02:33","slug":"silvia-karmen-regresan-al-lunario-del-auditorio-nacional-para-presentar-su-disco-no-tenemos-prisa-2","status":"publish","type":"post","link":"https:\/\/www.bitacoracdmx.com\/?p=45465","title":{"rendered":"SILVIA &#038; KARMEN regresan al LUNARIO DEL AUDITORIO NACIONAL para presentar su disco \u201cNO TENEMOS PRISA\u201d"},"content":{"rendered":"<p>[fusion_builder_container hundred_percent=&#8221;no&#8221; equal_height_columns=&#8221;no&#8221; menu_anchor=&#8221;&#8221; hide_on_mobile=&#8221;small-visibility,medium-visibility,large-visibility&#8221; class=&#8221;&#8221; id=&#8221;&#8221; background_color=&#8221;&#8221; background_image=&#8221;&#8221; background_position=&#8221;center center&#8221; background_repeat=&#8221;no-repeat&#8221; fade=&#8221;no&#8221; background_parallax=&#8221;none&#8221; parallax_speed=&#8221;0.3&#8243; video_mp4=&#8221;&#8221; video_webm=&#8221;&#8221; video_ogv=&#8221;&#8221; video_url=&#8221;&#8221; video_aspect_ratio=&#8221;16:9&#8243; video_loop=&#8221;yes&#8221; video_mute=&#8221;yes&#8221; overlay_color=&#8221;&#8221; video_preview_image=&#8221;&#8221; border_size=&#8221;&#8221; border_color=&#8221;&#8221; border_style=&#8221;solid&#8221; padding_top=&#8221;&#8221; padding_bottom=&#8221;&#8221; padding_left=&#8221;&#8221; padding_right=&#8221;&#8221;][fusion_builder_row][fusion_builder_column type=&#8221;1_1&#8243; layout=&#8221;1_1&#8243; background_position=&#8221;left top&#8221; background_color=&#8221;&#8221; border_size=&#8221;&#8221; border_color=&#8221;&#8221; border_style=&#8221;solid&#8221; border_position=&#8221;all&#8221; spacing=&#8221;yes&#8221; background_image=&#8221;&#8221; background_repeat=&#8221;no-repeat&#8221; padding_top=&#8221;&#8221; padding_right=&#8221;&#8221; padding_bottom=&#8221;&#8221; padding_left=&#8221;&#8221; margin_top=&#8221;0px&#8221; margin_bottom=&#8221;0px&#8221; class=&#8221;&#8221; id=&#8221;&#8221; animation_type=&#8221;&#8221; animation_speed=&#8221;0.3&#8243; animation_direction=&#8221;left&#8221; hide_on_mobile=&#8221;small-visibility,medium-visibility,large-visibility&#8221; center_content=&#8221;no&#8221; last=&#8221;no&#8221; min_height=&#8221;&#8221; hover_type=&#8221;none&#8221; link=&#8221;&#8221;][fusion_text]<\/p>\n<p>REDACCI\u00d3N<\/p>\n<p><b><i>*Se presentar\u00e1n este Jueves 28 de Julio de 2022 en el Lunario del Auditorio Nacional a partir de las ocho de la noche<\/i><\/b><\/p>\n<p><b><i>*Boletos a la venta en el Sistema Ticketmaster y en las taquillas del Lunario<\/i><\/b><\/p>\n<p><b>Silvia &amp; Karmen regresan al Lunario este 28 de Julio para presentar su m\u00e1s reciente \u00e1lbum \u201cNo tenemos prisa\u201d, producido por ellas mismas en casa durante la cuarentena, explorando as\u00ed su multi instrumentalismo y permeando las canciones de esa manera tan \u00fanica en la que ellas entienden la m\u00fasica. Este ser\u00e1 un gran concierto dedicado al amor, al desamor, a la introspecci\u00f3n y al crecimiento emocional y personal, en el que estar\u00e1n rodeadas de grandes m\u00fasicos, prometiendo que ser\u00e1 su mejor espect\u00e1culo hasta el momento. Boletos a la venta en el Sistema Ticketmaster y en taquillas del Lunario.<\/b><\/p>\n<p><b>Ser\u00e1 la segunda vez que presentan un \u00e1lbum contando el concierto virtual de ex Becarios Mar\u00eda Grever y con esta ocasi\u00f3n ser\u00eda su tercera vez que montan un concierto en el Lunario del Auditorio Nacional. Entre sus m\u00faltiples logros, Silvia &amp; Karmen han hecho algunas participaciones con otros artistas como Griss Romero, Kika Edgar, Samo y han abierto los conciertos de Rosana. Siempre han sentido que una parte importante de la magia que tiene este escenario es gracias a la energ\u00eda que va dejando cada gran artista que se ha presentado y se sienten muy afortunadas de poder llevar su m\u00fasica al Lunario del Auditorio Nacional este Jueves 28 de Julio de 2022.<\/b><\/p>\n<p><b>Entre las sorpresas que se reservan para esta gran noche, se puede adelantar que contar\u00e1n con la presencia de Griss Romero, Escarlata y Eleonor como invitadas especiales, con quienes comparten colaboraciones en este disco y adem\u00e1s estar\u00e1n rodeadas de grandes m\u00fasicos para dar vida al universo sonoro de \u201cNo tenemos prisa\u201d, lo que hace de \u00e9ste un evento imperdible.<\/b><\/p>\n<p><b>Silvia Siu y Carmen Parroqu\u00edn (Silvia &amp; Karmen) son unas cantautoras y multi instrumentistas originarias del estado de Veracruz. Se conocen por obra del destino un 23 de octubre de 2009, cuando les toca compartir escenario en un bar del centro de Xalapa, de la manera m\u00e1s aleatoria posible. Desde esa misma tarde unen sus voces en dueto para nunca m\u00e1s separarse. Teniendo 17 y 20 a\u00f1os respectivamente, comienzan a trabajar en todos los caf\u00e9s y bares que les dieran la oportunidad de compartir su m\u00fasica en la ciudad de Xalapa.<\/b><\/p>\n<p><b>En el 2013 materializan su primer \u00e1lbum titulado \u201cVoy a Atreverme\u201d, realizado al m\u00e1s puro estilo indie: grabado en vivo en una caba\u00f1a. Este disco las lleva a ganar un concurso para presentarse en uno de los escenarios m\u00e1s importantes de su estado, el Festival Cumbre Taj\u00edn, como teloneras de Regina Spektor y Pet Shop Boys. Gracias a esta exposici\u00f3n, posteriormente son seleccionadas para componer e interpretar el tema oficial de los Juegos Centroamericanos y del Caribe Veracruz 2014. En ese mismo a\u00f1o deciden trasladar su residencia a la Ciudad de M\u00e9xico en busca de m\u00e1s y mejores oportunidades para su proyecto.<\/b><\/p>\n<p><b>Su gusto por la composici\u00f3n las lleva a aplicar para la Beca Mar\u00eda Grever para composici\u00f3n de la Canci\u00f3n Popular Mexicana, otorgada por el Auditorio Nacional, misma que ganan en el 2015. Como parte de dicha beca, reciben asesor\u00edas de los grandes y multipremiados compositores como Guillermo M\u00e9ndez Gui\u00fa y Gil Rivera.<\/b><\/p>\n<p><b>El segundo \u00e1lbum de Silvia &amp; Karmen titulado \u201cSeremos Gigantes\u201d es lanzado en dos entregas: Lado A (2017) y Lado B (2018), y presentado con gran \u00e9xito en el Lunario del Auditorio Nacional en noviembre del 2018. De este disco se desprende la canci\u00f3n emblem\u00e1tica del dueto \u201c\u00bfMe regalas un ratito?\u201d. Despu\u00e9s de una exitosa gira \u00edntima (La Gira Secreta) por la Rep\u00fablica Mexicana durante el 2019, la pandemia las llev\u00f3 de vuelta a Xalapa donde, encerradas en su home studio, se dedican a estudiar arreglo, producci\u00f3n musical y mezcla de audio para tener la capacidad de autoproducir su tercer material discogr\u00e1fico.\u00a0<\/b><\/p>\n<p><b>\u201cNo tenemos prisa\u201d es publicado el 18 de marzo de 2022, un disco que compila los nueve sencillos lanzados por el dueto durante los tiempos pand\u00e9micos, e incorpora cuatro tracks m\u00e1s en un formato experimental al que denominan microcanci\u00f3n. Este es, sin duda, un disco muy personal, ya que es el resultado de horas de experimentaci\u00f3n en su laboratorio musical. Resaltan los sonidos de sintetizadores, instrumentos virtuales y drum machines adaptados a ritmos latinos, as\u00ed como los sampleos de sonidos cotidianos y procesadores de voz.<\/b><\/p>\n<p><b>Todos los instrumentos de la mayor\u00eda de los tracks son ejecutados por ellas mismas, explorando as\u00ed su multi instrumentalismo y permeando las canciones de esa manera tan \u00fanica en que Silvia &amp; Karmen entienden la m\u00fasica. Las composiciones del dueto siempre han sido hasta cierto punto autobiogr\u00e1ficas, observando sus propias vivencias y experiencias y este \u00e1lbum no es la excepci\u00f3n: est\u00e1 dedicado al amor, al desamor, a la introspecci\u00f3n y al crecimiento emocional y personal.<\/b><\/p>\n<p><b>Silvia &amp; Karmen se presentar\u00e1n en una noche muy especial este Jueves 28 de Julio de 2022 en el Lunario del Auditorio Nacional a partir de las ocho de la noche. Boletos a la venta en el Sistema Ticketmaster y en las taquillas del Lunario. \u00a0<\/b><\/p>\n<p><b>REDES SOCIALES:<\/b><\/p>\n<p><b><a href=\"https:\/\/www.facebook.com\/silviaykarmen\" target=\"_blank\" rel=\"noopener noreferrer\" data-auth=\"NotApplicable\" data-linkindex=\"6\">https:\/\/www.facebook.com\/silviaykarmen<\/a><\/b><\/p>\n<p><b><a href=\"https:\/\/www.instagram.com\/silviaykarmen\/\" target=\"_blank\" rel=\"noopener noreferrer\" data-auth=\"NotApplicable\" data-linkindex=\"7\">https:\/\/www.instagram.com\/silviaykarmen\/<\/a><\/b><\/p>\n<p><b><a href=\"https:\/\/twitter.com\/silviaykarmen\" target=\"_blank\" rel=\"noopener noreferrer\" data-auth=\"NotApplicable\" data-linkindex=\"8\">https:\/\/twitter.com\/silviaykarmen<\/a>\u00a0<\/b><\/p>\n<p>[\/fusion_text][fusion_imageframe image_id=&#8221;44850|medium&#8221; max_width=&#8221;&#8221; style_type=&#8221;&#8221; blur=&#8221;&#8221; stylecolor=&#8221;&#8221; hover_type=&#8221;none&#8221; bordersize=&#8221;&#8221; bordercolor=&#8221;&#8221; borderradius=&#8221;&#8221; align=&#8221;none&#8221; lightbox=&#8221;no&#8221; gallery_id=&#8221;&#8221; lightbox_image=&#8221;&#8221; lightbox_image_id=&#8221;&#8221; alt=&#8221;&#8221; link=&#8221;&#8221; linktarget=&#8221;_self&#8221; hide_on_mobile=&#8221;small-visibility,medium-visibility,large-visibility&#8221; class=&#8221;&#8221; id=&#8221;&#8221; animation_type=&#8221;&#8221; animation_direction=&#8221;left&#8221; animation_speed=&#8221;0.3&#8243; animation_offset=&#8221;&#8221;]https:\/\/www.bitacoracdmx.com\/wp-content\/uploads\/2022\/06\/SILVIA-KARMEN-LUNARIO-CARTEL-194&#215;300.jpg[\/fusion_imageframe][\/fusion_builder_column][\/fusion_builder_row][\/fusion_builder_container]<\/p>\n","protected":false},"excerpt":{"rendered":"<p>[fusion_builder_container hundred_percent=&#8221;no&#8221; equal_height_columns=&#8221;no&#8221; menu_anchor=&#8221;&#8221; hide_on_mobile=&#8221;small-visibility,medium-visibility,large-visibility&#8221; class=&#8221;&#8221; id=&#8221;&#8221; background_color=&#8221;&#8221; background_image=&#8221;&#8221; background_position=&#8221;center center&#8221; background_repeat=&#8221;no-repeat&#8221; fade=&#8221;no&#8221; background_parallax=&#8221;none&#8221; parallax_speed=&#8221;0.3&#8243; video_mp4=&#8221;&#8221; video_webm=&#8221;&#8221; video_ogv=&#8221;&#8221; video_url=&#8221;&#8221; video_aspect_ratio=&#8221;16:9&#8243; video_loop=&#8221;yes&#8221; video_mute=&#8221;yes&#8221; overlay_color=&#8221;&#8221; video_preview_image=&#8221;&#8221; border_size=&#8221;&#8221; border_color=&#8221;&#8221; border_style=&#8221;solid&#8221; padding_top=&#8221;&#8221; padding_bottom=&#8221;&#8221; padding_left=&#8221;&#8221; padding_right=&#8221;&#8221;][fusion_builder_row][fusion_builder_column type=&#8221;1_1&#8243; layout=&#8221;1_1&#8243; background_position=&#8221;left top&#8221; background_color=&#8221;&#8221; border_size=&#8221;&#8221; border_color=&#8221;&#8221; border_style=&#8221;solid&#8221; border_position=&#8221;all&#8221; spacing=&#8221;yes&#8221; background_image=&#8221;&#8221; background_repeat=&#8221;no-repeat&#8221; padding_top=&#8221;&#8221; padding_right=&#8221;&#8221; padding_bottom=&#8221;&#8221; padding_left=&#8221;&#8221; margin_top=&#8221;0px&#8221; margin_bottom=&#8221;0px&#8221; class=&#8221;&#8221; id=&#8221;&#8221; animation_type=&#8221;&#8221; animation_speed=&#8221;0.3&#8243; animation_direction=&#8221;left&#8221; hide_on_mobile=&#8221;small-visibility,medium-visibility,large-visibility&#8221; center_content=&#8221;no&#8221; last=&#8221;no&#8221; min_height=&#8221;&#8221; hover_type=&#8221;none&#8221; link=&#8221;&#8221;][fusion_text] REDACCI\u00d3N *Se presentar\u00e1n este Jueves 28 de Julio de 2022 en el Lunario del Auditorio Nacional a partir de las ocho de la noche *Boletos a la venta en el Sistema Ticketmaster y en las taquillas del Lunario Silvia &amp; [&hellip;]<\/p>\n","protected":false},"author":1,"featured_media":44850,"comment_status":"open","ping_status":"open","sticky":false,"template":"","format":"standard","meta":{"footnotes":""},"categories":[9,11],"tags":[],"_links":{"self":[{"href":"https:\/\/www.bitacoracdmx.com\/index.php?rest_route=\/wp\/v2\/posts\/45465"}],"collection":[{"href":"https:\/\/www.bitacoracdmx.com\/index.php?rest_route=\/wp\/v2\/posts"}],"about":[{"href":"https:\/\/www.bitacoracdmx.com\/index.php?rest_route=\/wp\/v2\/types\/post"}],"author":[{"embeddable":true,"href":"https:\/\/www.bitacoracdmx.com\/index.php?rest_route=\/wp\/v2\/users\/1"}],"replies":[{"embeddable":true,"href":"https:\/\/www.bitacoracdmx.com\/index.php?rest_route=%2Fwp%2Fv2%2Fcomments&post=45465"}],"version-history":[{"count":1,"href":"https:\/\/www.bitacoracdmx.com\/index.php?rest_route=\/wp\/v2\/posts\/45465\/revisions"}],"predecessor-version":[{"id":45466,"href":"https:\/\/www.bitacoracdmx.com\/index.php?rest_route=\/wp\/v2\/posts\/45465\/revisions\/45466"}],"wp:featuredmedia":[{"embeddable":true,"href":"https:\/\/www.bitacoracdmx.com\/index.php?rest_route=\/wp\/v2\/media\/44850"}],"wp:attachment":[{"href":"https:\/\/www.bitacoracdmx.com\/index.php?rest_route=%2Fwp%2Fv2%2Fmedia&parent=45465"}],"wp:term":[{"taxonomy":"category","embeddable":true,"href":"https:\/\/www.bitacoracdmx.com\/index.php?rest_route=%2Fwp%2Fv2%2Fcategories&post=45465"},{"taxonomy":"post_tag","embeddable":true,"href":"https:\/\/www.bitacoracdmx.com\/index.php?rest_route=%2Fwp%2Fv2%2Ftags&post=45465"}],"curies":[{"name":"wp","href":"https:\/\/api.w.org\/{rel}","templated":true}]}}