{"id":45467,"date":"2022-07-23T18:10:22","date_gmt":"2022-07-23T18:10:22","guid":{"rendered":"https:\/\/www.bitacoracdmx.com\/?p=45467"},"modified":"2022-07-23T18:10:22","modified_gmt":"2022-07-23T18:10:22","slug":"luifer-de-la-salsa-ofrecera-shows-en-mexico-presentando-su-nuevo-sencillo-me-estoy-enamorando","status":"publish","type":"post","link":"https:\/\/www.bitacoracdmx.com\/?p=45467","title":{"rendered":"LUIFER DE LA SALSA ofrecer\u00e1 shows en M\u00e9xico presentando su nuevo sencillo \u201cME ESTOY ENAMORANDO\u201d"},"content":{"rendered":"<p>[fusion_builder_container hundred_percent=&#8221;no&#8221; equal_height_columns=&#8221;no&#8221; menu_anchor=&#8221;&#8221; hide_on_mobile=&#8221;small-visibility,medium-visibility,large-visibility&#8221; class=&#8221;&#8221; id=&#8221;&#8221; background_color=&#8221;&#8221; background_image=&#8221;&#8221; background_position=&#8221;center center&#8221; background_repeat=&#8221;no-repeat&#8221; fade=&#8221;no&#8221; background_parallax=&#8221;none&#8221; parallax_speed=&#8221;0.3&#8243; video_mp4=&#8221;&#8221; video_webm=&#8221;&#8221; video_ogv=&#8221;&#8221; video_url=&#8221;&#8221; video_aspect_ratio=&#8221;16:9&#8243; video_loop=&#8221;yes&#8221; video_mute=&#8221;yes&#8221; overlay_color=&#8221;&#8221; video_preview_image=&#8221;&#8221; border_size=&#8221;&#8221; border_color=&#8221;&#8221; border_style=&#8221;solid&#8221; padding_top=&#8221;&#8221; padding_bottom=&#8221;&#8221; padding_left=&#8221;&#8221; padding_right=&#8221;&#8221;][fusion_builder_row][fusion_builder_column type=&#8221;1_1&#8243; layout=&#8221;1_1&#8243; background_position=&#8221;left top&#8221; background_color=&#8221;&#8221; border_size=&#8221;&#8221; border_color=&#8221;&#8221; border_style=&#8221;solid&#8221; border_position=&#8221;all&#8221; spacing=&#8221;yes&#8221; background_image=&#8221;&#8221; background_repeat=&#8221;no-repeat&#8221; padding_top=&#8221;&#8221; padding_right=&#8221;&#8221; padding_bottom=&#8221;&#8221; padding_left=&#8221;&#8221; margin_top=&#8221;0px&#8221; margin_bottom=&#8221;0px&#8221; class=&#8221;&#8221; id=&#8221;&#8221; animation_type=&#8221;&#8221; animation_speed=&#8221;0.3&#8243; animation_direction=&#8221;left&#8221; hide_on_mobile=&#8221;small-visibility,medium-visibility,large-visibility&#8221; center_content=&#8221;no&#8221; last=&#8221;no&#8221; min_height=&#8221;&#8221; hover_type=&#8221;none&#8221; link=&#8221;&#8221;][fusion_text]<\/p>\n<p>REDACCI\u00d3N<\/p>\n<p><i>*Se presenta el pr\u00f3ximo Viernes 29 de Julio de 2022 en el Sal\u00f3n Caribe ubicado en el Metro San Cosme en CDMX a partir de las 5 de la tarde<\/i><\/p>\n<p><i>*Se presenta el pr\u00f3ximo Viernes 29 de Julio de 2022 en el Gran Sal\u00f3n Victoria ubicado en Tlalnepantla, EDOMEX, a partir de las 9 de la noche<\/i><\/p>\n<p><i>*El S\u00e1bado 30 de Julio se presenta en el Assukar Puebla, en la ciudad de Puebla a partir de las 9 de la noche<\/i><\/p>\n<p><i>*Venta de boletos para todas las fechas en taquillas de cada inmueble<\/i><\/p>\n<p>Fernando Lambis Hern\u00e1ndez mejor conocido como Luifer de la Salsa, es una de las figuras con mayor proyecci\u00f3n de la nueva ola de la m\u00fasica tropical y salsera colombiana que m\u00e1s ha destacado y que por m\u00e9ritos propios ha logrado llegar a un proceso de consolidaci\u00f3n que ya nadie puede detener. Ahora en su regreso a M\u00e9xico, Luifer de la Salsa presenta de la mano de Universal Music su nuevo disco \u201cCanto a mi \u00eddolo\u201d, una selecci\u00f3n de temas con los cuales rinde homenaje a Jerry Rivera, una de sus grandes influencias y que est\u00e1 listo para presentar en este pa\u00eds en una gira que lo llevar\u00e1 por Ciudad de M\u00e9xico, estado de M\u00e9xico y la Ciudad de Puebla. Adem\u00e1s y extra\u00edda de \u00e9se disco, el sencillo \u201cMe estoy enamorando\u201d se encuentra ya disponible en diversas emisoras de radio del pa\u00eds con una gran aceptaci\u00f3n de parte de sus miles de fans que le siguen desde sus inicios.<\/p>\n<p>Con un r\u00e1pido ascenso en el \u00e1mbito salsero, a su escasa edad sus canciones ya son un \u00e9xito en pa\u00edses como Estados Unidos, M\u00e9xico, Argentina, Chile, Venezuela, Espa\u00f1a y Colombia, en donde se ha dado el lujo de impactar audiencias de inmediato. Luifer dar\u00e1 c\u00e1tedra de su gran talento con tres \u00fanicos conciertos que tiene preparados. Por principio de cuentas se presenta el pr\u00f3ximo Viernes 29 de Julio de 2022 en el Sal\u00f3n Caribe ubicado en el Metro San Cosme en CDMX a partir de las 5 de la tarde. Luego y m\u00e1s tarde, arribar\u00e1 al Gran Sal\u00f3n Victoria ubicado en Tlalnepantla, EDOMEX, a partir de las 9 de la noche. Por \u00faltimo, cerrar\u00e1 su breve gira el S\u00e1bado 30 de Julio en el Sal\u00f3n Assukar Puebla, en la ciudad de Puebla a partir de las 9 de la noche. Los boletos para todas las fechas est\u00e1n disponibles en taquillas de cada inmueble.<\/p>\n<p>Desde muy peque\u00f1o Luifer desmostr\u00f3 su gran talento, no solo como uno de los cantantes m\u00e1s reconocidos de Alberto Barros, sino tambi\u00e9n como heredero del legado de su padre Luis Lambis, reconocido compositor de salsa de importantes int\u00e9rpretes como Tito Nieves, Marc Anthony, el desaparecido Tito G\u00f3mez, Cheo Feliciano, Jos\u00e9 Alberto \u201cEl Canario\u201d, Puerto Rican Power, Maelo Ruiz y Juan Carlos Coronel, entre otros. A los 10 a\u00f1os gan\u00f3 su primer concurso de canto. Pero es en el 2010 que sale a la luz su primera producci\u00f3n discogr\u00e1fica denominada \u201cSolamente tu\u201d, con el respaldo de Sony Music M\u00e9xico, la cual fue respaldada con una gira internacional. A fines de julio de ese mismo a\u00f1o, se inici\u00f3 la distribuci\u00f3n del disco en Estados Unidos, Latinoam\u00e9rica y Europa.<\/p>\n<p>\u00c9xitos como \u201cDime Que S\u00ed\u201d, \u201cVete\u201d, \u201cAmor No Me Abandones\u201d y \u201cSolamente T\u00fa\u201d se desprenden de esta producci\u00f3n discogr\u00e1fica que lo mostr\u00f3 como una de las j\u00f3venes figuras de m\u00e1s impacto de la salsa como nunca antes, es decir, que no hab\u00eda antecedentes de un ni\u00f1o salsero con ese \u00e9xito. Luego, a mediados del 2013, sali\u00f3 al mercado con el respaldo de Universal Music M\u00e9xico el sencillo \u201cTarde\u201d, acompa\u00f1ado de un sensacional videoclip. Con ello, la carrera musical de Luifer empez\u00f3 a cobrar m\u00e1s fuerza en territorios como M\u00e9xico, donde gan\u00f3 en la categor\u00eda \u201cArtista revelaci\u00f3n del a\u00f1o\u201d en los Am\u00e9rica Salsa Awards; sumando otros reconocimiento y un crecimiento sostenidos de fans en Estados Unidos, Latinoam\u00e9rica y Europa.<\/p>\n<p>Entre las participaciones musicales que ha tenido este exitoso cantante colombiano con grandes exponentes de la salsa, se encuentran las que realiz\u00f3 con Maelo Ruiz y Alberto Barros, interviniendo con \u00e9ste \u00faltimo en el disco \u201cTributo a la salsa colombiana\u201d y como cantante invitado en los shows que ofrece Barros en M\u00e9xico, por lo que el joven int\u00e9rprete no es desconocido en este pa\u00eds y a partir de hoy pretende seguir consolidando su historia con su disco \u201cCanto a mi \u00eddolo\u201d, para homenajear a Jerry Rivera y con su sencillo \u201cMe estoy enamorando\u201d que ya est\u00e1 disponible en la radio nacional. Su historia de \u00e9xitos sigue inc\u00f3lume en nuestro pa\u00eds.<\/p>\n<p>Luifer de la Salsa se presentar\u00e1 el pr\u00f3ximo Viernes 29 de Julio de 2022 en el Sal\u00f3n Caribe ubicado en el Metro San Cosme en CDMX a partir de las 5 de la tarde. Luego y m\u00e1s tarde, arribar\u00e1 al Gran Sal\u00f3n Victoria ubicado en Tlalnepantla, EDOMEX, a partir de las 9 de la noche. Por \u00faltimo, cerrar\u00e1 su breve gira el S\u00e1bado 30 de Julio en el Sal\u00f3n Assukar Puebla, en la ciudad de Puebla a partir de las 9 de la noche. Los boletos para todas las fechas est\u00e1n disponibles en taquillas de cada inmueble.<\/p>\n<p>[\/fusion_text][fusion_imageframe image_id=&#8221;45468|medium&#8221; max_width=&#8221;&#8221; style_type=&#8221;&#8221; blur=&#8221;&#8221; stylecolor=&#8221;&#8221; hover_type=&#8221;none&#8221; bordersize=&#8221;&#8221; bordercolor=&#8221;&#8221; borderradius=&#8221;&#8221; align=&#8221;none&#8221; lightbox=&#8221;no&#8221; gallery_id=&#8221;&#8221; lightbox_image=&#8221;&#8221; lightbox_image_id=&#8221;&#8221; alt=&#8221;&#8221; link=&#8221;&#8221; linktarget=&#8221;_self&#8221; hide_on_mobile=&#8221;small-visibility,medium-visibility,large-visibility&#8221; class=&#8221;&#8221; id=&#8221;&#8221; animation_type=&#8221;&#8221; animation_direction=&#8221;left&#8221; animation_speed=&#8221;0.3&#8243; animation_offset=&#8221;&#8221;]https:\/\/www.bitacoracdmx.com\/wp-content\/uploads\/2022\/07\/descargar-2022-07-23T130748.610-300&#215;300.png[\/fusion_imageframe][\/fusion_builder_column][\/fusion_builder_row][\/fusion_builder_container]<\/p>\n","protected":false},"excerpt":{"rendered":"<p>[fusion_builder_container hundred_percent=&#8221;no&#8221; equal_height_columns=&#8221;no&#8221; menu_anchor=&#8221;&#8221; hide_on_mobile=&#8221;small-visibility,medium-visibility,large-visibility&#8221; class=&#8221;&#8221; id=&#8221;&#8221; background_color=&#8221;&#8221; background_image=&#8221;&#8221; background_position=&#8221;center center&#8221; background_repeat=&#8221;no-repeat&#8221; fade=&#8221;no&#8221; background_parallax=&#8221;none&#8221; parallax_speed=&#8221;0.3&#8243; video_mp4=&#8221;&#8221; video_webm=&#8221;&#8221; video_ogv=&#8221;&#8221; video_url=&#8221;&#8221; video_aspect_ratio=&#8221;16:9&#8243; video_loop=&#8221;yes&#8221; video_mute=&#8221;yes&#8221; overlay_color=&#8221;&#8221; video_preview_image=&#8221;&#8221; border_size=&#8221;&#8221; border_color=&#8221;&#8221; border_style=&#8221;solid&#8221; padding_top=&#8221;&#8221; padding_bottom=&#8221;&#8221; padding_left=&#8221;&#8221; padding_right=&#8221;&#8221;][fusion_builder_row][fusion_builder_column type=&#8221;1_1&#8243; layout=&#8221;1_1&#8243; background_position=&#8221;left top&#8221; background_color=&#8221;&#8221; border_size=&#8221;&#8221; border_color=&#8221;&#8221; border_style=&#8221;solid&#8221; border_position=&#8221;all&#8221; spacing=&#8221;yes&#8221; background_image=&#8221;&#8221; background_repeat=&#8221;no-repeat&#8221; padding_top=&#8221;&#8221; padding_right=&#8221;&#8221; padding_bottom=&#8221;&#8221; padding_left=&#8221;&#8221; margin_top=&#8221;0px&#8221; margin_bottom=&#8221;0px&#8221; class=&#8221;&#8221; id=&#8221;&#8221; animation_type=&#8221;&#8221; animation_speed=&#8221;0.3&#8243; animation_direction=&#8221;left&#8221; hide_on_mobile=&#8221;small-visibility,medium-visibility,large-visibility&#8221; center_content=&#8221;no&#8221; last=&#8221;no&#8221; min_height=&#8221;&#8221; hover_type=&#8221;none&#8221; link=&#8221;&#8221;][fusion_text] REDACCI\u00d3N *Se presenta el pr\u00f3ximo Viernes 29 de Julio de 2022 en el Sal\u00f3n Caribe ubicado en el Metro San Cosme en CDMX a partir de las 5 de la tarde *Se presenta el pr\u00f3ximo Viernes 29 de Julio de [&hellip;]<\/p>\n","protected":false},"author":1,"featured_media":45468,"comment_status":"open","ping_status":"open","sticky":false,"template":"","format":"standard","meta":{"footnotes":""},"categories":[9,11],"tags":[],"_links":{"self":[{"href":"https:\/\/www.bitacoracdmx.com\/index.php?rest_route=\/wp\/v2\/posts\/45467"}],"collection":[{"href":"https:\/\/www.bitacoracdmx.com\/index.php?rest_route=\/wp\/v2\/posts"}],"about":[{"href":"https:\/\/www.bitacoracdmx.com\/index.php?rest_route=\/wp\/v2\/types\/post"}],"author":[{"embeddable":true,"href":"https:\/\/www.bitacoracdmx.com\/index.php?rest_route=\/wp\/v2\/users\/1"}],"replies":[{"embeddable":true,"href":"https:\/\/www.bitacoracdmx.com\/index.php?rest_route=%2Fwp%2Fv2%2Fcomments&post=45467"}],"version-history":[{"count":1,"href":"https:\/\/www.bitacoracdmx.com\/index.php?rest_route=\/wp\/v2\/posts\/45467\/revisions"}],"predecessor-version":[{"id":45469,"href":"https:\/\/www.bitacoracdmx.com\/index.php?rest_route=\/wp\/v2\/posts\/45467\/revisions\/45469"}],"wp:featuredmedia":[{"embeddable":true,"href":"https:\/\/www.bitacoracdmx.com\/index.php?rest_route=\/wp\/v2\/media\/45468"}],"wp:attachment":[{"href":"https:\/\/www.bitacoracdmx.com\/index.php?rest_route=%2Fwp%2Fv2%2Fmedia&parent=45467"}],"wp:term":[{"taxonomy":"category","embeddable":true,"href":"https:\/\/www.bitacoracdmx.com\/index.php?rest_route=%2Fwp%2Fv2%2Fcategories&post=45467"},{"taxonomy":"post_tag","embeddable":true,"href":"https:\/\/www.bitacoracdmx.com\/index.php?rest_route=%2Fwp%2Fv2%2Ftags&post=45467"}],"curies":[{"name":"wp","href":"https:\/\/api.w.org\/{rel}","templated":true}]}}