{"id":45471,"date":"2022-07-23T18:52:11","date_gmt":"2022-07-23T18:52:11","guid":{"rendered":"https:\/\/www.bitacoracdmx.com\/?p=45471"},"modified":"2022-07-23T18:52:11","modified_gmt":"2022-07-23T18:52:11","slug":"silvana-estrada-marchita-un-viaje-al-centro-de-las-emociones-en-la-cdmx","status":"publish","type":"post","link":"https:\/\/www.bitacoracdmx.com\/?p=45471","title":{"rendered":"SILVANA ESTRADA Marchita, un viaje al centro de las emociones en la CDMX"},"content":{"rendered":"<p>[fusion_builder_container hundred_percent=&#8221;no&#8221; equal_height_columns=&#8221;no&#8221; menu_anchor=&#8221;&#8221; hide_on_mobile=&#8221;small-visibility,medium-visibility,large-visibility&#8221; class=&#8221;&#8221; id=&#8221;&#8221; background_color=&#8221;&#8221; background_image=&#8221;&#8221; background_position=&#8221;center center&#8221; background_repeat=&#8221;no-repeat&#8221; fade=&#8221;no&#8221; background_parallax=&#8221;none&#8221; parallax_speed=&#8221;0.3&#8243; video_mp4=&#8221;&#8221; video_webm=&#8221;&#8221; video_ogv=&#8221;&#8221; video_url=&#8221;&#8221; video_aspect_ratio=&#8221;16:9&#8243; video_loop=&#8221;yes&#8221; video_mute=&#8221;yes&#8221; overlay_color=&#8221;&#8221; video_preview_image=&#8221;&#8221; border_size=&#8221;&#8221; border_color=&#8221;&#8221; border_style=&#8221;solid&#8221; padding_top=&#8221;&#8221; padding_bottom=&#8221;&#8221; padding_left=&#8221;&#8221; padding_right=&#8221;&#8221;][fusion_builder_row][fusion_builder_column type=&#8221;1_1&#8243; layout=&#8221;1_1&#8243; background_position=&#8221;left top&#8221; background_color=&#8221;&#8221; border_size=&#8221;&#8221; border_color=&#8221;&#8221; border_style=&#8221;solid&#8221; border_position=&#8221;all&#8221; spacing=&#8221;yes&#8221; background_image=&#8221;&#8221; background_repeat=&#8221;no-repeat&#8221; padding_top=&#8221;&#8221; padding_right=&#8221;&#8221; padding_bottom=&#8221;&#8221; padding_left=&#8221;&#8221; margin_top=&#8221;0px&#8221; margin_bottom=&#8221;0px&#8221; class=&#8221;&#8221; id=&#8221;&#8221; animation_type=&#8221;&#8221; animation_speed=&#8221;0.3&#8243; animation_direction=&#8221;left&#8221; hide_on_mobile=&#8221;small-visibility,medium-visibility,large-visibility&#8221; center_content=&#8221;no&#8221; last=&#8221;no&#8221; min_height=&#8221;&#8221; hover_type=&#8221;none&#8221; link=&#8221;&#8221;][fusion_text]<\/p>\n<p>REDACCI\u00d3N<\/p>\n<table border=\"0\" width=\"100%\" cellspacing=\"0\" cellpadding=\"0\">\n<tbody>\n<tr>\n<td valign=\"top\">\n<table border=\"0\" width=\"100%\" cellspacing=\"0\" cellpadding=\"0\" align=\"left\">\n<tbody>\n<tr>\n<td valign=\"top\">\n<div><strong>7 de diciembre \u2013 Teatro Metrop\u00f3litan<\/strong><\/div>\n<\/td>\n<\/tr>\n<\/tbody>\n<\/table>\n<\/td>\n<\/tr>\n<\/tbody>\n<\/table>\n<table border=\"0\" width=\"100%\" cellspacing=\"0\" cellpadding=\"0\">\n<tbody>\n<tr>\n<td align=\"center\" valign=\"top\">\n<table border=\"0\" cellspacing=\"0\" cellpadding=\"0\">\n<tbody>\n<tr>\n<td align=\"center\" valign=\"middle\">\n<p style=\"text-align: left;\"><a title=\"Preventa Citibanamex: 25 y 26 de julio\" href=\"https:\/\/altafonte.us5.list-manage.com\/track\/click?u=57df021279ee3a7ccf23bd83a&amp;id=9f22175a97&amp;e=6e1193d40a\" target=\"_blank\" rel=\"noopener noreferrer\" data-auth=\"NotApplicable\" data-linkindex=\"0\">Preventa Citibanamex: 25 y 26 de julio<\/a><\/p>\n<p style=\"text-align: left;\">Desde las monta\u00f1as cafetaleras de Veracruz, pasando por el jazz de Nueva York y el folclor latinoamericano, Silvana Estrada nos trae un viaje musical que interpretar\u00e1 con su cuatro venezolano, con su banda y su impresionante voz, el pr\u00f3ximo 7 de diciembre, en el Teatro Metrop\u00f3litan. Los boletos estar\u00e1n en preventa Citibanamex el 25 y 26 de julio, un d\u00eda despu\u00e9s estar\u00e1na la venta en las taquillas del inmueble y a trav\u00e9s de\u00a0<a href=\"https:\/\/altafonte.us5.list-manage.com\/track\/click?u=57df021279ee3a7ccf23bd83a&amp;id=ae13103cfd&amp;e=6e1193d40a\" target=\"_blank\" rel=\"noopener noreferrer\" data-auth=\"NotApplicable\" data-linkindex=\"1\">www.ticketmaster.com.mx<\/a>.<\/p>\n<p style=\"text-align: left;\">Despu\u00e9s de varios a\u00f1os de trabajar en este material,\u00a0<strong>Silvana Estrada\u00a0<\/strong>ofrece al mundo\u00a0<strong>Marchita<\/strong>, un elogiado disco con el que ha sumado hitos en su trayectoria, al haber realizado con \u00e9l una reciente y exitosa gira de m\u00e1s de 15 fechas por Europa (con boletos agotados en Lisboa, \u00c1msterdam, Par\u00eds y Londres y algunos m\u00e1s junto a Andrew Bird) y EU, haber sido parte de Canto en Resistencia, con la Filarm\u00f3nica de Los \u00c1ngeles, dirigida por Gustavo Dudamel. A\u00fan tiene pendientes el SummerStage en el Central Park de Nueva York (agosto 3) y el Vive Latino en Zaragoza (septiembre 2).<\/p>\n<p style=\"text-align: left;\">Originaria de Veracruz, de un pueblo cafetero,\u00a0<strong>Silvana Estrada<\/strong>\u00a0es una cantautora (nombrada por el diario espa\u00f1ol El Pa\u00eds como \u201cla nueva gran voz de la m\u00fasica mexicana\u201d y por Billboard como Latin Artist on The Rise 2022) que a sus 25 a\u00f1os ha logrado consolidar un s\u00f3lido camino art\u00edstico en el que ya ha compartido estudio y escenario con figuras como Devendra Banhart, Natalia Lafourcade, Silvia P\u00e9rez Cruz, Mon Laferte, Aurora, Leiva y Antonio S\u00e1nchez. Marchita es su \u00e1lbum debut como solista. Fue rese\u00f1ado con 4 estrellas por la edici\u00f3n anglo de Rolling Stone. Es distribuida por Altafonte, y la primera artista latina en ser parte del sello Glassnote Records (Phoenix, CHVRCHES, Two Door Cinema Club).<br aria-hidden=\"true\" \/><br aria-hidden=\"true\" \/>Silvana, quien es multi-instrumentista, toca con mayor frecuencia el cuatro venezolano, cuyo cuerpo peque\u00f1o y sonido c\u00e1lido se adapta a sus manos y se sincroniza con las variaciones de su voz. Criada cantando son jarocho mexicano y m\u00fasica coral barroca y educada en jazz, es una iconoclasta que descarta las tendencias musicales en pro de un estilo po\u00e9tico y personal. Su pr\u00f3ximo lanzamiento ser\u00e1 el EP Abrazo, que incluir\u00e1 temas que quedaron fuera de Marchita: \u201cBrindo\u201d, \u201cSe me Ocurre\u201d, otro corte in\u00e9dito y \u201cSi Me Matan\u201d, que se ha convertido en un contundente himno contra la violencia hacia la mujer.<br aria-hidden=\"true\" \/><br aria-hidden=\"true\" \/>No te pierdas este concierto que te transportar\u00e1 a lo m\u00e1s \u00edntimo de tu ser.\u00a0<strong>Silvana Estrada<\/strong>\u00a0llega a la capital con su disco Marchita, el pr\u00f3ximo\u00a0<strong>7 de diciembre en el Teatro Metrop\u00f3litan<\/strong>. Los boletos estar\u00e1n en preventa\u00a0<strong>Citibanamex el 25 y 26 de julio<\/strong>, un d\u00eda despu\u00e9s los podr\u00e1s adquirir en las taquillas del inmueble y a trav\u00e9s de Ticketmaster.<\/p>\n<\/td>\n<\/tr>\n<\/tbody>\n<\/table>\n<\/td>\n<\/tr>\n<\/tbody>\n<\/table>\n<p>[\/fusion_text][fusion_imageframe image_id=&#8221;45472|medium&#8221; max_width=&#8221;&#8221; style_type=&#8221;&#8221; blur=&#8221;&#8221; stylecolor=&#8221;&#8221; hover_type=&#8221;none&#8221; bordersize=&#8221;&#8221; bordercolor=&#8221;&#8221; borderradius=&#8221;&#8221; align=&#8221;none&#8221; lightbox=&#8221;no&#8221; gallery_id=&#8221;&#8221; lightbox_image=&#8221;&#8221; lightbox_image_id=&#8221;&#8221; alt=&#8221;&#8221; link=&#8221;&#8221; linktarget=&#8221;_self&#8221; hide_on_mobile=&#8221;small-visibility,medium-visibility,large-visibility&#8221; class=&#8221;&#8221; id=&#8221;&#8221; animation_type=&#8221;&#8221; animation_direction=&#8221;left&#8221; animation_speed=&#8221;0.3&#8243; animation_offset=&#8221;&#8221;]https:\/\/www.bitacoracdmx.com\/wp-content\/uploads\/2022\/07\/d6589f31-53a0-f390-b483-f5486c5f5663-300&#215;300.jpg[\/fusion_imageframe][\/fusion_builder_column][\/fusion_builder_row][\/fusion_builder_container]<\/p>\n","protected":false},"excerpt":{"rendered":"<p>[fusion_builder_container hundred_percent=&#8221;no&#8221; equal_height_columns=&#8221;no&#8221; menu_anchor=&#8221;&#8221; hide_on_mobile=&#8221;small-visibility,medium-visibility,large-visibility&#8221; class=&#8221;&#8221; id=&#8221;&#8221; background_color=&#8221;&#8221; background_image=&#8221;&#8221; background_position=&#8221;center center&#8221; background_repeat=&#8221;no-repeat&#8221; fade=&#8221;no&#8221; background_parallax=&#8221;none&#8221; parallax_speed=&#8221;0.3&#8243; video_mp4=&#8221;&#8221; video_webm=&#8221;&#8221; video_ogv=&#8221;&#8221; video_url=&#8221;&#8221; video_aspect_ratio=&#8221;16:9&#8243; video_loop=&#8221;yes&#8221; video_mute=&#8221;yes&#8221; overlay_color=&#8221;&#8221; video_preview_image=&#8221;&#8221; border_size=&#8221;&#8221; border_color=&#8221;&#8221; border_style=&#8221;solid&#8221; padding_top=&#8221;&#8221; padding_bottom=&#8221;&#8221; padding_left=&#8221;&#8221; padding_right=&#8221;&#8221;][fusion_builder_row][fusion_builder_column type=&#8221;1_1&#8243; layout=&#8221;1_1&#8243; background_position=&#8221;left top&#8221; background_color=&#8221;&#8221; border_size=&#8221;&#8221; border_color=&#8221;&#8221; border_style=&#8221;solid&#8221; border_position=&#8221;all&#8221; spacing=&#8221;yes&#8221; background_image=&#8221;&#8221; background_repeat=&#8221;no-repeat&#8221; padding_top=&#8221;&#8221; padding_right=&#8221;&#8221; padding_bottom=&#8221;&#8221; padding_left=&#8221;&#8221; margin_top=&#8221;0px&#8221; margin_bottom=&#8221;0px&#8221; class=&#8221;&#8221; id=&#8221;&#8221; animation_type=&#8221;&#8221; animation_speed=&#8221;0.3&#8243; animation_direction=&#8221;left&#8221; hide_on_mobile=&#8221;small-visibility,medium-visibility,large-visibility&#8221; center_content=&#8221;no&#8221; last=&#8221;no&#8221; min_height=&#8221;&#8221; hover_type=&#8221;none&#8221; link=&#8221;&#8221;][fusion_text] REDACCI\u00d3N 7 de diciembre \u2013 Teatro Metrop\u00f3litan Preventa Citibanamex: 25 y 26 de julio Desde las monta\u00f1as cafetaleras de Veracruz, pasando por el jazz de Nueva York y el folclor latinoamericano, Silvana Estrada nos trae un viaje musical que interpretar\u00e1 [&hellip;]<\/p>\n","protected":false},"author":1,"featured_media":45472,"comment_status":"open","ping_status":"open","sticky":false,"template":"","format":"standard","meta":{"footnotes":""},"categories":[9,11],"tags":[],"_links":{"self":[{"href":"https:\/\/www.bitacoracdmx.com\/index.php?rest_route=\/wp\/v2\/posts\/45471"}],"collection":[{"href":"https:\/\/www.bitacoracdmx.com\/index.php?rest_route=\/wp\/v2\/posts"}],"about":[{"href":"https:\/\/www.bitacoracdmx.com\/index.php?rest_route=\/wp\/v2\/types\/post"}],"author":[{"embeddable":true,"href":"https:\/\/www.bitacoracdmx.com\/index.php?rest_route=\/wp\/v2\/users\/1"}],"replies":[{"embeddable":true,"href":"https:\/\/www.bitacoracdmx.com\/index.php?rest_route=%2Fwp%2Fv2%2Fcomments&post=45471"}],"version-history":[{"count":1,"href":"https:\/\/www.bitacoracdmx.com\/index.php?rest_route=\/wp\/v2\/posts\/45471\/revisions"}],"predecessor-version":[{"id":45473,"href":"https:\/\/www.bitacoracdmx.com\/index.php?rest_route=\/wp\/v2\/posts\/45471\/revisions\/45473"}],"wp:featuredmedia":[{"embeddable":true,"href":"https:\/\/www.bitacoracdmx.com\/index.php?rest_route=\/wp\/v2\/media\/45472"}],"wp:attachment":[{"href":"https:\/\/www.bitacoracdmx.com\/index.php?rest_route=%2Fwp%2Fv2%2Fmedia&parent=45471"}],"wp:term":[{"taxonomy":"category","embeddable":true,"href":"https:\/\/www.bitacoracdmx.com\/index.php?rest_route=%2Fwp%2Fv2%2Fcategories&post=45471"},{"taxonomy":"post_tag","embeddable":true,"href":"https:\/\/www.bitacoracdmx.com\/index.php?rest_route=%2Fwp%2Fv2%2Ftags&post=45471"}],"curies":[{"name":"wp","href":"https:\/\/api.w.org\/{rel}","templated":true}]}}