{"id":45474,"date":"2022-07-23T18:58:01","date_gmt":"2022-07-23T18:58:01","guid":{"rendered":"https:\/\/www.bitacoracdmx.com\/?p=45474"},"modified":"2022-07-23T18:58:01","modified_gmt":"2022-07-23T18:58:01","slug":"se-presento-el-libro-giff-25-aniversario-recuento-de-los-primeros-25-anos-del-festival-que-inmortaliza-la-memoria-del-giff","status":"publish","type":"post","link":"https:\/\/www.bitacoracdmx.com\/?p=45474","title":{"rendered":"Se present\u00f3 el libro \u201cGIFF 25 aniversario: recuento de los primeros 25 a\u00f1os del festival\u201d que inmortaliza la memoria del GIFF."},"content":{"rendered":"<p>[fusion_builder_container hundred_percent=&#8221;no&#8221; equal_height_columns=&#8221;no&#8221; menu_anchor=&#8221;&#8221; hide_on_mobile=&#8221;small-visibility,medium-visibility,large-visibility&#8221; class=&#8221;&#8221; id=&#8221;&#8221; background_color=&#8221;&#8221; background_image=&#8221;&#8221; background_position=&#8221;center center&#8221; background_repeat=&#8221;no-repeat&#8221; fade=&#8221;no&#8221; background_parallax=&#8221;none&#8221; parallax_speed=&#8221;0.3&#8243; video_mp4=&#8221;&#8221; video_webm=&#8221;&#8221; video_ogv=&#8221;&#8221; video_url=&#8221;&#8221; video_aspect_ratio=&#8221;16:9&#8243; video_loop=&#8221;yes&#8221; video_mute=&#8221;yes&#8221; overlay_color=&#8221;&#8221; video_preview_image=&#8221;&#8221; border_size=&#8221;&#8221; border_color=&#8221;&#8221; border_style=&#8221;solid&#8221; padding_top=&#8221;&#8221; padding_bottom=&#8221;&#8221; padding_left=&#8221;&#8221; padding_right=&#8221;&#8221;][fusion_builder_row][fusion_builder_column type=&#8221;1_1&#8243; layout=&#8221;1_1&#8243; background_position=&#8221;left top&#8221; background_color=&#8221;&#8221; border_size=&#8221;&#8221; border_color=&#8221;&#8221; border_style=&#8221;solid&#8221; border_position=&#8221;all&#8221; spacing=&#8221;yes&#8221; background_image=&#8221;&#8221; background_repeat=&#8221;no-repeat&#8221; padding_top=&#8221;&#8221; padding_right=&#8221;&#8221; padding_bottom=&#8221;&#8221; padding_left=&#8221;&#8221; margin_top=&#8221;0px&#8221; margin_bottom=&#8221;0px&#8221; class=&#8221;&#8221; id=&#8221;&#8221; animation_type=&#8221;&#8221; animation_speed=&#8221;0.3&#8243; animation_direction=&#8221;left&#8221; hide_on_mobile=&#8221;small-visibility,medium-visibility,large-visibility&#8221; center_content=&#8221;no&#8221; last=&#8221;no&#8221; min_height=&#8221;&#8221; hover_type=&#8221;none&#8221; link=&#8221;&#8221;][fusion_text]<\/p>\n<p>REDACCI\u00d3N<\/p>\n<p>\u2022\u00a0 El Festival Internacional de Cine Guanajuato present\u00f3 el libro \u201cGIFF 25 aniversario: recuento de los primeros 25 a\u00f1os del festival\u201d en donde se recopila la memoria colectiva de este magno evento, en el marco de su primer cuarto de siglo a partir de an\u00e9cdotas, fotograf\u00edas y un resumen de los mejores momentos del festival.<\/p>\n<p>El Festival Internacional de Cine Guanajuato present\u00f3 su quinceavo trabajo editorial, titulado \u201cGIFF 25 aniversario: recuento de los primeros 25 a\u00f1os del festival\u201d, el cual genera un retrato de estos 25 a\u00f1os. En donde a partir de un acumulado de an\u00e9cdotas, fotograf\u00edas y los mejores momentos de este primer cuarto de siglo se recopila la historia del festival; esa historia que tambi\u00e9n es una parte importante de la memoria del cine mexicano, de los cineastas y asistentes que han formado parte de este espacio para pensar, dialogar, reflexionar, compartir y construir un amplio mosaico del s\u00e9ptimo arte en nuestro pa\u00eds.<\/p>\n<p>Sarah Hoch, directora ejecutiva y fundadora del GIFF, Jesus Herrera, coordinador editorial del proyecto, Juan Aguilera Cid, director de TV 4 y Mateo Pazzi, director editorial del proyecto, conformaron el presidio con el que se adentraron en detalles sobre la plantaci\u00f3n, el proceso de documentaci\u00f3n, manejo de la informaci\u00f3n, dise\u00f1o y elaboraci\u00f3n de este documento que construye una memoria colectiva.<\/p>\n<p>El libro cuenta con un recorrido cronol\u00f3gico que rescata un trayecto desde la intimidad y la perseverancia que ha hecho del GIFF un semillero de cineastas de renombre internacional, uno de los pioneros en la conformaci\u00f3n de espacios para el desarrollo de la industria cinematogr\u00e1fica en nuestro pa\u00eds y sobre todo, uno de los festivales mas innovadores de Latinoam\u00e9rica.<\/p>\n<p>Jesus Herrera fue el encargado de dise\u00f1ar el libro y explic\u00f3 que el proyecto se pens\u00f3 \u201ccomo un \u00e1lbum familiar inclusivo, en donde caben todas y todos los que estamos en la industria, desde los ni\u00f1os que comienzan con su primer taller para empezar a ver de qu\u00e9 se trata, despu\u00e9s con los estudiantes en esta maravillosa plataforma de Identidad y Pertenencia en donde hacen su primer cortometraje y luego pasamos con los estudiantes ya m\u00e1s encarrerados en el Rally Universitario y luego los primeros directores que estuvieron participando en los primeros a\u00f1os con su \u00f3pera prima como Amat Escalante, Michel Franco, Edgar Nito y luego ya vemos a los ya solidificados como I\u00f1\u00e1rritu, Park Chan-Wook, Peter Greenaway, hasta las vacas sagradas como David Lynch o Tim Burton\u201d.<\/p>\n<p>La portada se realiz\u00f3 honrando a la memoria de Ernesto Herrera y sus procesos creativos tomando como base la plata por los 25 a\u00f1os, y la \u201cvig\u00e9simo quinta esencia\u201d con base en la alquimia. Este libro es la celebraci\u00f3n y la materializaci\u00f3n de un gran trabajo colectivo sobre ese primer grito de \u201cM\u00e1s cine por favor\u201d que hace 25 a\u00f1os comenz\u00f3 como un sue\u00f1o y ahora es una realidad palpable.<\/p>\n<p>Consciente de su labor en el \u00e1mbito cinematogr\u00e1fico local, nacional e internacional el GIFF desarrolla este proyecto en colaboraci\u00f3n con el Gobierno del estado de Guanajuato, resaltando su importancia f\u00edlmica y su compromiso social tan caracter\u00edstico. La directora del GIFF explic\u00f3 que el libro cuenta con una primera edici\u00f3n de 1000 ejemplares, en espa\u00f1ol y una versi\u00f3n en ingl\u00e9s, que se repartir\u00e1n de manera gratuita; teniendo en cuenta bibliotecas, instituciones aliadas, otros festivales en el extranjero. Adem\u00e1s de que contar\u00e1 con su versi\u00f3n digital.<\/p>\n<p>[\/fusion_text][fusion_imageframe image_id=&#8221;45475|medium&#8221; max_width=&#8221;&#8221; style_type=&#8221;&#8221; blur=&#8221;&#8221; stylecolor=&#8221;&#8221; hover_type=&#8221;none&#8221; bordersize=&#8221;&#8221; bordercolor=&#8221;&#8221; borderradius=&#8221;&#8221; align=&#8221;none&#8221; lightbox=&#8221;no&#8221; gallery_id=&#8221;&#8221; lightbox_image=&#8221;&#8221; lightbox_image_id=&#8221;&#8221; alt=&#8221;&#8221; link=&#8221;&#8221; linktarget=&#8221;_self&#8221; hide_on_mobile=&#8221;small-visibility,medium-visibility,large-visibility&#8221; class=&#8221;&#8221; id=&#8221;&#8221; animation_type=&#8221;&#8221; animation_direction=&#8221;left&#8221; animation_speed=&#8221;0.3&#8243; animation_offset=&#8221;&#8221;]https:\/\/www.bitacoracdmx.com\/wp-content\/uploads\/2022\/07\/bfc786b6-6142-0545-f2d2-0b37b3c79326-300&#215;200.jpeg[\/fusion_imageframe][\/fusion_builder_column][\/fusion_builder_row][\/fusion_builder_container]<\/p>\n","protected":false},"excerpt":{"rendered":"<p>[fusion_builder_container hundred_percent=&#8221;no&#8221; equal_height_columns=&#8221;no&#8221; menu_anchor=&#8221;&#8221; hide_on_mobile=&#8221;small-visibility,medium-visibility,large-visibility&#8221; class=&#8221;&#8221; id=&#8221;&#8221; background_color=&#8221;&#8221; background_image=&#8221;&#8221; background_position=&#8221;center center&#8221; background_repeat=&#8221;no-repeat&#8221; fade=&#8221;no&#8221; background_parallax=&#8221;none&#8221; parallax_speed=&#8221;0.3&#8243; video_mp4=&#8221;&#8221; video_webm=&#8221;&#8221; video_ogv=&#8221;&#8221; video_url=&#8221;&#8221; video_aspect_ratio=&#8221;16:9&#8243; video_loop=&#8221;yes&#8221; video_mute=&#8221;yes&#8221; overlay_color=&#8221;&#8221; video_preview_image=&#8221;&#8221; border_size=&#8221;&#8221; border_color=&#8221;&#8221; border_style=&#8221;solid&#8221; padding_top=&#8221;&#8221; padding_bottom=&#8221;&#8221; padding_left=&#8221;&#8221; padding_right=&#8221;&#8221;][fusion_builder_row][fusion_builder_column type=&#8221;1_1&#8243; layout=&#8221;1_1&#8243; background_position=&#8221;left top&#8221; background_color=&#8221;&#8221; border_size=&#8221;&#8221; border_color=&#8221;&#8221; border_style=&#8221;solid&#8221; border_position=&#8221;all&#8221; spacing=&#8221;yes&#8221; background_image=&#8221;&#8221; background_repeat=&#8221;no-repeat&#8221; padding_top=&#8221;&#8221; padding_right=&#8221;&#8221; padding_bottom=&#8221;&#8221; padding_left=&#8221;&#8221; margin_top=&#8221;0px&#8221; margin_bottom=&#8221;0px&#8221; class=&#8221;&#8221; id=&#8221;&#8221; animation_type=&#8221;&#8221; animation_speed=&#8221;0.3&#8243; animation_direction=&#8221;left&#8221; hide_on_mobile=&#8221;small-visibility,medium-visibility,large-visibility&#8221; center_content=&#8221;no&#8221; last=&#8221;no&#8221; min_height=&#8221;&#8221; hover_type=&#8221;none&#8221; link=&#8221;&#8221;][fusion_text] REDACCI\u00d3N \u2022\u00a0 El Festival Internacional de Cine Guanajuato present\u00f3 el libro \u201cGIFF 25 aniversario: recuento de los primeros 25 a\u00f1os del festival\u201d en donde se recopila la memoria colectiva de este magno evento, en el marco de su primer cuarto [&hellip;]<\/p>\n","protected":false},"author":1,"featured_media":45475,"comment_status":"open","ping_status":"open","sticky":false,"template":"","format":"standard","meta":{"footnotes":""},"categories":[9,10],"tags":[],"_links":{"self":[{"href":"https:\/\/www.bitacoracdmx.com\/index.php?rest_route=\/wp\/v2\/posts\/45474"}],"collection":[{"href":"https:\/\/www.bitacoracdmx.com\/index.php?rest_route=\/wp\/v2\/posts"}],"about":[{"href":"https:\/\/www.bitacoracdmx.com\/index.php?rest_route=\/wp\/v2\/types\/post"}],"author":[{"embeddable":true,"href":"https:\/\/www.bitacoracdmx.com\/index.php?rest_route=\/wp\/v2\/users\/1"}],"replies":[{"embeddable":true,"href":"https:\/\/www.bitacoracdmx.com\/index.php?rest_route=%2Fwp%2Fv2%2Fcomments&post=45474"}],"version-history":[{"count":1,"href":"https:\/\/www.bitacoracdmx.com\/index.php?rest_route=\/wp\/v2\/posts\/45474\/revisions"}],"predecessor-version":[{"id":45476,"href":"https:\/\/www.bitacoracdmx.com\/index.php?rest_route=\/wp\/v2\/posts\/45474\/revisions\/45476"}],"wp:featuredmedia":[{"embeddable":true,"href":"https:\/\/www.bitacoracdmx.com\/index.php?rest_route=\/wp\/v2\/media\/45475"}],"wp:attachment":[{"href":"https:\/\/www.bitacoracdmx.com\/index.php?rest_route=%2Fwp%2Fv2%2Fmedia&parent=45474"}],"wp:term":[{"taxonomy":"category","embeddable":true,"href":"https:\/\/www.bitacoracdmx.com\/index.php?rest_route=%2Fwp%2Fv2%2Fcategories&post=45474"},{"taxonomy":"post_tag","embeddable":true,"href":"https:\/\/www.bitacoracdmx.com\/index.php?rest_route=%2Fwp%2Fv2%2Ftags&post=45474"}],"curies":[{"name":"wp","href":"https:\/\/api.w.org\/{rel}","templated":true}]}}