{"id":45486,"date":"2022-07-23T21:15:14","date_gmt":"2022-07-23T21:15:14","guid":{"rendered":"https:\/\/www.bitacoracdmx.com\/?p=45486"},"modified":"2022-07-23T21:15:14","modified_gmt":"2022-07-23T21:15:14","slug":"el-concurso-de-documental-universitario-identidad-y-pertenencia-llega-a-su-edicion-xii","status":"publish","type":"post","link":"https:\/\/www.bitacoracdmx.com\/?p=45486","title":{"rendered":"El Concurso de Documental Universitario Identidad y Pertenencia llega a su edici\u00f3n XII"},"content":{"rendered":"<p>[fusion_builder_container hundred_percent=&#8221;no&#8221; equal_height_columns=&#8221;no&#8221; menu_anchor=&#8221;&#8221; hide_on_mobile=&#8221;small-visibility,medium-visibility,large-visibility&#8221; class=&#8221;&#8221; id=&#8221;&#8221; background_color=&#8221;&#8221; background_image=&#8221;&#8221; background_position=&#8221;center center&#8221; background_repeat=&#8221;no-repeat&#8221; fade=&#8221;no&#8221; background_parallax=&#8221;none&#8221; parallax_speed=&#8221;0.3&#8243; video_mp4=&#8221;&#8221; video_webm=&#8221;&#8221; video_ogv=&#8221;&#8221; video_url=&#8221;&#8221; video_aspect_ratio=&#8221;16:9&#8243; video_loop=&#8221;yes&#8221; video_mute=&#8221;yes&#8221; overlay_color=&#8221;&#8221; video_preview_image=&#8221;&#8221; border_size=&#8221;&#8221; border_color=&#8221;&#8221; border_style=&#8221;solid&#8221; padding_top=&#8221;&#8221; padding_bottom=&#8221;&#8221; padding_left=&#8221;&#8221; padding_right=&#8221;&#8221;][fusion_builder_row][fusion_builder_column type=&#8221;1_1&#8243; layout=&#8221;1_1&#8243; background_position=&#8221;left top&#8221; background_color=&#8221;&#8221; border_size=&#8221;&#8221; border_color=&#8221;&#8221; border_style=&#8221;solid&#8221; border_position=&#8221;all&#8221; spacing=&#8221;yes&#8221; background_image=&#8221;&#8221; background_repeat=&#8221;no-repeat&#8221; padding_top=&#8221;&#8221; padding_right=&#8221;&#8221; padding_bottom=&#8221;&#8221; padding_left=&#8221;&#8221; margin_top=&#8221;0px&#8221; margin_bottom=&#8221;0px&#8221; class=&#8221;&#8221; id=&#8221;&#8221; animation_type=&#8221;&#8221; animation_speed=&#8221;0.3&#8243; animation_direction=&#8221;left&#8221; hide_on_mobile=&#8221;small-visibility,medium-visibility,large-visibility&#8221; center_content=&#8221;no&#8221; last=&#8221;no&#8221; min_height=&#8221;&#8221; hover_type=&#8221;none&#8221; link=&#8221;&#8221;][fusion_text]<\/p>\n<p>REDACCI\u00d3N<\/p>\n<p>\u2022\u00a0 Se presentaron los cuatro cortometrajes de la decimosegunda edici\u00f3n del Concurso de Documental Universitario Identidad y Pertenencia en el Teatro del Bicentenario, en la ciudad de Le\u00f3n.<\/p>\n<p>Los cuatro equipos finalistas del Concurso de Documental Universitario Identidad y Pertenencia desfilaron por la alfombra roja del Teatro del Bicentenario en la ciudad de Le\u00f3n, en donde presentaron por primera vez los cortometrajes documentales resultado de varios meses de trabajo arduo tras el acompa\u00f1amiento de expertos de la industria con 25 talleres especializados sobre investigaci\u00f3n, estructura, producci\u00f3n, fotograf\u00eda, sonido, edici\u00f3n y post-producci\u00f3n.<\/p>\n<p>Los equipos provenientes de diferentes centros universitarios guanajuatenses compiten por un premio monetario otorgado al primer y segundo lugar, otorgado por JuventudEsGto, en la edici\u00f3n numero 12 de este concurso. El cual fomenta el descubrimiento de sus ra\u00edces y el reencuentro con la riqueza cultural de su estado. Este programa tiene un enfoque dedicado a la formaci\u00f3n y especializaci\u00f3n de una nueva generaci\u00f3n de realizadores originarios de todo el estado de Guanajuato, impuls\u00e1ndolos a contar sus historias y las de sus comunidades, partiendo del compromiso educativo y social que promueve el GIFF.<\/p>\n<p>La directora ejecutiva y fundadora del GIFF, Sarah Hoch, acompa\u00f1ada del actor y director Ramon Medina fueron los encargados de conducir esta presentaci\u00f3n de los cuatro cortometrajes finalistas. A la proyecci\u00f3n se dieron cita autoridades del Gobierno del estado de Guanajuato, as\u00ed como representantes de los centros educativos participantes, miembros de algunos de los equipos del Rally Universitario, amigos y familiares de los j\u00f3venes concursantes.<\/p>\n<p>El jurado que seleccionara a los ganadores de esta edici\u00f3n est\u00e1 conformado por Jes\u00fas Oviedo Herrera, Secretario de Desarrollo Social y Humano del Gobierno de Guanajuato, as\u00ed como la directora originaria de los Pa\u00edses Bajos, Floor van der Meulen, y el cineasta Andrew Houchens.<\/p>\n<p>Tras 11 a\u00f1os del concurso, el GIFF celebra con orgullo la formaci\u00f3n de 680 realizadores guanajuatenses que han producido 64 documentales retratando las historias locales. Despu\u00e9s de una recepci\u00f3n de m\u00e1s\u00a0 de cuarenta proyectos, se seleccionaron los siguientes cuatro proyectos:<\/p>\n<p>&#8211;\u00a0<em>Cielo de tradici\u00f3n\u00a0<\/em>de la Universidad Tecnol\u00f3gica del Suroeste de Guanajuato (UTSOE)<\/p>\n<p>Director: Jos\u00e9 Eduardo Medrano G\u00f3mez<\/p>\n<p>Ciudad de grabaci\u00f3n: Uriangato, Guanajuato.<\/p>\n<p>En donde nos narran, la historia de Joel, quien despu\u00e9s de verse hundido en el mundo de las adicciones, busc\u00f3 superar su obsesi\u00f3n por las drogas explotando su talento creando globos de cantoya, tradici\u00f3n que le fue ense\u00f1ada y transmitida por su t\u00edo.<\/p>\n<p>&#8211;\u00a0<em>Mujeres de piel<\/em>\u00a0de la Universidad De La Salle Baj\u00edo<\/p>\n<p>Directora: Estefan\u00eda Monserrat Ramos Campos<\/p>\n<p>Ciudad de grabaci\u00f3n: Le\u00f3n, Guanajuato.<\/p>\n<p>El cual se centra en Yulenny, quien desde los 11 a\u00f1os trabajaba en una tienda de zapatos familiar, donde desarroll\u00f3 muchas habilidades mientras disfrutaba de atender a los clientes. Desde entonces, aprendi\u00f3 que el miedo no es parte de ser una mujer emprendedora.<\/p>\n<p>&#8211;\u00a0<em>Ritmos de ra\u00edces<\/em>\u00a0de la Universidad De La Salle Baj\u00edo<\/p>\n<p>Director: Pedro Emmanuel Castellanos Andrade<\/p>\n<p>Ciudad de Grabaci\u00f3n: San Luis de la Paz, Guanajuato<\/p>\n<p>En Guanajuato y la zona del Baj\u00edo vivieron muchas culturas ind\u00edgenas que fueron olvidadas en la historia. En este documental se desentierran las ra\u00edces de estas culturas, que otorgan identidad como guanajuatenses, de la mano de Rafael Andrade.<\/p>\n<p>&#8211;\u00a0<em>El arte charro<\/em>\u00a0del Instituto Irapuato.<\/p>\n<p>Directora: Sara Elisa Torres<\/p>\n<p>Ciudad de grabaci\u00f3n: Irapuato, Guanajuato.<\/p>\n<p>Se enfoca en Don Fernando, maestro de la talabarter\u00eda, junto con sus hijos, quienes mantienen a flote la genealog\u00eda del artesano desde hace m\u00e1s de 30 a\u00f1os. Cuenta c\u00f3mo es que crean toda esa m\u00edstica con diversos materiales y todo lo que les conecta en su labor.<\/p>\n<p>Despu\u00e9s de la proyecci\u00f3n de los cortometrajes participantes que se realiz\u00f3 en Le\u00f3n, se llevar\u00e1 a cabo una muestra especial y la premiaci\u00f3n en Irapuato el 28 de julio a las 20:30 hrs en la Plaza del Artista.<\/p>\n<p>[\/fusion_text][fusion_imageframe image_id=&#8221;45487|medium&#8221; max_width=&#8221;&#8221; style_type=&#8221;&#8221; blur=&#8221;&#8221; stylecolor=&#8221;&#8221; hover_type=&#8221;none&#8221; bordersize=&#8221;&#8221; bordercolor=&#8221;&#8221; borderradius=&#8221;&#8221; align=&#8221;none&#8221; lightbox=&#8221;no&#8221; gallery_id=&#8221;&#8221; lightbox_image=&#8221;&#8221; lightbox_image_id=&#8221;&#8221; alt=&#8221;&#8221; link=&#8221;&#8221; linktarget=&#8221;_self&#8221; hide_on_mobile=&#8221;small-visibility,medium-visibility,large-visibility&#8221; class=&#8221;&#8221; id=&#8221;&#8221; animation_type=&#8221;&#8221; animation_direction=&#8221;left&#8221; animation_speed=&#8221;0.3&#8243; animation_offset=&#8221;&#8221;]https:\/\/www.bitacoracdmx.com\/wp-content\/uploads\/2022\/07\/5473eca7-f42d-f399-4074-b72cd6eddd96-300&#215;225.jpeg[\/fusion_imageframe][\/fusion_builder_column][\/fusion_builder_row][\/fusion_builder_container]<\/p>\n","protected":false},"excerpt":{"rendered":"<p>[fusion_builder_container hundred_percent=&#8221;no&#8221; equal_height_columns=&#8221;no&#8221; menu_anchor=&#8221;&#8221; hide_on_mobile=&#8221;small-visibility,medium-visibility,large-visibility&#8221; class=&#8221;&#8221; id=&#8221;&#8221; background_color=&#8221;&#8221; background_image=&#8221;&#8221; background_position=&#8221;center center&#8221; background_repeat=&#8221;no-repeat&#8221; fade=&#8221;no&#8221; background_parallax=&#8221;none&#8221; parallax_speed=&#8221;0.3&#8243; video_mp4=&#8221;&#8221; video_webm=&#8221;&#8221; video_ogv=&#8221;&#8221; video_url=&#8221;&#8221; video_aspect_ratio=&#8221;16:9&#8243; video_loop=&#8221;yes&#8221; video_mute=&#8221;yes&#8221; overlay_color=&#8221;&#8221; video_preview_image=&#8221;&#8221; border_size=&#8221;&#8221; border_color=&#8221;&#8221; border_style=&#8221;solid&#8221; padding_top=&#8221;&#8221; padding_bottom=&#8221;&#8221; padding_left=&#8221;&#8221; padding_right=&#8221;&#8221;][fusion_builder_row][fusion_builder_column type=&#8221;1_1&#8243; layout=&#8221;1_1&#8243; background_position=&#8221;left top&#8221; background_color=&#8221;&#8221; border_size=&#8221;&#8221; border_color=&#8221;&#8221; border_style=&#8221;solid&#8221; border_position=&#8221;all&#8221; spacing=&#8221;yes&#8221; background_image=&#8221;&#8221; background_repeat=&#8221;no-repeat&#8221; padding_top=&#8221;&#8221; padding_right=&#8221;&#8221; padding_bottom=&#8221;&#8221; padding_left=&#8221;&#8221; margin_top=&#8221;0px&#8221; margin_bottom=&#8221;0px&#8221; class=&#8221;&#8221; id=&#8221;&#8221; animation_type=&#8221;&#8221; animation_speed=&#8221;0.3&#8243; animation_direction=&#8221;left&#8221; hide_on_mobile=&#8221;small-visibility,medium-visibility,large-visibility&#8221; center_content=&#8221;no&#8221; last=&#8221;no&#8221; min_height=&#8221;&#8221; hover_type=&#8221;none&#8221; link=&#8221;&#8221;][fusion_text] REDACCI\u00d3N \u2022\u00a0 Se presentaron los cuatro cortometrajes de la decimosegunda edici\u00f3n del Concurso de Documental Universitario Identidad y Pertenencia en el Teatro del Bicentenario, en la ciudad de Le\u00f3n. Los cuatro equipos finalistas del Concurso de Documental Universitario Identidad y [&hellip;]<\/p>\n","protected":false},"author":1,"featured_media":45487,"comment_status":"open","ping_status":"open","sticky":false,"template":"","format":"standard","meta":{"footnotes":""},"categories":[3,9],"tags":[],"_links":{"self":[{"href":"https:\/\/www.bitacoracdmx.com\/index.php?rest_route=\/wp\/v2\/posts\/45486"}],"collection":[{"href":"https:\/\/www.bitacoracdmx.com\/index.php?rest_route=\/wp\/v2\/posts"}],"about":[{"href":"https:\/\/www.bitacoracdmx.com\/index.php?rest_route=\/wp\/v2\/types\/post"}],"author":[{"embeddable":true,"href":"https:\/\/www.bitacoracdmx.com\/index.php?rest_route=\/wp\/v2\/users\/1"}],"replies":[{"embeddable":true,"href":"https:\/\/www.bitacoracdmx.com\/index.php?rest_route=%2Fwp%2Fv2%2Fcomments&post=45486"}],"version-history":[{"count":1,"href":"https:\/\/www.bitacoracdmx.com\/index.php?rest_route=\/wp\/v2\/posts\/45486\/revisions"}],"predecessor-version":[{"id":45488,"href":"https:\/\/www.bitacoracdmx.com\/index.php?rest_route=\/wp\/v2\/posts\/45486\/revisions\/45488"}],"wp:featuredmedia":[{"embeddable":true,"href":"https:\/\/www.bitacoracdmx.com\/index.php?rest_route=\/wp\/v2\/media\/45487"}],"wp:attachment":[{"href":"https:\/\/www.bitacoracdmx.com\/index.php?rest_route=%2Fwp%2Fv2%2Fmedia&parent=45486"}],"wp:term":[{"taxonomy":"category","embeddable":true,"href":"https:\/\/www.bitacoracdmx.com\/index.php?rest_route=%2Fwp%2Fv2%2Fcategories&post=45486"},{"taxonomy":"post_tag","embeddable":true,"href":"https:\/\/www.bitacoracdmx.com\/index.php?rest_route=%2Fwp%2Fv2%2Ftags&post=45486"}],"curies":[{"name":"wp","href":"https:\/\/api.w.org\/{rel}","templated":true}]}}