{"id":45492,"date":"2022-07-24T04:19:12","date_gmt":"2022-07-24T04:19:12","guid":{"rendered":"https:\/\/www.bitacoracdmx.com\/?p=45492"},"modified":"2022-07-24T04:19:12","modified_gmt":"2022-07-24T04:19:12","slug":"mafalda-llega-al-centro-historico-de-la-cdmx-la-exposicion-inmersiva-del-iconico-personaje-argentino","status":"publish","type":"post","link":"https:\/\/www.bitacoracdmx.com\/?p=45492","title":{"rendered":"MAFALDA llega al Centro Hist\u00f3rico de la CDMX, la exposici\u00f3n inmersiva del ic\u00f3nico personaje argentino."},"content":{"rendered":"<p>[fusion_builder_container hundred_percent=&#8221;no&#8221; equal_height_columns=&#8221;no&#8221; menu_anchor=&#8221;&#8221; hide_on_mobile=&#8221;small-visibility,medium-visibility,large-visibility&#8221; class=&#8221;&#8221; id=&#8221;&#8221; background_color=&#8221;&#8221; background_image=&#8221;&#8221; background_position=&#8221;center center&#8221; background_repeat=&#8221;no-repeat&#8221; fade=&#8221;no&#8221; background_parallax=&#8221;none&#8221; parallax_speed=&#8221;0.3&#8243; video_mp4=&#8221;&#8221; video_webm=&#8221;&#8221; video_ogv=&#8221;&#8221; video_url=&#8221;&#8221; video_aspect_ratio=&#8221;16:9&#8243; video_loop=&#8221;yes&#8221; video_mute=&#8221;yes&#8221; overlay_color=&#8221;&#8221; video_preview_image=&#8221;&#8221; border_size=&#8221;&#8221; border_color=&#8221;&#8221; border_style=&#8221;solid&#8221; padding_top=&#8221;&#8221; padding_bottom=&#8221;&#8221; padding_left=&#8221;&#8221; padding_right=&#8221;&#8221;][fusion_builder_row][fusion_builder_column type=&#8221;1_1&#8243; layout=&#8221;1_1&#8243; background_position=&#8221;left top&#8221; background_color=&#8221;&#8221; border_size=&#8221;&#8221; border_color=&#8221;&#8221; border_style=&#8221;solid&#8221; border_position=&#8221;all&#8221; spacing=&#8221;yes&#8221; background_image=&#8221;&#8221; background_repeat=&#8221;no-repeat&#8221; padding_top=&#8221;&#8221; padding_right=&#8221;&#8221; padding_bottom=&#8221;&#8221; padding_left=&#8221;&#8221; margin_top=&#8221;0px&#8221; margin_bottom=&#8221;0px&#8221; class=&#8221;&#8221; id=&#8221;&#8221; animation_type=&#8221;&#8221; animation_speed=&#8221;0.3&#8243; animation_direction=&#8221;left&#8221; hide_on_mobile=&#8221;small-visibility,medium-visibility,large-visibility&#8221; center_content=&#8221;no&#8221; last=&#8221;no&#8221; min_height=&#8221;&#8221; hover_type=&#8221;none&#8221; link=&#8221;&#8221;][fusion_text]<\/p>\n<p>REDACCI\u00d3N<\/p>\n<p><span class=\"pq6dq46d tbxw36s4 knj5qynh kvgmc6g5 ditlmg2l oygrvhab nvdbi5me sf5mxxl7 gl3lb2sf hhz5lgdu\"><img loading=\"lazy\" decoding=\"async\" src=\"https:\/\/static.xx.fbcdn.net\/images\/emoji.php\/v9\/t5d\/1\/16\/1f4f7.png\" alt=\"&#x1f4f7;\" width=\"16\" height=\"16\" \/><\/span>Omar Castillo<\/p>\n<p>&#8220;El Mundo seg\u00fan Mafalda&#8221; es la exhibici\u00f3n interactiva que te har\u00e1 adentrarte al universo de la peque\u00f1a ni\u00f1a y que cautivar\u00e1 a los seguidores de tan famoso personaje creado por Quino. La muestra esta compuesta por vi\u00f1etas de gran formato, escenarios y m\u00f3dulos donde podr\u00e1s observar su amor por la primavera y Los Beatles pero tambi\u00e9n su fobia por las guerras y la sopa.<\/p>\n<p>Mafalda a cautivado a varias generaciones alrededor del mundo por su agudo sentido del humor y sus reflexiones sobre lo que sucede alrededor. Los a\u00f1os no pasan por esta simp\u00e1tica infante sudamericana ya que esta cerca de celebrar su cumplea\u00f1os 58 y sigue tan jovial como siempre. Los visitantes a este espacio no perder\u00e1n la oportunidad de tomarse algunas cuantas fotos en la recamara, sala o comedor de la vivienda de una de las ni\u00f1as con mas fans en M\u00e9xico.<\/p>\n<p>En el recorrido tambi\u00e9n podr\u00e1s ver el auto Citroen 2CV coche de la familia, a sus amigos Felipe, Manolito,\u00a0 Susanita, Libertad y Manolito.<\/p>\n<p>La exposici\u00f3n de piezas fue creada por Sabina Villagra, directora del Museo Barrilete en la ciudad de C\u00f3rdoba, Argentina.<\/p>\n<p>Entre otros m\u00f3dulos destacan: Mafalda TVO que es una sala en la que se proyectan los cortos animados que se realizaron sobre el personaje. Para los m\u00e1s peque\u00f1os de la familia habr\u00e1 el Taller de los Recursos, en el que podr\u00e1n crear sus propias vi\u00f1etas con los personajes surgidos de la imaginaci\u00f3n de Quino.<\/p>\n<p>El Taller de los inventos, Los derechos de los ni\u00f1os, Galer\u00eda de tiras, Los Juegos,\u00a0 El Autor, Los Gustos y Disgustos de Mafalda son otros de los espacios que sumergen al p\u00fablico en la visi\u00f3n del mundo desde la perspectiva de Mafalda. La historieta ha sido traducida a 26 idiomas y a pesar de ser un personaje de papel su trascendencia es tal que incluso fue elegida como una de las diez argentinas m\u00e1s influyentes del Siglo XX.<\/p>\n<p>Referente de la cultura popular, este adorable personaje siempre enarbolo causas justas y cuestion\u00f3 con toques de inocencia los estereotipos, la discriminaci\u00f3n, la desigualdad social y tambi\u00e9n el machismo. De all\u00ed su trascendencia y cari\u00f1o cultivado a lo largo de 57 a\u00f1os. Es un personaje tan actual, que seguir\u00e1 generando sonrisas en su papel de ni\u00f1a preguntona.<\/p>\n<p>Ya viene su cumplea\u00f1os ya que ella vio la luz en septiembre de 1964 y lo celebrar\u00e1 en grande, as\u00ed que si tambi\u00e9n has sido conquistado por Mafalda no puedes perderte de esta muestra.<\/p>\n<p>Casa Abierta Monte: Calle Monte de Piedad #7, Col. Centro<\/p>\n<p>Del 21 de julio al 3 de septiembre<\/p>\n<p>[\/fusion_text][fusion_gallery layout=&#8221;&#8221; picture_size=&#8221;&#8221; columns=&#8221;&#8221; column_spacing=&#8221;10&#8243; gallery_masonry_grid_ratio=&#8221;&#8221; gallery_masonry_width_double=&#8221;&#8221; hover_type=&#8221;&#8221; lightbox=&#8221;yes&#8221; lightbox_content=&#8221;&#8221; bordersize=&#8221;&#8221; bordercolor=&#8221;&#8221; border_radius=&#8221;&#8221; hide_on_mobile=&#8221;small-visibility,medium-visibility,large-visibility&#8221; class=&#8221;&#8221; id=&#8221;&#8221;][fusion_gallery_image image=&#8221;https:\/\/www.bitacoracdmx.com\/wp-content\/uploads\/2022\/07\/295402982_2203408536485178_5875841443422638118_n-300&#215;200.jpg&#8221; image_id=&#8221;45493|medium&#8221; link=&#8221;&#8221; linktarget=&#8221;_self&#8221; \/][fusion_gallery_image image=&#8221;https:\/\/www.bitacoracdmx.com\/wp-content\/uploads\/2022\/07\/295616562_2203408439818521_1155642533363626143_n-300&#215;200.jpg&#8221; image_id=&#8221;45494|medium&#8221; link=&#8221;&#8221; linktarget=&#8221;_self&#8221; \/][fusion_gallery_image image=&#8221;https:\/\/www.bitacoracdmx.com\/wp-content\/uploads\/2022\/07\/295727594_2203408029818562_7248939446666311398_n-300&#215;200.jpg&#8221; image_id=&#8221;45495|medium&#8221; link=&#8221;&#8221; linktarget=&#8221;_self&#8221; \/][fusion_gallery_image image=&#8221;https:\/\/www.bitacoracdmx.com\/wp-content\/uploads\/2022\/07\/295612822_2203401879819177_4366559878663940541_n-300&#215;200.jpg&#8221; image_id=&#8221;45496|medium&#8221; link=&#8221;&#8221; linktarget=&#8221;_self&#8221; \/][fusion_gallery_image image=&#8221;https:\/\/www.bitacoracdmx.com\/wp-content\/uploads\/2022\/07\/295432127_2203402669819098_354434142674315535_n-200&#215;300.jpg&#8221; image_id=&#8221;45497|medium&#8221; link=&#8221;&#8221; linktarget=&#8221;_self&#8221; \/][fusion_gallery_image image=&#8221;https:\/\/www.bitacoracdmx.com\/wp-content\/uploads\/2022\/07\/295785361_2203401476485884_4260464565078379139_n-300&#215;200.jpg&#8221; image_id=&#8221;45498|medium&#8221; link=&#8221;&#8221; linktarget=&#8221;_self&#8221; \/][fusion_gallery_image image=&#8221;https:\/\/www.bitacoracdmx.com\/wp-content\/uploads\/2022\/07\/295699072_2203402143152484_1400279288315029949_n-300&#215;200.jpg&#8221; image_id=&#8221;45499|medium&#8221; link=&#8221;&#8221; linktarget=&#8221;_self&#8221; \/][fusion_gallery_image image=&#8221;https:\/\/www.bitacoracdmx.com\/wp-content\/uploads\/2022\/07\/295581298_2203402366485795_7633901736789181710_n-300&#215;200.jpg&#8221; image_id=&#8221;45500|medium&#8221; link=&#8221;&#8221; linktarget=&#8221;_self&#8221; \/][fusion_gallery_image image=&#8221;https:\/\/www.bitacoracdmx.com\/wp-content\/uploads\/2022\/07\/295451286_2203402656485766_3312951567746427721_n-200&#215;300.jpg&#8221; image_id=&#8221;45501|medium&#8221; link=&#8221;&#8221; linktarget=&#8221;_self&#8221; \/][fusion_gallery_image image=&#8221;https:\/\/www.bitacoracdmx.com\/wp-content\/uploads\/2022\/07\/294378196_2203401936485838_1958326586921473900_n-300&#215;200.jpg&#8221; image_id=&#8221;45502|medium&#8221; link=&#8221;&#8221; linktarget=&#8221;_self&#8221; \/][fusion_gallery_image image=&#8221;https:\/\/www.bitacoracdmx.com\/wp-content\/uploads\/2022\/07\/295683802_2203396329819732_4170338805143441956_n-300&#215;200.jpg&#8221; image_id=&#8221;45503|medium&#8221; link=&#8221;&#8221; linktarget=&#8221;_self&#8221; \/][fusion_gallery_image image=&#8221;https:\/\/www.bitacoracdmx.com\/wp-content\/uploads\/2022\/07\/295552115_2203402706485761_5247268888537242076_n-300&#215;200.jpg&#8221; image_id=&#8221;45504|medium&#8221; link=&#8221;&#8221; linktarget=&#8221;_self&#8221; \/][\/fusion_gallery][\/fusion_builder_column][\/fusion_builder_row][\/fusion_builder_container]<\/p>\n","protected":false},"excerpt":{"rendered":"<p>[fusion_builder_container hundred_percent=&#8221;no&#8221; equal_height_columns=&#8221;no&#8221; menu_anchor=&#8221;&#8221; hide_on_mobile=&#8221;small-visibility,medium-visibility,large-visibility&#8221; class=&#8221;&#8221; id=&#8221;&#8221; background_color=&#8221;&#8221; background_image=&#8221;&#8221; background_position=&#8221;center center&#8221; background_repeat=&#8221;no-repeat&#8221; fade=&#8221;no&#8221; background_parallax=&#8221;none&#8221; parallax_speed=&#8221;0.3&#8243; video_mp4=&#8221;&#8221; video_webm=&#8221;&#8221; video_ogv=&#8221;&#8221; video_url=&#8221;&#8221; video_aspect_ratio=&#8221;16:9&#8243; video_loop=&#8221;yes&#8221; video_mute=&#8221;yes&#8221; overlay_color=&#8221;&#8221; video_preview_image=&#8221;&#8221; border_size=&#8221;&#8221; border_color=&#8221;&#8221; border_style=&#8221;solid&#8221; padding_top=&#8221;&#8221; padding_bottom=&#8221;&#8221; padding_left=&#8221;&#8221; padding_right=&#8221;&#8221;][fusion_builder_row][fusion_builder_column type=&#8221;1_1&#8243; layout=&#8221;1_1&#8243; background_position=&#8221;left top&#8221; background_color=&#8221;&#8221; border_size=&#8221;&#8221; border_color=&#8221;&#8221; border_style=&#8221;solid&#8221; border_position=&#8221;all&#8221; spacing=&#8221;yes&#8221; background_image=&#8221;&#8221; background_repeat=&#8221;no-repeat&#8221; padding_top=&#8221;&#8221; padding_right=&#8221;&#8221; padding_bottom=&#8221;&#8221; padding_left=&#8221;&#8221; margin_top=&#8221;0px&#8221; margin_bottom=&#8221;0px&#8221; class=&#8221;&#8221; id=&#8221;&#8221; animation_type=&#8221;&#8221; animation_speed=&#8221;0.3&#8243; animation_direction=&#8221;left&#8221; hide_on_mobile=&#8221;small-visibility,medium-visibility,large-visibility&#8221; center_content=&#8221;no&#8221; last=&#8221;no&#8221; min_height=&#8221;&#8221; hover_type=&#8221;none&#8221; link=&#8221;&#8221;][fusion_text] REDACCI\u00d3N Omar Castillo &#8220;El Mundo seg\u00fan Mafalda&#8221; es la exhibici\u00f3n interactiva que te har\u00e1 adentrarte al universo de la peque\u00f1a ni\u00f1a y que cautivar\u00e1 a los seguidores de tan famoso personaje creado por Quino. La muestra esta compuesta por vi\u00f1etas [&hellip;]<\/p>\n","protected":false},"author":1,"featured_media":45497,"comment_status":"open","ping_status":"open","sticky":false,"template":"","format":"standard","meta":{"footnotes":""},"categories":[4,9],"tags":[],"_links":{"self":[{"href":"https:\/\/www.bitacoracdmx.com\/index.php?rest_route=\/wp\/v2\/posts\/45492"}],"collection":[{"href":"https:\/\/www.bitacoracdmx.com\/index.php?rest_route=\/wp\/v2\/posts"}],"about":[{"href":"https:\/\/www.bitacoracdmx.com\/index.php?rest_route=\/wp\/v2\/types\/post"}],"author":[{"embeddable":true,"href":"https:\/\/www.bitacoracdmx.com\/index.php?rest_route=\/wp\/v2\/users\/1"}],"replies":[{"embeddable":true,"href":"https:\/\/www.bitacoracdmx.com\/index.php?rest_route=%2Fwp%2Fv2%2Fcomments&post=45492"}],"version-history":[{"count":1,"href":"https:\/\/www.bitacoracdmx.com\/index.php?rest_route=\/wp\/v2\/posts\/45492\/revisions"}],"predecessor-version":[{"id":45505,"href":"https:\/\/www.bitacoracdmx.com\/index.php?rest_route=\/wp\/v2\/posts\/45492\/revisions\/45505"}],"wp:featuredmedia":[{"embeddable":true,"href":"https:\/\/www.bitacoracdmx.com\/index.php?rest_route=\/wp\/v2\/media\/45497"}],"wp:attachment":[{"href":"https:\/\/www.bitacoracdmx.com\/index.php?rest_route=%2Fwp%2Fv2%2Fmedia&parent=45492"}],"wp:term":[{"taxonomy":"category","embeddable":true,"href":"https:\/\/www.bitacoracdmx.com\/index.php?rest_route=%2Fwp%2Fv2%2Fcategories&post=45492"},{"taxonomy":"post_tag","embeddable":true,"href":"https:\/\/www.bitacoracdmx.com\/index.php?rest_route=%2Fwp%2Fv2%2Ftags&post=45492"}],"curies":[{"name":"wp","href":"https:\/\/api.w.org\/{rel}","templated":true}]}}