{"id":45535,"date":"2022-07-25T22:07:50","date_gmt":"2022-07-25T22:07:50","guid":{"rendered":"https:\/\/www.bitacoracdmx.com\/?p=45535"},"modified":"2022-07-25T22:07:50","modified_gmt":"2022-07-25T22:07:50","slug":"con-dos-funciones-especiales-de-edipo-nadie-es-ateo-se-homenajeara-al-maestro-alejandro-luna","status":"publish","type":"post","link":"https:\/\/www.bitacoracdmx.com\/?p=45535","title":{"rendered":"Con dos funciones especiales de EDIPO: NADIE ES ATEO se homenajear\u00e1 al maestro ALEJANDRO LUNA"},"content":{"rendered":"<p>[fusion_builder_container hundred_percent=&#8221;no&#8221; equal_height_columns=&#8221;no&#8221; menu_anchor=&#8221;&#8221; hide_on_mobile=&#8221;small-visibility,medium-visibility,large-visibility&#8221; class=&#8221;&#8221; id=&#8221;&#8221; background_color=&#8221;&#8221; background_image=&#8221;&#8221; background_position=&#8221;center center&#8221; background_repeat=&#8221;no-repeat&#8221; fade=&#8221;no&#8221; background_parallax=&#8221;none&#8221; parallax_speed=&#8221;0.3&#8243; video_mp4=&#8221;&#8221; video_webm=&#8221;&#8221; video_ogv=&#8221;&#8221; video_url=&#8221;&#8221; video_aspect_ratio=&#8221;16:9&#8243; video_loop=&#8221;yes&#8221; video_mute=&#8221;yes&#8221; overlay_color=&#8221;&#8221; video_preview_image=&#8221;&#8221; border_size=&#8221;&#8221; border_color=&#8221;&#8221; border_style=&#8221;solid&#8221; padding_top=&#8221;&#8221; padding_bottom=&#8221;&#8221; padding_left=&#8221;&#8221; padding_right=&#8221;&#8221;][fusion_builder_row][fusion_builder_column type=&#8221;1_1&#8243; layout=&#8221;1_1&#8243; background_position=&#8221;left top&#8221; background_color=&#8221;&#8221; border_size=&#8221;&#8221; border_color=&#8221;&#8221; border_style=&#8221;solid&#8221; border_position=&#8221;all&#8221; spacing=&#8221;yes&#8221; background_image=&#8221;&#8221; background_repeat=&#8221;no-repeat&#8221; padding_top=&#8221;&#8221; padding_right=&#8221;&#8221; padding_bottom=&#8221;&#8221; padding_left=&#8221;&#8221; margin_top=&#8221;0px&#8221; margin_bottom=&#8221;0px&#8221; class=&#8221;&#8221; id=&#8221;&#8221; animation_type=&#8221;&#8221; animation_speed=&#8221;0.3&#8243; animation_direction=&#8221;left&#8221; hide_on_mobile=&#8221;small-visibility,medium-visibility,large-visibility&#8221; center_content=&#8221;no&#8221; last=&#8221;no&#8221; min_height=&#8221;&#8221; hover_type=&#8221;none&#8221; link=&#8221;&#8221;][fusion_text]<\/p>\n<p>REDACCI\u00d3N<\/p>\n<p class=\"x_gmail-MsoListParagraphCxSpFirst\">\u00b7 <b>Se llevar\u00e1n a cabo las \u00fanicas presentaciones los d\u00edas s\u00e1bado 13 y domingo 14 de agosto<\/b><\/p>\n<p class=\"x_gmail-MsoListParagraphCxSpMiddle\">\u00b7 <b>Las funciones celebrar\u00e1n la vida y la obra de Luna, quien realiz\u00f3 la escenograf\u00eda e iluminaci\u00f3n del presente montaje<\/b><\/p>\n<p class=\"x_gmail-MsoListParagraphCxSpLast\">\u00b7 <b>Autor\u00eda y direcci\u00f3n de David Gait\u00e1n, la propuesta cuenta con las actuaciones de Carolina Politi, Adri\u00e1n Ladr\u00f3n, Diana Sedano, Ram\u00f3n Morales y el propio Gait\u00e1n<\/b><\/p>\n<p class=\"x_MsoNormal\">Ganadora en 2019 de los Premios Metropolitanos a la Mejor Adaptaci\u00f3n y a la Mejor Direcci\u00f3n de escena, la puesta\u00a0<b><i>Edipo: nadie es ateo<\/i><\/b>, escrita y dirigida por David Gait\u00e1n,<b>\u00a0<\/b>ofrecer\u00e1 dos funciones especiales\u00a0en el\u00a0<b>Teatro<\/b>\u00a0<b>de la Ciudad Esperanza Iris<\/b>, de la\u00a0<b>Direcci\u00f3n del Sistema de Teatros de la Secretar\u00eda de Cultura de la Ciudad de M\u00e9xico.<\/b><\/p>\n<p class=\"x_MsoNormal\">Las funciones estar\u00e1n dedicadas a rendir homenaje al escen\u00f3grafo Alejandro Luna \u2013quien participa en el presente montaje con el dise\u00f1o de escenograf\u00eda e iluminaci\u00f3n\u2013 y se llevar\u00e1n a cabo los d\u00edas\u00a0s\u00e1bado 13 de agosto a las 19:00 horas y domingo 14 a las 18:00 en el recinto de Donceles.<\/p>\n<p class=\"x_gmail-Predeterminado\">Alejandro Luna es una instituci\u00f3n esc\u00e9nica en todo el mundo y ha sido calificado por sus pares como un\u00a0\u201cgenio de la luz\u201d y \u201cpilar fundamental del teatro mexicano\u201d y a quien se rinde un reconocimiento por su amplia trayectoria.<\/p>\n<p class=\"x_gmail-Predeterminado\">La propuesta es\u00a0una reinterpretaci\u00f3n\u00a0de\u00a0la\u00a0m\u00edtica\u00a0tragedia griega\u00a0en la que el destino del personaje,\u00a0Edipo,\u00a0est\u00e1 determinado a\u00a0asesinar a su propio padre y\u00a0a\u00a0compartir el lecho nupcial con su\u00a0propia madre.<\/p>\n<p class=\"x_gmail-Predeterminado\">En\u00a0<b><i>Edipo: nadie es ateo<\/i><\/b>, David Gait\u00e1n\u00a0plantea, a partir de una argumentaci\u00f3n basada en la premisa formal del v\u00e9rtigo, una disertaci\u00f3n que busca arrojar luz respecto al concepto de verdad y su aplicaci\u00f3n\u00a0a\u00a0contextos tanto \u00edntimos como de pol\u00edtica p\u00fablica, es decir, est\u00e1 enfocada en\u00a0la\u00a0urgente y\u00a0desesperada\u00a0b\u00fasqueda de la verdad.<\/p>\n<p class=\"x_gmail-Predeterminado\">En la reinterpretaci\u00f3n de Gait\u00e1n \u2013basada principalmente en\u00a0<i>Edipo Rey<\/i>, de S\u00f3focles\u2013, la ciudad de Tebas\u00a0est\u00e1 cubierta por los cad\u00e1veres de animales. Sin raz\u00f3n aparente, han ido muriendo poco a poco.<\/p>\n<p class=\"x_gmail-Predeterminado\">Ante el desconcierto que la peste ha generado entre la poblaci\u00f3n, el or\u00e1culo Tiresias advierte: \u201cUn humano se col\u00f3 entre las bestias. Secuestr\u00f3 todo el salvajismo disponible. Encuentren al animal\u00a0y Tebas renacer\u00e1.\u201d El rey Edipo\u00a0aferrado a restablecer el bienestar de su pueblo, comienza as\u00ed una cacer\u00eda ciega en pos del culpable.<\/p>\n<p class=\"x_gmail-Predeterminado\">Las acciones recaen en un elenco limitado a cinco actores participantes:\u00a0Carolina Politi, Adri\u00e1n Ladr\u00f3n, Diana Sedano,\u00a0Ram\u00f3n Morales\u00a0y el propio David Gait\u00e1n, quienes integran la presente puesta, producida por Magnifico Entertainment.<\/p>\n<p class=\"x_gmail-Predeterminado\">Para el mejor entendimiento y disfrute de la pieza esc\u00e9nica, es importante subrayar que el mito de\u00a0<i>Edipo Rey<\/i>\u00a0ha marcado la civilizaci\u00f3n occidental de manera tan determinante e incidido en tantas \u00e1reas (cient\u00edfica, social, afectiva y\u00a0psicodin\u00e1mica) de modo tan categ\u00f3rico que ha modificado su cualidad de simple relato a\u00a0todo un\u00a0concepto.<\/p>\n<p class=\"x_gmail-Predeterminado\">\u201cLo\u00a0ed\u00edpico hoy puede ser entendido como un modo de relacionarse con los pares, la pol\u00edtica y hasta la realidad. El peso de este antecedente, imposible de pasar por alto, determin\u00f3 en buena medida la escritura de\u00a0<b><i>Edipo: nadie es ateo<\/i><\/b><b>\u00a0<\/b>y su puesta en escena\u201d, reconoce el autor, director y actor David Gait\u00e1n.<\/p>\n<p class=\"x_gmail-Predeterminado\">Se apela a una progresi\u00f3n en dos v\u00edas: la del relato y la de la reinterpretaci\u00f3n de un mito por muchos conocido.\u00a0\u201cLa obra aspira a generar una sensaci\u00f3n de v\u00e9rtigo al estar planteada esc\u00e9nicamente como un acto \u00fanico y rebota constantemente entre las pulsiones \u00edntimas de los personajes y el efecto que \u00e9stas tienen en el terreno de lo p\u00fablico\u201d, agrega Gait\u00e1n.<\/p>\n<p class=\"x_gmail-Predeterminado\">La reflexi\u00f3n particular que esta versi\u00f3n ofrece con respecto a montajes tradicionales del mito, es en torno a la verdad: \u201cPara dar con el responsable de la peste que azota Tebas, Edipo propone a su pueblo un acto\u00a0<i>perform\u00e1tico<\/i>: decir la verdad a toda costa, preguntar lo que no se sepa, activar las conversaciones que se tienen catalogadas como prohibidas y desmontar la censura\u201d, advierte el director de escena.<\/p>\n<p class=\"x_gmail-Predeterminado\">De esa forma \u2013completa Gait\u00e1n\u2013\u00a0el pueblo\u00a0tebano relata,\u00a0a trav\u00e9s de cartas que se le leen a Edipo mientras descansa en el ojo de un hurac\u00e1n,\u00a0c\u00f3mo la pr\u00e1ctica de la verdad es un camino viable para resolver todos los problemas:\u00a0la verdad como una versi\u00f3n de la divinidad.<\/p>\n<p class=\"x_gmail-Predeterminado\">En la puesta en escena participan tambi\u00e9n: Mario Mar\u00edn en el vestuario;\u00a0Amanda Schmelz\u00a0en el maquillaje;\u00a0Rodrigo Espinoza\u00a0en el dise\u00f1o sonoro, y Erika G\u00f3mez y F\u00e9lix Arroyo como escen\u00f3grafa e iluminador adjuntos.<\/p>\n<p class=\"x_MsoNormal\"><b><i>Edipo: nadie es ateo<\/i><\/b>\u00a0se presentar\u00e1 en dos \u00fanicas funciones\u00a0los d\u00edas\u00a0<b>s\u00e1bado 13 de agosto a las 19:00 y domingo 14 a las 18:00 horas,\u00a0<\/b>en el\u00a0<b>Teatro de la Ciudad Esperanza Iris<\/b>\u00a0(Donceles 36, Centro Hist\u00f3rico, Metro Allende), con los cuidados sanitarios necesarios: uso permanente de cubre-bocas y de gel anti-bacterial, tanto de parte del personal del teatro como de los espectadores.<\/p>\n<p class=\"x_gmail-Predeterminado\"><b>Admisi\u00f3n:<\/b>\u00a0Luneta, Primer Piso Central y Primer Piso Lateral $250, y\u00a0Anfiteatro y Galer\u00eda,\u00a0$200.\u00a0Los boletos se pueden adquirir en la taquilla del teatro y en las plataformas digitales de\u00a0<b>Ticketmaster<\/b>.<\/p>\n<p>[\/fusion_text][fusion_imageframe image_id=&#8221;45537|medium&#8221; max_width=&#8221;&#8221; style_type=&#8221;&#8221; blur=&#8221;&#8221; stylecolor=&#8221;&#8221; hover_type=&#8221;none&#8221; bordersize=&#8221;&#8221; bordercolor=&#8221;&#8221; borderradius=&#8221;&#8221; align=&#8221;none&#8221; lightbox=&#8221;no&#8221; gallery_id=&#8221;&#8221; lightbox_image=&#8221;&#8221; lightbox_image_id=&#8221;&#8221; alt=&#8221;&#8221; link=&#8221;&#8221; linktarget=&#8221;_self&#8221; hide_on_mobile=&#8221;small-visibility,medium-visibility,large-visibility&#8221; class=&#8221;&#8221; id=&#8221;&#8221; animation_type=&#8221;&#8221; animation_direction=&#8221;left&#8221; animation_speed=&#8221;0.3&#8243; animation_offset=&#8221;&#8221;]https:\/\/www.bitacoracdmx.com\/wp-content\/uploads\/2022\/07\/descargar-2022-07-25T164029.784-199&#215;300.png[\/fusion_imageframe][\/fusion_builder_column][\/fusion_builder_row][\/fusion_builder_container]<\/p>\n","protected":false},"excerpt":{"rendered":"<p>[fusion_builder_container hundred_percent=&#8221;no&#8221; equal_height_columns=&#8221;no&#8221; menu_anchor=&#8221;&#8221; hide_on_mobile=&#8221;small-visibility,medium-visibility,large-visibility&#8221; class=&#8221;&#8221; id=&#8221;&#8221; background_color=&#8221;&#8221; background_image=&#8221;&#8221; background_position=&#8221;center center&#8221; background_repeat=&#8221;no-repeat&#8221; fade=&#8221;no&#8221; background_parallax=&#8221;none&#8221; parallax_speed=&#8221;0.3&#8243; video_mp4=&#8221;&#8221; video_webm=&#8221;&#8221; video_ogv=&#8221;&#8221; video_url=&#8221;&#8221; video_aspect_ratio=&#8221;16:9&#8243; video_loop=&#8221;yes&#8221; video_mute=&#8221;yes&#8221; overlay_color=&#8221;&#8221; video_preview_image=&#8221;&#8221; border_size=&#8221;&#8221; border_color=&#8221;&#8221; border_style=&#8221;solid&#8221; padding_top=&#8221;&#8221; padding_bottom=&#8221;&#8221; padding_left=&#8221;&#8221; padding_right=&#8221;&#8221;][fusion_builder_row][fusion_builder_column type=&#8221;1_1&#8243; layout=&#8221;1_1&#8243; background_position=&#8221;left top&#8221; background_color=&#8221;&#8221; border_size=&#8221;&#8221; border_color=&#8221;&#8221; border_style=&#8221;solid&#8221; border_position=&#8221;all&#8221; spacing=&#8221;yes&#8221; background_image=&#8221;&#8221; background_repeat=&#8221;no-repeat&#8221; padding_top=&#8221;&#8221; padding_right=&#8221;&#8221; padding_bottom=&#8221;&#8221; padding_left=&#8221;&#8221; margin_top=&#8221;0px&#8221; margin_bottom=&#8221;0px&#8221; class=&#8221;&#8221; id=&#8221;&#8221; animation_type=&#8221;&#8221; animation_speed=&#8221;0.3&#8243; animation_direction=&#8221;left&#8221; hide_on_mobile=&#8221;small-visibility,medium-visibility,large-visibility&#8221; center_content=&#8221;no&#8221; last=&#8221;no&#8221; min_height=&#8221;&#8221; hover_type=&#8221;none&#8221; link=&#8221;&#8221;][fusion_text] REDACCI\u00d3N \u00b7 Se llevar\u00e1n a cabo las \u00fanicas presentaciones los d\u00edas s\u00e1bado 13 y domingo 14 de agosto \u00b7 Las funciones celebrar\u00e1n la vida y la obra de Luna, quien realiz\u00f3 la escenograf\u00eda e iluminaci\u00f3n del presente montaje \u00b7 Autor\u00eda [&hellip;]<\/p>\n","protected":false},"author":1,"featured_media":45537,"comment_status":"open","ping_status":"open","sticky":false,"template":"","format":"standard","meta":{"footnotes":""},"categories":[9,14],"tags":[],"_links":{"self":[{"href":"https:\/\/www.bitacoracdmx.com\/index.php?rest_route=\/wp\/v2\/posts\/45535"}],"collection":[{"href":"https:\/\/www.bitacoracdmx.com\/index.php?rest_route=\/wp\/v2\/posts"}],"about":[{"href":"https:\/\/www.bitacoracdmx.com\/index.php?rest_route=\/wp\/v2\/types\/post"}],"author":[{"embeddable":true,"href":"https:\/\/www.bitacoracdmx.com\/index.php?rest_route=\/wp\/v2\/users\/1"}],"replies":[{"embeddable":true,"href":"https:\/\/www.bitacoracdmx.com\/index.php?rest_route=%2Fwp%2Fv2%2Fcomments&post=45535"}],"version-history":[{"count":1,"href":"https:\/\/www.bitacoracdmx.com\/index.php?rest_route=\/wp\/v2\/posts\/45535\/revisions"}],"predecessor-version":[{"id":45538,"href":"https:\/\/www.bitacoracdmx.com\/index.php?rest_route=\/wp\/v2\/posts\/45535\/revisions\/45538"}],"wp:featuredmedia":[{"embeddable":true,"href":"https:\/\/www.bitacoracdmx.com\/index.php?rest_route=\/wp\/v2\/media\/45537"}],"wp:attachment":[{"href":"https:\/\/www.bitacoracdmx.com\/index.php?rest_route=%2Fwp%2Fv2%2Fmedia&parent=45535"}],"wp:term":[{"taxonomy":"category","embeddable":true,"href":"https:\/\/www.bitacoracdmx.com\/index.php?rest_route=%2Fwp%2Fv2%2Fcategories&post=45535"},{"taxonomy":"post_tag","embeddable":true,"href":"https:\/\/www.bitacoracdmx.com\/index.php?rest_route=%2Fwp%2Fv2%2Ftags&post=45535"}],"curies":[{"name":"wp","href":"https:\/\/api.w.org\/{rel}","templated":true}]}}