{"id":45539,"date":"2022-07-25T22:13:20","date_gmt":"2022-07-25T22:13:20","guid":{"rendered":"https:\/\/www.bitacoracdmx.com\/?p=45539"},"modified":"2022-07-25T22:13:20","modified_gmt":"2022-07-25T22:13:20","slug":"croacia-es-el-pais-invitado-de-la-edicion-numero-25-del-giff-con-una-gala-especial","status":"publish","type":"post","link":"https:\/\/www.bitacoracdmx.com\/?p=45539","title":{"rendered":"Croacia es el Pa\u00eds Invitado de la edici\u00f3n n\u00famero 25 del GIFF con una gala especial"},"content":{"rendered":"<p>[fusion_builder_container hundred_percent=&#8221;no&#8221; equal_height_columns=&#8221;no&#8221; menu_anchor=&#8221;&#8221; hide_on_mobile=&#8221;small-visibility,medium-visibility,large-visibility&#8221; class=&#8221;&#8221; id=&#8221;&#8221; background_color=&#8221;&#8221; background_image=&#8221;&#8221; background_position=&#8221;center center&#8221; background_repeat=&#8221;no-repeat&#8221; fade=&#8221;no&#8221; background_parallax=&#8221;none&#8221; parallax_speed=&#8221;0.3&#8243; video_mp4=&#8221;&#8221; video_webm=&#8221;&#8221; video_ogv=&#8221;&#8221; video_url=&#8221;&#8221; video_aspect_ratio=&#8221;16:9&#8243; video_loop=&#8221;yes&#8221; video_mute=&#8221;yes&#8221; overlay_color=&#8221;&#8221; video_preview_image=&#8221;&#8221; border_size=&#8221;&#8221; border_color=&#8221;&#8221; border_style=&#8221;solid&#8221; padding_top=&#8221;&#8221; padding_bottom=&#8221;&#8221; padding_left=&#8221;&#8221; padding_right=&#8221;&#8221;][fusion_builder_row][fusion_builder_column type=&#8221;1_1&#8243; layout=&#8221;1_1&#8243; background_position=&#8221;left top&#8221; background_color=&#8221;&#8221; border_size=&#8221;&#8221; border_color=&#8221;&#8221; border_style=&#8221;solid&#8221; border_position=&#8221;all&#8221; spacing=&#8221;yes&#8221; background_image=&#8221;&#8221; background_repeat=&#8221;no-repeat&#8221; padding_top=&#8221;&#8221; padding_right=&#8221;&#8221; padding_bottom=&#8221;&#8221; padding_left=&#8221;&#8221; margin_top=&#8221;0px&#8221; margin_bottom=&#8221;0px&#8221; class=&#8221;&#8221; id=&#8221;&#8221; animation_type=&#8221;&#8221; animation_speed=&#8221;0.3&#8243; animation_direction=&#8221;left&#8221; hide_on_mobile=&#8221;small-visibility,medium-visibility,large-visibility&#8221; center_content=&#8221;no&#8221; last=&#8221;no&#8221; min_height=&#8221;&#8221; hover_type=&#8221;none&#8221; link=&#8221;&#8221;][fusion_text]<\/p>\n<p>REDACCI\u00d3N<\/p>\n<table role=\"presentation\" border=\"0\" width=\"100%\" cellspacing=\"0\" cellpadding=\"0\">\n<tbody>\n<tr>\n<td class=\"x_mceSpacing-24\" valign=\"top\">\n<div class=\"x_mceText\">\n<p class=\"x_last-child\"><em>\u2022 La gala especial de Croacia, pa\u00eds invitado de la edici\u00f3n 25 del Festival Internacional de Cine Guanajuato, cont\u00f3 con la proyecci\u00f3n de la galardonada cinta Murina de la cineasta Antoneta Alamat Kusijanovi\u0107.<\/em><\/p>\n<\/div>\n<\/td>\n<\/tr>\n<tr>\n<td class=\"x_mceSpacing-24\" valign=\"top\">\n<div class=\"x_mceText\">\n<p>El Festival Internacional de Cine Guanajuato continua creando puentes culturales y alianzas con otras industrias cinematogr\u00e1ficas internacionales, este a\u00f1o ha convocado a Croacia, como Pa\u00eds Invitado. Una naci\u00f3n con una sana y prol\u00edfica industria f\u00edlmica, en donde destaca su aporte en la animaci\u00f3n y las producciones de largometrajes que han sembrado grandes premios en los \u00faltimos a\u00f1os a nivel mundial.<\/p>\n<p>Con un programa que incluye la conferencia \u201cReflectores sobre la animaci\u00f3n croata\u201d con el director Marko Djeska y el productor Drasko Ivezic de la casa productora Adriatic Animation, la exhibici\u00f3n de una retrospectiva de la celebrada Escuela de Zagreb, conformada por 11 cortometrajes animados. Y la Gala especial con la proyecci\u00f3n de la cinta\u00a0<em>Murina<\/em>, de Antoneta Alamat Kusijanovi\u0107, que se condecor\u00f3 con el premio de la C\u00e1mara de Oro a la Mejor \u00d3pera Prima en el Festival de Cannes del 2021.<\/p>\n<p>En la gala se resalt\u00f3 el valor cultural del pa\u00eds invitado y cont\u00f3 con la presencia de Irena Jeli\u0107, jefa del Departamento de Promoci\u00f3n y Festivales del Centro Audiovisual Croata, quien se mostr\u00f3 muy agradecida con el GIFF y esta colaboraci\u00f3n. Mencion\u00f3 que la directora no hab\u00eda podido asistir porque estaba trabajando en su nueva pel\u00edcula, la cual adelant\u00f3 que tendr\u00eda gestos a nuestro pa\u00eds.<\/p>\n<p>La historia narra las tensiones en aumento entre Julija y su opresivo padre, cuando Ante, un amigo de la familia, llega a su hogar en una isla croata. Mientras Ante intenta negociar un trato vital con su padre, la existencia tranquila pero aislada deja a Julija con ganas de m\u00e1s de este visitante, quien brinda una probada de la libertad ausente en la vida de la joven, donde queda expuesto su deseo y la violencia cotidiana con la que debe lidiar.<\/p>\n<p><em>Murina<\/em>\u00a0es el primer largometraje de la directora, basada en su cortometraje previo<em>, Into the Blue\u00a0<\/em>el cual fue parte de la selecci\u00f3n del GIFF en el 2018, el cual<em>\u00a0<\/em>fue premiado en la Berlinale y fue nominado para un \u00d3scar Estudiantil. Tiene una maestr\u00eda en Direcci\u00f3n por la Universidad de Columbia en Nueva York, y una maestr\u00eda en Producci\u00f3n de la Academia de Artes Dram\u00e1ticas croata, adem\u00e1s de ser miembro de la Academia de las Artes Cinematogr\u00e1ficas estadounidenses.<\/p>\n<p>La cinta desarrolla este\u00a0<em>coming-of-age<\/em>\u00a0que nos muestra la vida de Julija una adolescente atrapada en el autoritarismo de su padre y ante la indiferencia de su madre.<\/p>\n<p class=\"x_last-child\">La historia es un pretexto para hablar sobre una serie de violencias contra la mujer desde el n\u00facleo familiar, en donde por medio de un atinado y elegante desarrollo nos lleva a sentir lo que nuestra protagonista siente. Usando la c\u00e1mara para encerrarnos dentro de la realidad claustrof\u00f3bica de la personaje, en donde todo a su alrededor, que al principio se presenta como un para\u00edso, se vuelve una prisi\u00f3n de alta seguridad.<\/p>\n<\/div>\n<\/td>\n<\/tr>\n<\/tbody>\n<\/table>\n<p>[\/fusion_text][fusion_imageframe image_id=&#8221;45540|medium&#8221; max_width=&#8221;&#8221; style_type=&#8221;&#8221; blur=&#8221;&#8221; stylecolor=&#8221;&#8221; hover_type=&#8221;none&#8221; bordersize=&#8221;&#8221; bordercolor=&#8221;&#8221; borderradius=&#8221;&#8221; align=&#8221;none&#8221; lightbox=&#8221;no&#8221; gallery_id=&#8221;&#8221; lightbox_image=&#8221;&#8221; lightbox_image_id=&#8221;&#8221; alt=&#8221;&#8221; link=&#8221;&#8221; linktarget=&#8221;_self&#8221; hide_on_mobile=&#8221;small-visibility,medium-visibility,large-visibility&#8221; class=&#8221;&#8221; id=&#8221;&#8221; animation_type=&#8221;&#8221; animation_direction=&#8221;left&#8221; animation_speed=&#8221;0.3&#8243; animation_offset=&#8221;&#8221;]https:\/\/www.bitacoracdmx.com\/wp-content\/uploads\/2022\/07\/06ce93ba-8aec-4364-3ec7-7a2adf964e3d-300&#215;169.jpg[\/fusion_imageframe][\/fusion_builder_column][\/fusion_builder_row][\/fusion_builder_container]<\/p>\n","protected":false},"excerpt":{"rendered":"<p>[fusion_builder_container hundred_percent=&#8221;no&#8221; equal_height_columns=&#8221;no&#8221; menu_anchor=&#8221;&#8221; hide_on_mobile=&#8221;small-visibility,medium-visibility,large-visibility&#8221; class=&#8221;&#8221; id=&#8221;&#8221; background_color=&#8221;&#8221; background_image=&#8221;&#8221; background_position=&#8221;center center&#8221; background_repeat=&#8221;no-repeat&#8221; fade=&#8221;no&#8221; background_parallax=&#8221;none&#8221; parallax_speed=&#8221;0.3&#8243; video_mp4=&#8221;&#8221; video_webm=&#8221;&#8221; video_ogv=&#8221;&#8221; video_url=&#8221;&#8221; video_aspect_ratio=&#8221;16:9&#8243; video_loop=&#8221;yes&#8221; video_mute=&#8221;yes&#8221; overlay_color=&#8221;&#8221; video_preview_image=&#8221;&#8221; border_size=&#8221;&#8221; border_color=&#8221;&#8221; border_style=&#8221;solid&#8221; padding_top=&#8221;&#8221; padding_bottom=&#8221;&#8221; padding_left=&#8221;&#8221; padding_right=&#8221;&#8221;][fusion_builder_row][fusion_builder_column type=&#8221;1_1&#8243; layout=&#8221;1_1&#8243; background_position=&#8221;left top&#8221; background_color=&#8221;&#8221; border_size=&#8221;&#8221; border_color=&#8221;&#8221; border_style=&#8221;solid&#8221; border_position=&#8221;all&#8221; spacing=&#8221;yes&#8221; background_image=&#8221;&#8221; background_repeat=&#8221;no-repeat&#8221; padding_top=&#8221;&#8221; padding_right=&#8221;&#8221; padding_bottom=&#8221;&#8221; padding_left=&#8221;&#8221; margin_top=&#8221;0px&#8221; margin_bottom=&#8221;0px&#8221; class=&#8221;&#8221; id=&#8221;&#8221; animation_type=&#8221;&#8221; animation_speed=&#8221;0.3&#8243; animation_direction=&#8221;left&#8221; hide_on_mobile=&#8221;small-visibility,medium-visibility,large-visibility&#8221; center_content=&#8221;no&#8221; last=&#8221;no&#8221; min_height=&#8221;&#8221; hover_type=&#8221;none&#8221; link=&#8221;&#8221;][fusion_text] REDACCI\u00d3N \u2022 La gala especial de Croacia, pa\u00eds invitado de la edici\u00f3n 25 del Festival Internacional de Cine Guanajuato, cont\u00f3 con la proyecci\u00f3n de la galardonada cinta Murina de la cineasta Antoneta Alamat Kusijanovi\u0107. El Festival Internacional de Cine Guanajuato [&hellip;]<\/p>\n","protected":false},"author":1,"featured_media":45540,"comment_status":"open","ping_status":"open","sticky":false,"template":"","format":"standard","meta":{"footnotes":""},"categories":[3,9],"tags":[],"_links":{"self":[{"href":"https:\/\/www.bitacoracdmx.com\/index.php?rest_route=\/wp\/v2\/posts\/45539"}],"collection":[{"href":"https:\/\/www.bitacoracdmx.com\/index.php?rest_route=\/wp\/v2\/posts"}],"about":[{"href":"https:\/\/www.bitacoracdmx.com\/index.php?rest_route=\/wp\/v2\/types\/post"}],"author":[{"embeddable":true,"href":"https:\/\/www.bitacoracdmx.com\/index.php?rest_route=\/wp\/v2\/users\/1"}],"replies":[{"embeddable":true,"href":"https:\/\/www.bitacoracdmx.com\/index.php?rest_route=%2Fwp%2Fv2%2Fcomments&post=45539"}],"version-history":[{"count":1,"href":"https:\/\/www.bitacoracdmx.com\/index.php?rest_route=\/wp\/v2\/posts\/45539\/revisions"}],"predecessor-version":[{"id":45541,"href":"https:\/\/www.bitacoracdmx.com\/index.php?rest_route=\/wp\/v2\/posts\/45539\/revisions\/45541"}],"wp:featuredmedia":[{"embeddable":true,"href":"https:\/\/www.bitacoracdmx.com\/index.php?rest_route=\/wp\/v2\/media\/45540"}],"wp:attachment":[{"href":"https:\/\/www.bitacoracdmx.com\/index.php?rest_route=%2Fwp%2Fv2%2Fmedia&parent=45539"}],"wp:term":[{"taxonomy":"category","embeddable":true,"href":"https:\/\/www.bitacoracdmx.com\/index.php?rest_route=%2Fwp%2Fv2%2Fcategories&post=45539"},{"taxonomy":"post_tag","embeddable":true,"href":"https:\/\/www.bitacoracdmx.com\/index.php?rest_route=%2Fwp%2Fv2%2Ftags&post=45539"}],"curies":[{"name":"wp","href":"https:\/\/api.w.org\/{rel}","templated":true}]}}