{"id":45542,"date":"2022-07-25T22:22:15","date_gmt":"2022-07-25T22:22:15","guid":{"rendered":"https:\/\/www.bitacoracdmx.com\/?p=45542"},"modified":"2022-07-25T22:22:15","modified_gmt":"2022-07-25T22:22:15","slug":"la-sonora-santanera-llega-al-teatro-metropolitan-en-formato-sinfonico-y-con-invitados-especiales-2","status":"publish","type":"post","link":"https:\/\/www.bitacoracdmx.com\/?p=45542","title":{"rendered":"LA SONORA SANTANERA llega al TEATRO METROP\u00d3LITAN en formato sinf\u00f3nico y con invitados especiales"},"content":{"rendered":"<p>[fusion_builder_container hundred_percent=&#8221;no&#8221; equal_height_columns=&#8221;no&#8221; menu_anchor=&#8221;&#8221; hide_on_mobile=&#8221;small-visibility,medium-visibility,large-visibility&#8221; class=&#8221;&#8221; id=&#8221;&#8221; background_color=&#8221;&#8221; background_image=&#8221;&#8221; background_position=&#8221;center center&#8221; background_repeat=&#8221;no-repeat&#8221; fade=&#8221;no&#8221; background_parallax=&#8221;none&#8221; parallax_speed=&#8221;0.3&#8243; video_mp4=&#8221;&#8221; video_webm=&#8221;&#8221; video_ogv=&#8221;&#8221; video_url=&#8221;&#8221; video_aspect_ratio=&#8221;16:9&#8243; video_loop=&#8221;yes&#8221; video_mute=&#8221;yes&#8221; overlay_color=&#8221;&#8221; video_preview_image=&#8221;&#8221; border_size=&#8221;&#8221; border_color=&#8221;&#8221; border_style=&#8221;solid&#8221; padding_top=&#8221;&#8221; padding_bottom=&#8221;&#8221; padding_left=&#8221;&#8221; padding_right=&#8221;&#8221;][fusion_builder_row][fusion_builder_column type=&#8221;1_1&#8243; layout=&#8221;1_1&#8243; background_position=&#8221;left top&#8221; background_color=&#8221;&#8221; border_size=&#8221;&#8221; border_color=&#8221;&#8221; border_style=&#8221;solid&#8221; border_position=&#8221;all&#8221; spacing=&#8221;yes&#8221; background_image=&#8221;&#8221; background_repeat=&#8221;no-repeat&#8221; padding_top=&#8221;&#8221; padding_right=&#8221;&#8221; padding_bottom=&#8221;&#8221; padding_left=&#8221;&#8221; margin_top=&#8221;0px&#8221; margin_bottom=&#8221;0px&#8221; class=&#8221;&#8221; id=&#8221;&#8221; animation_type=&#8221;&#8221; animation_speed=&#8221;0.3&#8243; animation_direction=&#8221;left&#8221; hide_on_mobile=&#8221;small-visibility,medium-visibility,large-visibility&#8221; center_content=&#8221;no&#8221; last=&#8221;no&#8221; min_height=&#8221;&#8221; hover_type=&#8221;none&#8221; link=&#8221;&#8221;][fusion_text]<\/p>\n<p>REDACCI\u00d3N<\/p>\n<p><i>*Este concierto \u00fanico y muy especial se llevar\u00e1 a cabo el pr\u00f3ximo S\u00e1bado 06 de Agosto en punto de las 20:00 hrs.<\/i><\/p>\n<p><i>*Boletos a la venta en el Sistema Ticketmaster y en taquillas del Teatro Metropolitan<\/i><\/p>\n<p>La Sonora Santanera sigue dando pasos firmes como una de las agrupaciones m\u00e1s relevantes de la historia musical en este pa\u00eds, due\u00f1a de una extensa trayectoria musical que la ha llevado recientemente a ganar el Premio Goya -uno de los m\u00e1s importantes en Espa\u00f1a- junto a la cantautora Rozal\u00e9n y al mismo tiempo ser considerados en la Expo DUBAI 2020; adem\u00e1s haber sido acreedores de 2 Lat\u00edn Grammy y 2 nominaciones al mismo; 2 veces acreedores a las Lunas del Auditorio Nacional; 4 ocasiones siendo la imagen del billete de La Loter\u00eda Nacional; ganadores de discos de diamante, oro y platino por altas ventas y que cuentan con su propia estrella por trayectoria en el Paseo de la Fama en Las Vegas, Nevada, enre otros reconocimientos, llegan para ofrecer un concierto muy especial en formato sinf\u00f3nico y con grandes invitados el pr\u00f3ximo S\u00e1bado 06 de Agosto en punto de las 20:00 hrs. La Orquesta Danzonera Continental de Lorenzo Reyes acompa\u00f1ar\u00e1 en esta velada el escenario como un acto de apertura de lujo.<\/p>\n<p>Con m\u00e1s de 50 a\u00f1os haciendo extensas giras por Centroam\u00e9rica, La Sonora Santanera ha logrado por m\u00e9ritos propios que su m\u00fasica tambi\u00e9n haya trascendido en Europa, Alemania, Estados Unidos, s\u00f3lo por mencionar algunos pa\u00edses. Con m\u00e1s de 70 discos grabados, innumerables reconocimientos que se han ganado luego de lanzar su m\u00e1s reciente material discogr\u00e1fico titulado\u00a0<b>\u201cHomenaje a la M\u00fasica Tropical\u201d,<\/b>\u00a0que a una semana de salir a la venta alcanz\u00f3 el primer lugar, esta agrupaci\u00f3n con 67 a\u00f1os de trayectoria musical se presentar\u00e1 en un formato sinf\u00f3nico, con una idea arropada en Costa Rica que desencaden\u00f3 infinidad de presentaciones en muchos recintos de importancia, han decidido presentarse en el Teatro Metropolitan con este formato y grandes invitados el pr\u00f3ximo S\u00e1bado 06 de Agosto en punto de las 20:00 hrs. Boletos a la venta en el Sistema Ticketmaster y en taquillas del Teatro Metropolitan. Dicha presentaci\u00f3n estar\u00e1 engalanada por invitados de primera l\u00ednea que har\u00e1 de esta una noche, algo especial e inolvidable.<\/p>\n<p>La agrupaci\u00f3n siempre ha considerado importante la calidad musical, imagen, disciplina y humildad, para estar en el gusto del p\u00fablico, manteni\u00e9ndose vigente para llevarles alegr\u00eda con su m\u00fasica, algo que sin duda ser\u00e1 la constante durante esta presentaci\u00f3n. El a\u00f1o pasado la Cantautora Rozal\u00e9n y La Sonora Santanera fueron acreedores del premio Goya, uno de los m\u00e1s reputados de Espa\u00f1a con la canci\u00f3n \u201cQue no, que no\u201d de la pel\u00edcula \u201cLa boda de Rosa\u201d, que interpretan en conjunto.<\/p>\n<p>Su reciente material discogr\u00e1fico\u00a0<b>\u201cHomenaje a la M\u00fasica Tropical\u201d<\/b>\u00a0grabado en vivo, incluy\u00f3 las colaboraciones de artistas de la talla de Armando Manzanero, Yuri, Yahir, Germ\u00e1n Montero, Diego Mor\u00e1n, Matisse, Ilse y Mimi, Mario Bautista, India, Germ\u00e1n Montero, Rub\u00e9n Albarr\u00e1n y Big Javi, solo por mencionar algunos, en la que se entremezclaban la fusi\u00f3n de ritmos caribe\u00f1os que dieron origen a una obra en la que predomina la riqueza musical.<\/p>\n<p>La Sonora Santanera, es una de las agrupaciones mexicanas m\u00e1s importantes y famosas de la m\u00fasica tropical mexicana, fundada en el a\u00f1o 1955, por el Tabasque\u00f1o Carlos Colorado Ver\u00e1 (Qepd) originaria de la Ciudad de M\u00e9xico, que se ha consolidado popularmente mediante un estilo singular influenciado por el danz\u00f3n, bolero, son, cumbia, chachach\u00e1 y guaracha, as\u00ed como por canciones que son parte de la memoria colectiva de M\u00e9xico. Entre sus \u00e9xitos se encuentran temas como &#8220;Me qued\u00e9 sin ti&#8221;, &#8220;El Mudo&#8221;, &#8220;Amor de cabaret&#8221;, &#8220;Estoy Pensando en Ti&#8221;, &#8220;Fruto Robado&#8221;, &#8220;La Boa&#8221;, &#8220;Luces de Nueva York&#8221;, &#8220;Mi adi\u00f3s&#8221;, &#8220;Mi raz\u00f3n&#8221;, &#8220;Perfume de Gardenias&#8221;, &#8220;Por las Calles de M\u00e9xico&#8221;, entre otras, que han sido versionados cientos de veces por una gran gama de artistas que han puesto su talento conjuntamente con La Sonora Santanera.<\/p>\n<p>A esta fiesta se suma el poder de convocatoria de la Orquesta Danzonera Continental de Lorenzo Reyes para el show de apertura, la cual naci\u00f3 en el a\u00f1o 1935 con el nombre de Orquesta Continental Escuadr\u00f3n Azul y es hasta el a\u00f1o 2007, cuando el empresario, director, productor y representante Lorenzo Reyes Dom\u00ednguez y su hijo Roberto Reyes Aguilar, deciden tomar los destinos de esta gran agrupaci\u00f3n y deciden llamarle Orquesta Danzonera Continental de Lorenzo Reyes como una herencia musical de su padre Lucio Reyes y su abuelo Nabor Reyes. Ahora, con danzones m\u00e1s frescos, el objetivo es continuar y llegar a un p\u00fablico m\u00e1s joven, con la intenci\u00f3n que el danz\u00f3n prevalezca vigente.<\/p>\n<p>La Sonora Santanera se presentar\u00e1 en un formato Sinf\u00f3nico y con grandes invitados el pr\u00f3ximo S\u00e1bado 06 de Agosto en punto de las 20:00 Hrs, acompa\u00f1ados por la Orquesta Danzonera Continental de Lorenzo Reyes. Boletos a la venta en el Sistema Ticketmaster y en taquillas del Teatro Metropolitan.<\/p>\n<p>[\/fusion_text][fusion_imageframe image_id=&#8221;45543|medium&#8221; max_width=&#8221;&#8221; style_type=&#8221;&#8221; blur=&#8221;&#8221; stylecolor=&#8221;&#8221; hover_type=&#8221;none&#8221; bordersize=&#8221;&#8221; bordercolor=&#8221;&#8221; borderradius=&#8221;&#8221; align=&#8221;none&#8221; lightbox=&#8221;no&#8221; gallery_id=&#8221;&#8221; lightbox_image=&#8221;&#8221; lightbox_image_id=&#8221;&#8221; alt=&#8221;&#8221; link=&#8221;&#8221; linktarget=&#8221;_self&#8221; hide_on_mobile=&#8221;small-visibility,medium-visibility,large-visibility&#8221; class=&#8221;&#8221; id=&#8221;&#8221; animation_type=&#8221;&#8221; animation_direction=&#8221;left&#8221; animation_speed=&#8221;0.3&#8243; animation_offset=&#8221;&#8221;]https:\/\/www.bitacoracdmx.com\/wp-content\/uploads\/2022\/07\/descargar-2022-07-25T171750.092-300&#215;300.png[\/fusion_imageframe][\/fusion_builder_column][\/fusion_builder_row][\/fusion_builder_container]<\/p>\n","protected":false},"excerpt":{"rendered":"<p>[fusion_builder_container hundred_percent=&#8221;no&#8221; equal_height_columns=&#8221;no&#8221; menu_anchor=&#8221;&#8221; hide_on_mobile=&#8221;small-visibility,medium-visibility,large-visibility&#8221; class=&#8221;&#8221; id=&#8221;&#8221; background_color=&#8221;&#8221; background_image=&#8221;&#8221; background_position=&#8221;center center&#8221; background_repeat=&#8221;no-repeat&#8221; fade=&#8221;no&#8221; background_parallax=&#8221;none&#8221; parallax_speed=&#8221;0.3&#8243; video_mp4=&#8221;&#8221; video_webm=&#8221;&#8221; video_ogv=&#8221;&#8221; video_url=&#8221;&#8221; video_aspect_ratio=&#8221;16:9&#8243; video_loop=&#8221;yes&#8221; video_mute=&#8221;yes&#8221; overlay_color=&#8221;&#8221; video_preview_image=&#8221;&#8221; border_size=&#8221;&#8221; border_color=&#8221;&#8221; border_style=&#8221;solid&#8221; padding_top=&#8221;&#8221; padding_bottom=&#8221;&#8221; padding_left=&#8221;&#8221; padding_right=&#8221;&#8221;][fusion_builder_row][fusion_builder_column type=&#8221;1_1&#8243; layout=&#8221;1_1&#8243; background_position=&#8221;left top&#8221; background_color=&#8221;&#8221; border_size=&#8221;&#8221; border_color=&#8221;&#8221; border_style=&#8221;solid&#8221; border_position=&#8221;all&#8221; spacing=&#8221;yes&#8221; background_image=&#8221;&#8221; background_repeat=&#8221;no-repeat&#8221; padding_top=&#8221;&#8221; padding_right=&#8221;&#8221; padding_bottom=&#8221;&#8221; padding_left=&#8221;&#8221; margin_top=&#8221;0px&#8221; margin_bottom=&#8221;0px&#8221; class=&#8221;&#8221; id=&#8221;&#8221; animation_type=&#8221;&#8221; animation_speed=&#8221;0.3&#8243; animation_direction=&#8221;left&#8221; hide_on_mobile=&#8221;small-visibility,medium-visibility,large-visibility&#8221; center_content=&#8221;no&#8221; last=&#8221;no&#8221; min_height=&#8221;&#8221; hover_type=&#8221;none&#8221; link=&#8221;&#8221;][fusion_text] REDACCI\u00d3N *Este concierto \u00fanico y muy especial se llevar\u00e1 a cabo el pr\u00f3ximo S\u00e1bado 06 de Agosto en punto de las 20:00 hrs. *Boletos a la venta en el Sistema Ticketmaster y en taquillas del Teatro Metropolitan La Sonora Santanera [&hellip;]<\/p>\n","protected":false},"author":1,"featured_media":45543,"comment_status":"open","ping_status":"open","sticky":false,"template":"","format":"standard","meta":{"footnotes":""},"categories":[9,11],"tags":[],"_links":{"self":[{"href":"https:\/\/www.bitacoracdmx.com\/index.php?rest_route=\/wp\/v2\/posts\/45542"}],"collection":[{"href":"https:\/\/www.bitacoracdmx.com\/index.php?rest_route=\/wp\/v2\/posts"}],"about":[{"href":"https:\/\/www.bitacoracdmx.com\/index.php?rest_route=\/wp\/v2\/types\/post"}],"author":[{"embeddable":true,"href":"https:\/\/www.bitacoracdmx.com\/index.php?rest_route=\/wp\/v2\/users\/1"}],"replies":[{"embeddable":true,"href":"https:\/\/www.bitacoracdmx.com\/index.php?rest_route=%2Fwp%2Fv2%2Fcomments&post=45542"}],"version-history":[{"count":1,"href":"https:\/\/www.bitacoracdmx.com\/index.php?rest_route=\/wp\/v2\/posts\/45542\/revisions"}],"predecessor-version":[{"id":45544,"href":"https:\/\/www.bitacoracdmx.com\/index.php?rest_route=\/wp\/v2\/posts\/45542\/revisions\/45544"}],"wp:featuredmedia":[{"embeddable":true,"href":"https:\/\/www.bitacoracdmx.com\/index.php?rest_route=\/wp\/v2\/media\/45543"}],"wp:attachment":[{"href":"https:\/\/www.bitacoracdmx.com\/index.php?rest_route=%2Fwp%2Fv2%2Fmedia&parent=45542"}],"wp:term":[{"taxonomy":"category","embeddable":true,"href":"https:\/\/www.bitacoracdmx.com\/index.php?rest_route=%2Fwp%2Fv2%2Fcategories&post=45542"},{"taxonomy":"post_tag","embeddable":true,"href":"https:\/\/www.bitacoracdmx.com\/index.php?rest_route=%2Fwp%2Fv2%2Ftags&post=45542"}],"curies":[{"name":"wp","href":"https:\/\/api.w.org\/{rel}","templated":true}]}}