{"id":45548,"date":"2022-07-25T22:51:45","date_gmt":"2022-07-25T22:51:45","guid":{"rendered":"https:\/\/www.bitacoracdmx.com\/?p=45548"},"modified":"2022-07-25T22:51:45","modified_gmt":"2022-07-25T22:51:45","slug":"efimera-es-parte-de-la-celebracion-de-25-anos-del-giff","status":"publish","type":"post","link":"https:\/\/www.bitacoracdmx.com\/?p=45548","title":{"rendered":"EF\u00cdMERA es parte de la celebraci\u00f3n de 25 a\u00f1os del GIFF"},"content":{"rendered":"<p>[fusion_builder_container hundred_percent=&#8221;no&#8221; equal_height_columns=&#8221;no&#8221; menu_anchor=&#8221;&#8221; hide_on_mobile=&#8221;small-visibility,medium-visibility,large-visibility&#8221; class=&#8221;&#8221; id=&#8221;&#8221; background_color=&#8221;&#8221; background_image=&#8221;&#8221; background_position=&#8221;center center&#8221; background_repeat=&#8221;no-repeat&#8221; fade=&#8221;no&#8221; background_parallax=&#8221;none&#8221; parallax_speed=&#8221;0.3&#8243; video_mp4=&#8221;&#8221; video_webm=&#8221;&#8221; video_ogv=&#8221;&#8221; video_url=&#8221;&#8221; video_aspect_ratio=&#8221;16:9&#8243; video_loop=&#8221;yes&#8221; video_mute=&#8221;yes&#8221; overlay_color=&#8221;&#8221; video_preview_image=&#8221;&#8221; border_size=&#8221;&#8221; border_color=&#8221;&#8221; border_style=&#8221;solid&#8221; padding_top=&#8221;&#8221; padding_bottom=&#8221;&#8221; padding_left=&#8221;&#8221; padding_right=&#8221;&#8221;][fusion_builder_row][fusion_builder_column type=&#8221;1_1&#8243; layout=&#8221;1_1&#8243; background_position=&#8221;left top&#8221; background_color=&#8221;&#8221; border_size=&#8221;&#8221; border_color=&#8221;&#8221; border_style=&#8221;solid&#8221; border_position=&#8221;all&#8221; spacing=&#8221;yes&#8221; background_image=&#8221;&#8221; background_repeat=&#8221;no-repeat&#8221; padding_top=&#8221;&#8221; padding_right=&#8221;&#8221; padding_bottom=&#8221;&#8221; padding_left=&#8221;&#8221; margin_top=&#8221;0px&#8221; margin_bottom=&#8221;0px&#8221; class=&#8221;&#8221; id=&#8221;&#8221; animation_type=&#8221;&#8221; animation_speed=&#8221;0.3&#8243; animation_direction=&#8221;left&#8221; hide_on_mobile=&#8221;small-visibility,medium-visibility,large-visibility&#8221; center_content=&#8221;no&#8221; last=&#8221;no&#8221; min_height=&#8221;&#8221; hover_type=&#8221;none&#8221; link=&#8221;&#8221;][fusion_text]<\/p>\n<p>REDACCI\u00d3N<\/p>\n<table class=\"x_mcnTextBlock\" border=\"0\" width=\"100%\" cellspacing=\"0\" cellpadding=\"0\">\n<tbody class=\"x_mcnTextBlockOuter\">\n<tr>\n<td class=\"x_mcnTextBlockInner\" valign=\"top\">\n<table class=\"x_mcnTextContentContainer\" border=\"0\" width=\"100%\" cellspacing=\"0\" cellpadding=\"0\" align=\"left\">\n<tbody>\n<tr>\n<td class=\"x_mcnTextContent\" valign=\"top\">\n<ul>\n<li><em>La \u00f3pera prima de Luis Mariano Garc\u00eda es parte de la Selecci\u00f3n Oficial de Largometraje Mexicano en Competencia del Festival Internacional de Cine Guanajuato.<\/em><\/li>\n<li><em>La pel\u00edcula mexicana cuenta con proyecciones en Le\u00f3n,\u00a0 San Miguel de Allende e Irapuato.<\/em><\/li>\n<li><em>La cinta es protagonizada por la actriz Danae Reynaud, quien estar\u00e1 presente en el encuentro cinematogr\u00e1fico junto con el director.<\/em><\/li>\n<\/ul>\n<\/td>\n<\/tr>\n<\/tbody>\n<\/table>\n<\/td>\n<\/tr>\n<\/tbody>\n<\/table>\n<table class=\"x_mcnTextBlock\" border=\"0\" width=\"100%\" cellspacing=\"0\" cellpadding=\"0\">\n<tbody class=\"x_mcnTextBlockOuter\">\n<tr>\n<td class=\"x_mcnTextBlockInner\" valign=\"top\">\n<table class=\"x_mcnTextContentContainer\" border=\"0\" width=\"100%\" cellspacing=\"0\" cellpadding=\"0\" align=\"left\">\n<tbody>\n<tr>\n<td class=\"x_mcnTextContent\" valign=\"top\">Tras haber inaugurado con \u00e9xito la m\u00e1s reciente edici\u00f3n del Festival Mix: Cine y Diversidad Sexual M\u00e9xico, la pel\u00edcula mexicana\u00a0<strong><em>Ef\u00edmera<\/em><\/strong>\u00a0contin\u00faa con su corrida por festivales cinematogr\u00e1ficos nacionales para hacer una escala por cuenta triple en Le\u00f3n, San Miguel de Allende e Irapuato en el marco de las celebraciones por el\u00a0<strong>25 aniversario del Festival Internacional de Cine Guanajuato (GIFF)<\/strong>, el cual se lleva a cabo del 21 al 31 de Julio.<\/p>\n<p><strong><em>Ef\u00edmera<\/em><\/strong>\u00a0cuenta con tres funciones completamente gratuitas en el encuentro f\u00edlmico guanajuatense\u00a0 como parte de la\u00a0<strong>Selecci\u00f3n Oficial en Competencia en la Secci\u00f3n<\/strong>\u00a0<strong>Largometraje M\u00e9xico<\/strong>\u00a0de este a\u00f1o. Se proyect\u00f3 en\u00a0<strong>Le\u00f3n<\/strong>\u00a0el s\u00e1bado 23 de julio a las 15:00 hrs en el Auditorio Mateo Herrera, y contar\u00e1 con una proyecci\u00f3n en\u00a0<strong>San Miguel de Allende<\/strong>\u00a0el mi\u00e9rcoles 27 de julio a las 20:00 hrs en la Sala 8 de Cinemex Luci\u00e9rnaga y en\u00a0<strong>Irapuato<\/strong>\u00a0el viernes 29 de julio a las 18:00 hrs en el Teatro de la Ciudad.<\/p>\n<p>Se trata de la \u00f3pera prima del director y guionista\u00a0<strong>Luis Mariano Garc\u00eda<\/strong>,<strong>\u00a0<\/strong>en la que\u00a0<strong>Danae Reynaud<\/strong>\u00a0le da vida a\u00a0<strong>Emilia<\/strong>, una adolescente solitaria, enfocada en lograr sus objetivos acad\u00e9micos, quien tiene la peculiar habilidad de ver un brillo en las personas que est\u00e1n cerca de la muerte. Por estar concentrada en su futuro y agobiada por saber qui\u00e9n morir\u00e1 pronto, la protagonista prefiere estar sola todo el tiempo, pero esto cambia cuando conoce a\u00a0<strong>Renata<\/strong>, interpretada por la actriz\u00a0<strong>Carla Adell<\/strong>, quien la llevar\u00e1 a disfrutar su vida mientras ambas se enamoran e inician una tierna relaci\u00f3n rom\u00e1ntica.<\/p>\n<p>A trav\u00e9s de una exploraci\u00f3n del g\u00e9nero fant\u00e1stico y el\u00a0<em>coming of age<\/em>, la cinta nos presenta una historia de amor entre dos j\u00f3venes estudiantes de preparatoria. Sin mucho alarde y mediante una trama f\u00e1cil de seguir, se aborda el tema universal de la angustia frente a la \u00fanica p\u00e9rdida irreversible: la muerte.<\/p>\n<p>El director y guionista<strong>\u00a0Luis Mariano Garc\u00eda<\/strong>\u00a0es un cineasta morelense, egresado del Centro Universitario de Estudios Cinematogr\u00e1ficos de la UNAM. Sus cortometrajes han recibido reconocimiento a nivel nacional e internacional. Se ha desempe\u00f1ado como director y guionista tanto en cine como para televisi\u00f3n, y tambi\u00e9n como acad\u00e9mico. Hasta ahora ha escrito y dirigido los cortometrajes\u00a0<em>En la casa nueva<\/em>\u00a0(2010),\u00a0<em>Con los ojos cerrados<\/em>\u00a0(2011),\u00a0<em>Monstruo<\/em>\u00a0(2013),\u00a0<em>Corre sin mirar atr\u00e1s<\/em>\u00a0(2013),\u00a0<em>M\u00e1scaras<\/em>\u00a0(2015) y\u00a0<em>Espuma de Mar<\/em>\u00a0(2018).<\/p>\n<p>Sobre c\u00f3mo naci\u00f3 la historia de su \u00f3pera prima, el director comparte que:\u00a0<em>&#8220;surge principalmente de la muerte de una compa\u00f1era de escuela, no la conoc\u00eda realmente aunque hab\u00eda tenido un par de clases con ella ese semestre, tengo muy grabado cuando la ambulancia lleg\u00f3 por ella y c\u00f3mo al d\u00eda siguiente interrumpieron la clase para avisarnos que hab\u00eda fallecido. Fue un gran impacto procesar la muerte de alguien joven, alguien de mi edad, alguien con toda la vida por delante\u201d.<\/em><\/p>\n<p><strong>Danae Reynaud<\/strong>\u00a0comenz\u00f3 a actuar a los 8 a\u00f1os de edad, en 2012 particip\u00f3 en su primer largometraje que fue\u00a0<em>Club Sandwich<\/em>\u00a0de Fernando Eimbcke y desde entonces ha actuado en t\u00edtulos como\u00a0<em>Pac\u00edfico Norte<\/em>\u00a0y\u00a0<em>Lady Rancho<\/em>. Tambi\u00e9n ha dirigido y escrito tres cortometrajes, actualmente est\u00e1 escribiendo y levantando proyectos de su creaci\u00f3n al igual que en pre-producci\u00f3n de proyectos en los que participar\u00e1 como actriz.<\/p>\n<p><strong>Carla Adell<\/strong>\u00a0comenz\u00f3 su carrera de actuaci\u00f3n trabajando en publicidad a los 8 a\u00f1os de edad, a los 16 debut\u00f3 en el cine con\u00a0<em>Mientras el lobo no est\u00e1<\/em>\u00a0y desde entonces ha participado en distintas pel\u00edculas, incluyendo las dos entregas de\u00a0<em>No manches Frida<\/em>, as\u00ed como en la serie\u00a0<em>Monarca<\/em>\u00a0de Netflix.<\/p>\n<p>Esta cinta es una producci\u00f3n de\u00a0<strong>V\u00edctor L\u00e9ycegui<\/strong>\u00a0(<em>Las Tinieblas<\/em>,\u00a0<em>Restos de Viento<\/em>,\u00a0<em>Huachicolero<\/em>,\u00a0<em>Solteras<\/em>,\u00a0<em>Selva Tr\u00e1gica<\/em>) bajo el sello de\u00a0<strong>Varios Lobos<\/strong>.<\/td>\n<\/tr>\n<\/tbody>\n<\/table>\n<\/td>\n<\/tr>\n<\/tbody>\n<\/table>\n<p>[\/fusion_text][fusion_imageframe image_id=&#8221;45549|medium&#8221; max_width=&#8221;&#8221; style_type=&#8221;&#8221; blur=&#8221;&#8221; stylecolor=&#8221;&#8221; hover_type=&#8221;none&#8221; bordersize=&#8221;&#8221; bordercolor=&#8221;&#8221; borderradius=&#8221;&#8221; align=&#8221;none&#8221; lightbox=&#8221;no&#8221; gallery_id=&#8221;&#8221; lightbox_image=&#8221;&#8221; lightbox_image_id=&#8221;&#8221; alt=&#8221;&#8221; link=&#8221;&#8221; linktarget=&#8221;_self&#8221; hide_on_mobile=&#8221;small-visibility,medium-visibility,large-visibility&#8221; class=&#8221;&#8221; id=&#8221;&#8221; animation_type=&#8221;&#8221; animation_direction=&#8221;left&#8221; animation_speed=&#8221;0.3&#8243; animation_offset=&#8221;&#8221;]https:\/\/www.bitacoracdmx.com\/wp-content\/uploads\/2022\/07\/ef8b16a9-cddc-3704-d6c8-7031b0209aa2-300&#215;169.jpeg[\/fusion_imageframe][\/fusion_builder_column][\/fusion_builder_row][\/fusion_builder_container]<\/p>\n","protected":false},"excerpt":{"rendered":"<p>[fusion_builder_container hundred_percent=&#8221;no&#8221; equal_height_columns=&#8221;no&#8221; menu_anchor=&#8221;&#8221; hide_on_mobile=&#8221;small-visibility,medium-visibility,large-visibility&#8221; class=&#8221;&#8221; id=&#8221;&#8221; background_color=&#8221;&#8221; background_image=&#8221;&#8221; background_position=&#8221;center center&#8221; background_repeat=&#8221;no-repeat&#8221; fade=&#8221;no&#8221; background_parallax=&#8221;none&#8221; parallax_speed=&#8221;0.3&#8243; video_mp4=&#8221;&#8221; video_webm=&#8221;&#8221; video_ogv=&#8221;&#8221; video_url=&#8221;&#8221; video_aspect_ratio=&#8221;16:9&#8243; video_loop=&#8221;yes&#8221; video_mute=&#8221;yes&#8221; overlay_color=&#8221;&#8221; video_preview_image=&#8221;&#8221; border_size=&#8221;&#8221; border_color=&#8221;&#8221; border_style=&#8221;solid&#8221; padding_top=&#8221;&#8221; padding_bottom=&#8221;&#8221; padding_left=&#8221;&#8221; padding_right=&#8221;&#8221;][fusion_builder_row][fusion_builder_column type=&#8221;1_1&#8243; layout=&#8221;1_1&#8243; background_position=&#8221;left top&#8221; background_color=&#8221;&#8221; border_size=&#8221;&#8221; border_color=&#8221;&#8221; border_style=&#8221;solid&#8221; border_position=&#8221;all&#8221; spacing=&#8221;yes&#8221; background_image=&#8221;&#8221; background_repeat=&#8221;no-repeat&#8221; padding_top=&#8221;&#8221; padding_right=&#8221;&#8221; padding_bottom=&#8221;&#8221; padding_left=&#8221;&#8221; margin_top=&#8221;0px&#8221; margin_bottom=&#8221;0px&#8221; class=&#8221;&#8221; id=&#8221;&#8221; animation_type=&#8221;&#8221; animation_speed=&#8221;0.3&#8243; animation_direction=&#8221;left&#8221; hide_on_mobile=&#8221;small-visibility,medium-visibility,large-visibility&#8221; center_content=&#8221;no&#8221; last=&#8221;no&#8221; min_height=&#8221;&#8221; hover_type=&#8221;none&#8221; link=&#8221;&#8221;][fusion_text] REDACCI\u00d3N La \u00f3pera prima de Luis Mariano Garc\u00eda es parte de la Selecci\u00f3n Oficial de Largometraje Mexicano en Competencia del Festival Internacional de Cine Guanajuato. La pel\u00edcula mexicana cuenta con proyecciones en Le\u00f3n,\u00a0 San Miguel de Allende e Irapuato. La [&hellip;]<\/p>\n","protected":false},"author":1,"featured_media":45549,"comment_status":"open","ping_status":"open","sticky":false,"template":"","format":"standard","meta":{"footnotes":""},"categories":[3,9],"tags":[],"_links":{"self":[{"href":"https:\/\/www.bitacoracdmx.com\/index.php?rest_route=\/wp\/v2\/posts\/45548"}],"collection":[{"href":"https:\/\/www.bitacoracdmx.com\/index.php?rest_route=\/wp\/v2\/posts"}],"about":[{"href":"https:\/\/www.bitacoracdmx.com\/index.php?rest_route=\/wp\/v2\/types\/post"}],"author":[{"embeddable":true,"href":"https:\/\/www.bitacoracdmx.com\/index.php?rest_route=\/wp\/v2\/users\/1"}],"replies":[{"embeddable":true,"href":"https:\/\/www.bitacoracdmx.com\/index.php?rest_route=%2Fwp%2Fv2%2Fcomments&post=45548"}],"version-history":[{"count":1,"href":"https:\/\/www.bitacoracdmx.com\/index.php?rest_route=\/wp\/v2\/posts\/45548\/revisions"}],"predecessor-version":[{"id":45550,"href":"https:\/\/www.bitacoracdmx.com\/index.php?rest_route=\/wp\/v2\/posts\/45548\/revisions\/45550"}],"wp:featuredmedia":[{"embeddable":true,"href":"https:\/\/www.bitacoracdmx.com\/index.php?rest_route=\/wp\/v2\/media\/45549"}],"wp:attachment":[{"href":"https:\/\/www.bitacoracdmx.com\/index.php?rest_route=%2Fwp%2Fv2%2Fmedia&parent=45548"}],"wp:term":[{"taxonomy":"category","embeddable":true,"href":"https:\/\/www.bitacoracdmx.com\/index.php?rest_route=%2Fwp%2Fv2%2Fcategories&post=45548"},{"taxonomy":"post_tag","embeddable":true,"href":"https:\/\/www.bitacoracdmx.com\/index.php?rest_route=%2Fwp%2Fv2%2Ftags&post=45548"}],"curies":[{"name":"wp","href":"https:\/\/api.w.org\/{rel}","templated":true}]}}