{"id":45554,"date":"2022-07-26T00:10:51","date_gmt":"2022-07-26T00:10:51","guid":{"rendered":"https:\/\/www.bitacoracdmx.com\/?p=45554"},"modified":"2022-07-26T00:10:51","modified_gmt":"2022-07-26T00:10:51","slug":"oliverio-y-la-piscina-se-estrena-en-mexico-como-parte-de-la-competencia-oficial-mexicana-de-la-edicion-25-del-giff","status":"publish","type":"post","link":"https:\/\/www.bitacoracdmx.com\/?p=45554","title":{"rendered":"OLIVERIO Y LA PISCINA se estrena en M\u00e9xico como parte de la competencia oficial mexicana de la edici\u00f3n 25 del GIFF"},"content":{"rendered":"<p>[fusion_builder_container hundred_percent=&#8221;no&#8221; equal_height_columns=&#8221;no&#8221; menu_anchor=&#8221;&#8221; hide_on_mobile=&#8221;small-visibility,medium-visibility,large-visibility&#8221; class=&#8221;&#8221; id=&#8221;&#8221; background_color=&#8221;&#8221; background_image=&#8221;&#8221; background_position=&#8221;center center&#8221; background_repeat=&#8221;no-repeat&#8221; fade=&#8221;no&#8221; background_parallax=&#8221;none&#8221; parallax_speed=&#8221;0.3&#8243; video_mp4=&#8221;&#8221; video_webm=&#8221;&#8221; video_ogv=&#8221;&#8221; video_url=&#8221;&#8221; video_aspect_ratio=&#8221;16:9&#8243; video_loop=&#8221;yes&#8221; video_mute=&#8221;yes&#8221; overlay_color=&#8221;&#8221; video_preview_image=&#8221;&#8221; border_size=&#8221;&#8221; border_color=&#8221;&#8221; border_style=&#8221;solid&#8221; padding_top=&#8221;&#8221; padding_bottom=&#8221;&#8221; padding_left=&#8221;&#8221; padding_right=&#8221;&#8221;][fusion_builder_row][fusion_builder_column type=&#8221;1_1&#8243; layout=&#8221;1_1&#8243; background_position=&#8221;left top&#8221; background_color=&#8221;&#8221; border_size=&#8221;&#8221; border_color=&#8221;&#8221; border_style=&#8221;solid&#8221; border_position=&#8221;all&#8221; spacing=&#8221;yes&#8221; background_image=&#8221;&#8221; background_repeat=&#8221;no-repeat&#8221; padding_top=&#8221;&#8221; padding_right=&#8221;&#8221; padding_bottom=&#8221;&#8221; padding_left=&#8221;&#8221; margin_top=&#8221;0px&#8221; margin_bottom=&#8221;0px&#8221; class=&#8221;&#8221; id=&#8221;&#8221; animation_type=&#8221;&#8221; animation_speed=&#8221;0.3&#8243; animation_direction=&#8221;left&#8221; hide_on_mobile=&#8221;small-visibility,medium-visibility,large-visibility&#8221; center_content=&#8221;no&#8221; last=&#8221;no&#8221; min_height=&#8221;&#8221; hover_type=&#8221;none&#8221; link=&#8221;&#8221;][fusion_text]<\/p>\n<p>REDACCI\u00d3N<\/p>\n<table class=\"x_mcnTextBlock\" border=\"0\" width=\"100%\" cellspacing=\"0\" cellpadding=\"0\">\n<tbody class=\"x_mcnTextBlockOuter\">\n<tr>\n<td class=\"x_mcnTextBlockInner\" valign=\"top\">\n<table class=\"x_mcnTextContentContainer\" border=\"0\" width=\"100%\" cellspacing=\"0\" cellpadding=\"0\" align=\"left\">\n<tbody>\n<tr>\n<td class=\"x_mcnTextContent\" valign=\"top\">\n<ul>\n<li><em>La pel\u00edcula mexicana tuvo su estreno nacional en el marco de la edici\u00f3n 25 del GIFF con una exitosa proyecci\u00f3n en el emblem\u00e1tico Teatro del Bicentenario de la ciudad de Le\u00f3n.<\/em><\/li>\n<li><em>El Primer largometraje del director Arcadi Palerm-Art\u00eds forma parte de la Selecci\u00f3n Oficial de Largometraje Mexicano en Competencia del Festival Internacional de Cine Guanajuato.<\/em><\/li>\n<li><em>La cinta cuenta con un elenco conformado por Alejandro Are\u00e1n, M\u00f3nica Huarte, Jorge Zarate, Jacobo Lieberman, C\u00e9sar Troncoso y Camila Cal\u00f3nico.<\/em><\/li>\n<\/ul>\n<\/td>\n<\/tr>\n<\/tbody>\n<\/table>\n<\/td>\n<\/tr>\n<\/tbody>\n<\/table>\n<table class=\"x_mcnTextBlock\" border=\"0\" width=\"100%\" cellspacing=\"0\" cellpadding=\"0\">\n<tbody class=\"x_mcnTextBlockOuter\">\n<tr>\n<td class=\"x_mcnTextBlockInner\" valign=\"top\">\n<table class=\"x_mcnTextContentContainer\" border=\"0\" width=\"100%\" cellspacing=\"0\" cellpadding=\"0\" align=\"left\">\n<tbody>\n<tr>\n<td class=\"x_mcnTextContent\" valign=\"top\">Despu\u00e9s de un amplio recorrido por festivales en Estados Unidos y Latinoam\u00e9rica, llega el momento del estreno nacional de la pel\u00edcula\u00a0<strong><em>Oliverio y la piscina<\/em><\/strong><em>,\u00a0<\/em>del cineasta mexicano<em>\u00a0<\/em><strong><em>Arcadi Palerm-Art\u00eds<\/em><\/strong><em>,\u00a0<\/em>en el marco del aniversario\u00a0<strong>25 del Festival Internacional de Cine Guanajuato (GIFF)<\/strong>, como parte de la Selecci\u00f3n Oficial en Competencia en la Secci\u00f3n Largometraje M\u00e9xico de esta edici\u00f3n del GIFF, en donde cuenta con tres funciones gratuitas en\u00a0<strong>Le\u00f3n, San Miguel de Allende e Irapuato<\/strong>.<\/p>\n<p>Con mucho \u00e9xito se llev\u00f3 a cabo su primer proyecci\u00f3n el s\u00e1bado 23 de julio en el Teatro del Bicentenario de Le\u00f3n en una gala especial que cautiv\u00f3 a la audiencia guanajuatense, la cual cont\u00f3 con una alfombra roja previa por donde desfil\u00f3 el director, acompa\u00f1ado de su coguionista, el galardonado dramaturgo y escritor,\u00a0<strong>Gibr\u00e1<\/strong><strong>n Portela<\/strong>\u00a0y los actores\u00a0<strong>Alejandro Are\u00e1n, Jacobo Lieberman y\u00a0<\/strong><strong>Camila Cal<\/strong><strong>\u00f3<\/strong><strong>nico<\/strong>.<\/p>\n<p>El largometraje narra la historia de\u00a0<strong>Oliverio<\/strong>, un chavo de 13 a\u00f1os, quien debe enfrentarse a la prematura e inesperada muerte de su padre, mientras se adentra en el complejo mundo de la temprana adolescencia, cuestionando su realidad al aislarse en una tumbona junto a la piscina de su casa, donde vive el duelo mientras deambula en un viaje est\u00e1tico de auto descubrimiento y contemplaci\u00f3n.<\/p>\n<p>En la cinta participa la actriz\u00a0<strong>M\u00f3nica Huarte<\/strong>, interpretando a Lily, la madre de Oliverio, con un derroche de talento, con un amplio rango histri\u00f3nico, fuera del que acostumbra, y lo hace con una deliciosa riqueza de matices. Otro que muestra una faceta muy distinta a lo habitual es\u00a0<strong>Jorge Z\u00e1rate<\/strong>, construyendo una entra\u00f1able empleada dom\u00e9stica transg\u00e9nero. Otro gran descubrimiento es\u00a0<strong>Camila Cal\u00f3<\/strong><strong>nico<\/strong>, joven actriz quien apenas debutar ya recibi\u00f3 el premio a mejor actriz en LatinUy 2021 (Festival de Punta del Este, Uruguay), la leyenda del cine uruguayo\u00a0<strong>C<\/strong><strong>\u00e9sar Troncoso<\/strong>\u00a0<em>(El Ba\u00f1<\/em><em>o del Papa, 2007)<\/em>. Y\u00a0 la actuaci\u00f3n especial del compositor\u00a0<strong>Jacobo Lieberman<\/strong>, uno de los creadores de m\u00fasica m\u00e1s prol\u00edficos y premiados en la historia del cine mexicano contempor\u00e1neo.<\/p>\n<p>El director\u00a0<strong>Arcadi Palerm-Artis\u00a0<\/strong>se adentra en la escritura y direcci\u00f3n en su primer largometraje de ficci\u00f3n despu\u00e9s de haber realizado cortometrajes como:\u00a0<em>Mantra<\/em>\u00a0(2005),\u00a0<em>Sirenas de Fondo<\/em>\u00a0(2007) y\u00a0<em>Bajo el Sol<\/em>\u00a0(2012). El gui\u00f3n fue escrito con la colaboraci\u00f3n de\u00a0<strong>Gibr\u00e1<\/strong><strong>n Portela<\/strong>, prestigiado dramaturgo y guionista de piezas invaluables como La Jaula de Oro (2013), G\u00fceros (2014), y La Regi\u00f3n Salvaje (2016).<\/p>\n<p><strong><em>Oliverio y la Piscina<\/em><\/strong>\u00a0se ha posicionado como una propuesta juvenil que se ha llevado los premios a Mejor Pel\u00edcula Internacional y Mejor Director en Santa Fe Film Festival 2022, Mejor Pel\u00edcula Extranjera en Beverly Hills Film Festival 2022, Mejor Pel\u00edcula y Mejor Director en el World-Fest Houston 2022.<\/p>\n<p><strong>Arcadi Palerm-Art<\/strong><strong>\u00eds<\/strong>\u00a0naci\u00f3 y creci\u00f3 en la Ciudad de M\u00e9xico. Ha escrito y dirigido tres cortometrajes de ficci\u00f3n que fueron aplaudidos por la cr\u00edtica especializada, y escribi\u00f3 la primera temporada de Las Cr\u00f3nicas del Taco, la aclamada serie de Netflix. Actualmente reside en Texas, en donde contin\u00faa su escritura de guiones para sus pr\u00f3ximos proyectos.<\/p>\n<p><strong>Gibr\u00e1<\/strong><strong>n Ram<\/strong><strong>\u00ed<\/strong><strong>rez Portela<\/strong>\u00a0naci\u00f3 en la Ciudad de M\u00e9xico. Estudi\u00f3 Guion Cinematogr\u00e1fico en el Centro de Capacitaci\u00f3n Cinematogr\u00e1fica (CCC) y curs\u00f3 el Diplomado de Teatro en la Escuela de Escritores de la Sociedad General de Escritores de M\u00e9xico (SOGEM). Fue becario de dramaturgia en la Fundaci\u00f3n para las Letras Mexicanas y del Fondo Nacional para la Cultura y las Artes.<\/p>\n<p>Las pr\u00f3ximas proyecciones se llevar\u00e1n a cabo el 26 de Julio a las 18:30 hrs en Cinemex Luci\u00e9rnaga de\u00a0<strong>San Miguel de Allende<\/strong>\u00a0y una \u00faltima en el Teatro de la Ciudad de\u00a0<strong>Irapuato<\/strong>\u00a0el 29 de Julio a las 20:00 hrs, con la presencia del director y parte de su elenco.<\/td>\n<\/tr>\n<\/tbody>\n<\/table>\n<\/td>\n<\/tr>\n<\/tbody>\n<\/table>\n<p>[\/fusion_text][fusion_imageframe image_id=&#8221;45555|medium&#8221; max_width=&#8221;&#8221; style_type=&#8221;&#8221; blur=&#8221;&#8221; stylecolor=&#8221;&#8221; hover_type=&#8221;none&#8221; bordersize=&#8221;&#8221; bordercolor=&#8221;&#8221; borderradius=&#8221;&#8221; align=&#8221;none&#8221; lightbox=&#8221;no&#8221; gallery_id=&#8221;&#8221; lightbox_image=&#8221;&#8221; lightbox_image_id=&#8221;&#8221; alt=&#8221;&#8221; link=&#8221;&#8221; linktarget=&#8221;_self&#8221; hide_on_mobile=&#8221;small-visibility,medium-visibility,large-visibility&#8221; class=&#8221;&#8221; id=&#8221;&#8221; animation_type=&#8221;&#8221; animation_direction=&#8221;left&#8221; animation_speed=&#8221;0.3&#8243; animation_offset=&#8221;&#8221;]https:\/\/www.bitacoracdmx.com\/wp-content\/uploads\/2022\/07\/67515ed4-3b1c-db1b-3f68-12e0a5035967-300&#215;246.jpg[\/fusion_imageframe][\/fusion_builder_column][\/fusion_builder_row][\/fusion_builder_container]<\/p>\n","protected":false},"excerpt":{"rendered":"<p>[fusion_builder_container hundred_percent=&#8221;no&#8221; equal_height_columns=&#8221;no&#8221; menu_anchor=&#8221;&#8221; hide_on_mobile=&#8221;small-visibility,medium-visibility,large-visibility&#8221; class=&#8221;&#8221; id=&#8221;&#8221; background_color=&#8221;&#8221; background_image=&#8221;&#8221; background_position=&#8221;center center&#8221; background_repeat=&#8221;no-repeat&#8221; fade=&#8221;no&#8221; background_parallax=&#8221;none&#8221; parallax_speed=&#8221;0.3&#8243; video_mp4=&#8221;&#8221; video_webm=&#8221;&#8221; video_ogv=&#8221;&#8221; video_url=&#8221;&#8221; video_aspect_ratio=&#8221;16:9&#8243; video_loop=&#8221;yes&#8221; video_mute=&#8221;yes&#8221; overlay_color=&#8221;&#8221; video_preview_image=&#8221;&#8221; border_size=&#8221;&#8221; border_color=&#8221;&#8221; border_style=&#8221;solid&#8221; padding_top=&#8221;&#8221; padding_bottom=&#8221;&#8221; padding_left=&#8221;&#8221; padding_right=&#8221;&#8221;][fusion_builder_row][fusion_builder_column type=&#8221;1_1&#8243; layout=&#8221;1_1&#8243; background_position=&#8221;left top&#8221; background_color=&#8221;&#8221; border_size=&#8221;&#8221; border_color=&#8221;&#8221; border_style=&#8221;solid&#8221; border_position=&#8221;all&#8221; spacing=&#8221;yes&#8221; background_image=&#8221;&#8221; background_repeat=&#8221;no-repeat&#8221; padding_top=&#8221;&#8221; padding_right=&#8221;&#8221; padding_bottom=&#8221;&#8221; padding_left=&#8221;&#8221; margin_top=&#8221;0px&#8221; margin_bottom=&#8221;0px&#8221; class=&#8221;&#8221; id=&#8221;&#8221; animation_type=&#8221;&#8221; animation_speed=&#8221;0.3&#8243; animation_direction=&#8221;left&#8221; hide_on_mobile=&#8221;small-visibility,medium-visibility,large-visibility&#8221; center_content=&#8221;no&#8221; last=&#8221;no&#8221; min_height=&#8221;&#8221; hover_type=&#8221;none&#8221; link=&#8221;&#8221;][fusion_text] REDACCI\u00d3N La pel\u00edcula mexicana tuvo su estreno nacional en el marco de la edici\u00f3n 25 del GIFF con una exitosa proyecci\u00f3n en el emblem\u00e1tico Teatro del Bicentenario de la ciudad de Le\u00f3n. El Primer largometraje del director Arcadi Palerm-Art\u00eds forma [&hellip;]<\/p>\n","protected":false},"author":1,"featured_media":45555,"comment_status":"open","ping_status":"open","sticky":false,"template":"","format":"standard","meta":{"footnotes":""},"categories":[3,9],"tags":[],"_links":{"self":[{"href":"https:\/\/www.bitacoracdmx.com\/index.php?rest_route=\/wp\/v2\/posts\/45554"}],"collection":[{"href":"https:\/\/www.bitacoracdmx.com\/index.php?rest_route=\/wp\/v2\/posts"}],"about":[{"href":"https:\/\/www.bitacoracdmx.com\/index.php?rest_route=\/wp\/v2\/types\/post"}],"author":[{"embeddable":true,"href":"https:\/\/www.bitacoracdmx.com\/index.php?rest_route=\/wp\/v2\/users\/1"}],"replies":[{"embeddable":true,"href":"https:\/\/www.bitacoracdmx.com\/index.php?rest_route=%2Fwp%2Fv2%2Fcomments&post=45554"}],"version-history":[{"count":1,"href":"https:\/\/www.bitacoracdmx.com\/index.php?rest_route=\/wp\/v2\/posts\/45554\/revisions"}],"predecessor-version":[{"id":45556,"href":"https:\/\/www.bitacoracdmx.com\/index.php?rest_route=\/wp\/v2\/posts\/45554\/revisions\/45556"}],"wp:featuredmedia":[{"embeddable":true,"href":"https:\/\/www.bitacoracdmx.com\/index.php?rest_route=\/wp\/v2\/media\/45555"}],"wp:attachment":[{"href":"https:\/\/www.bitacoracdmx.com\/index.php?rest_route=%2Fwp%2Fv2%2Fmedia&parent=45554"}],"wp:term":[{"taxonomy":"category","embeddable":true,"href":"https:\/\/www.bitacoracdmx.com\/index.php?rest_route=%2Fwp%2Fv2%2Fcategories&post=45554"},{"taxonomy":"post_tag","embeddable":true,"href":"https:\/\/www.bitacoracdmx.com\/index.php?rest_route=%2Fwp%2Fv2%2Ftags&post=45554"}],"curies":[{"name":"wp","href":"https:\/\/api.w.org\/{rel}","templated":true}]}}