{"id":45570,"date":"2022-07-26T03:02:47","date_gmt":"2022-07-26T03:02:47","guid":{"rendered":"https:\/\/www.bitacoracdmx.com\/?p=45570"},"modified":"2022-07-26T03:02:47","modified_gmt":"2022-07-26T03:02:47","slug":"arrancaron-los-equipos-del-xiii-concurso-de-cortometrajes-rally-universitario-del-giff","status":"publish","type":"post","link":"https:\/\/www.bitacoracdmx.com\/?p=45570","title":{"rendered":"Arrancaron los equipos del XIII Concurso de Cortometrajes Rally Universitario del GIFF"},"content":{"rendered":"<p>[fusion_builder_container hundred_percent=&#8221;no&#8221; equal_height_columns=&#8221;no&#8221; menu_anchor=&#8221;&#8221; hide_on_mobile=&#8221;small-visibility,medium-visibility,large-visibility&#8221; class=&#8221;&#8221; id=&#8221;&#8221; background_color=&#8221;&#8221; background_image=&#8221;&#8221; background_position=&#8221;center center&#8221; background_repeat=&#8221;no-repeat&#8221; fade=&#8221;no&#8221; background_parallax=&#8221;none&#8221; parallax_speed=&#8221;0.3&#8243; video_mp4=&#8221;&#8221; video_webm=&#8221;&#8221; video_ogv=&#8221;&#8221; video_url=&#8221;&#8221; video_aspect_ratio=&#8221;16:9&#8243; video_loop=&#8221;yes&#8221; video_mute=&#8221;yes&#8221; overlay_color=&#8221;&#8221; video_preview_image=&#8221;&#8221; border_size=&#8221;&#8221; border_color=&#8221;&#8221; border_style=&#8221;solid&#8221; padding_top=&#8221;&#8221; padding_bottom=&#8221;&#8221; padding_left=&#8221;&#8221; padding_right=&#8221;&#8221;][fusion_builder_row][fusion_builder_column type=&#8221;1_1&#8243; layout=&#8221;1_1&#8243; background_position=&#8221;left top&#8221; background_color=&#8221;&#8221; border_size=&#8221;&#8221; border_color=&#8221;&#8221; border_style=&#8221;solid&#8221; border_position=&#8221;all&#8221; spacing=&#8221;yes&#8221; background_image=&#8221;&#8221; background_repeat=&#8221;no-repeat&#8221; padding_top=&#8221;&#8221; padding_right=&#8221;&#8221; padding_bottom=&#8221;&#8221; padding_left=&#8221;&#8221; margin_top=&#8221;0px&#8221; margin_bottom=&#8221;0px&#8221; class=&#8221;&#8221; id=&#8221;&#8221; animation_type=&#8221;&#8221; animation_speed=&#8221;0.3&#8243; animation_direction=&#8221;left&#8221; hide_on_mobile=&#8221;small-visibility,medium-visibility,large-visibility&#8221; center_content=&#8221;no&#8221; last=&#8221;no&#8221; min_height=&#8221;&#8221; hover_type=&#8221;none&#8221; link=&#8221;&#8221;][fusion_text]<\/p>\n<p>REDACCI\u00d3N<\/p>\n<table role=\"presentation\" border=\"0\" width=\"100%\" cellspacing=\"0\" cellpadding=\"0\">\n<tbody>\n<tr>\n<td class=\"x_mceSpacing-24\" valign=\"top\">\n<div class=\"x_mceText\">\n<p class=\"x_last-child\"><em>\u2022 Se dio el banderazo de arranque de la d\u00e9cimo tercera edici\u00f3n del Concurso de Rally Universitario. Los 5 equipos, provenientes de distintos estados de la rep\u00fablica, partieron del F\u00f3rum Cultural Guanajuato de la ciudad de Le\u00f3n, para comenzar con la realizaci\u00f3n de sus cortometrajes en un lapso de 48 hrs.<\/em><\/p>\n<\/div>\n<\/td>\n<\/tr>\n<tr>\n<td class=\"x_mceSpacing-24\" valign=\"top\">\n<div class=\"x_mceText\">\n<p>El Festival Internacional de Cine Guanajuato en su edici\u00f3n n\u00famero 25 contin\u00faa apostando por la formaci\u00f3n y realizaci\u00f3n de proyectos cinematogr\u00e1ficos estudiantiles, con la edici\u00f3n n\u00famero 13 de su tradicional concurso de cortometrajes Rally Universitario, el cual ofrece una oportunidad \u00fanica en donde j\u00f3venes creadores de todo el pa\u00eds pueden filmar en 48 hrs sus historias originales.<\/p>\n<p>En las 12 ediciones previas del Rally Universitario del GIFF se han filmado 87 pel\u00edculas, realizadas por 865 j\u00f3venes provenientes de 17 estados de la Rep\u00fablica y 3 pa\u00edses; quienes se han formado en m\u00e1s de 237 talleres educativos impartidos por profesionales del cine.<\/p>\n<p>Los 5 equipos que este a\u00f1o conforman el concurso, cuentan con 10 j\u00f3venes universitarios cada uno, quienes se rigen bajo el objetivo de filmar en 48 horas sus cortometrajes, usando como locaciones las calles del estado de Guanajuato, dirigiendo a actores experimentados y con equipo t\u00e9cnico profesional facilitado por el GIFF.<\/p>\n<p>Los cortometrajes resultantes deber\u00e1n cumplir con los m\u00e1s altos est\u00e1ndares de calidad, ya que ser\u00e1n calificados por un jurado experto y proyectados en una funci\u00f3n especial dentro de la programaci\u00f3n oficial de la 23 edici\u00f3n del GIFF, el 30 de julio en el Teatro de la Ciudad de Irapuato a las 17 hrs.<\/p>\n<p>Este concurso les permite a los j\u00f3venes vivir una experiencia llena de adrenalina en una carrera contra reloj para la producci\u00f3n de las siguientes historias:<\/p>\n<p>EQUIPO ROSA &#8211;\u00a0<em>Antig\u00fcedades Mau<\/em>\u00a0de la Universidad Aut\u00f3noma del Estado de M\u00e9xico.<\/p>\n<p>Dirigido por: Ram\u00f3n Preciado L\u00f3pez<\/p>\n<p>Lugar de procedencia: Estado de M\u00e9xico<\/p>\n<p>Memo, un joven aficionado a las antig\u00fcedades, descubre una peculiar Polaroid con la capacidad de viajar al pasado, la cual utilizar\u00e1 para resolver un misterio familiar de anta\u00f1o.<\/p>\n<p>EQUIPO NARANJA &#8211;\u00a0<em>El Milagro<\/em>\u00a0de la Universidad Aut\u00f3noma de Nayarit.<\/p>\n<p>Dirigido por: Martha Leyva<\/p>\n<p>Lugar de procedencia: Nayarit<\/p>\n<p>Emilio, una momia, regresa de la muerte para volver a comer en su restaurante favorito de San Miguel de Allende, con cada bocado que da vuelve a la vida y recupera sus memorias.<\/p>\n<p>EQUIPO MANGO &#8211;\u00a0<em>La Hu\u00e9sped<\/em>\u00a0de la Benem\u00e9rita Universidad Aut\u00f3noma de Aguascalientes.<\/p>\n<p>Dirigido por: Katherine Ruiz Muro<\/p>\n<p>Lugar de procedencia: Aguascalientes<\/p>\n<p>Dos se\u00f1oras que rentan una habitaci\u00f3n en su hogar, comienzan a sospechar que su hu\u00e9sped es un ser sobrenatural. Por lo que emprenden una investigaci\u00f3n para confirmar sus sospechas y protegerse.<\/p>\n<p>EQUIPO VERDE LIM\u00d3N &#8211;\u00a0<em>Cuando te toca<\/em>\u00a0de la Universidad de Celaya.<\/p>\n<p>Dirigido por: Gilberto P\u00e9rez Medina<\/p>\n<p>Lugar de procedencia: Guanajuato<\/p>\n<p>V\u00edctor comienza a trabajar en la corporaci\u00f3n encargada de la muerte, pero por una serie de eventos le es complicado llevarse a una v\u00edctima aun cuando le toca.<\/p>\n<p>EQUIPO ROSA PASTEL &#8211;\u00a0<em>T\u00fa, yo y el fin del mundo<\/em>\u00a0de la Universidad Aut\u00f3noma de Quer\u00e9taro.<\/p>\n<p>Dirigido por: Santiago Ruiz Castro<\/p>\n<p>Lugar de procedencia: Quer\u00e9taro<\/p>\n<p class=\"x_last-child\">El d\u00eda que los medios anuncian que el fin del mundo llegar\u00e1 esa misma noche con el impacto de un meteorito, Emma le propone a su novio David pasar su \u00faltimo d\u00eda simulando la vida que nunca les llegar\u00e1 juntos. David, por su parte, tiene un plan distinto.<\/p>\n<\/div>\n<\/td>\n<\/tr>\n<\/tbody>\n<\/table>\n<p>[\/fusion_text][fusion_imageframe image_id=&#8221;45571|medium&#8221; max_width=&#8221;&#8221; style_type=&#8221;&#8221; blur=&#8221;&#8221; stylecolor=&#8221;&#8221; hover_type=&#8221;none&#8221; bordersize=&#8221;&#8221; bordercolor=&#8221;&#8221; borderradius=&#8221;&#8221; align=&#8221;none&#8221; lightbox=&#8221;no&#8221; gallery_id=&#8221;&#8221; lightbox_image=&#8221;&#8221; lightbox_image_id=&#8221;&#8221; alt=&#8221;&#8221; link=&#8221;&#8221; linktarget=&#8221;_self&#8221; hide_on_mobile=&#8221;small-visibility,medium-visibility,large-visibility&#8221; class=&#8221;&#8221; id=&#8221;&#8221; animation_type=&#8221;&#8221; animation_direction=&#8221;left&#8221; animation_speed=&#8221;0.3&#8243; animation_offset=&#8221;&#8221;]https:\/\/www.bitacoracdmx.com\/wp-content\/uploads\/2022\/07\/f4ec658a-d6be-b98b-3863-32dd276091fe-300&#215;186.jpeg[\/fusion_imageframe][\/fusion_builder_column][\/fusion_builder_row][\/fusion_builder_container]<\/p>\n","protected":false},"excerpt":{"rendered":"<p>[fusion_builder_container hundred_percent=&#8221;no&#8221; equal_height_columns=&#8221;no&#8221; menu_anchor=&#8221;&#8221; hide_on_mobile=&#8221;small-visibility,medium-visibility,large-visibility&#8221; class=&#8221;&#8221; id=&#8221;&#8221; background_color=&#8221;&#8221; background_image=&#8221;&#8221; background_position=&#8221;center center&#8221; background_repeat=&#8221;no-repeat&#8221; fade=&#8221;no&#8221; background_parallax=&#8221;none&#8221; parallax_speed=&#8221;0.3&#8243; video_mp4=&#8221;&#8221; video_webm=&#8221;&#8221; video_ogv=&#8221;&#8221; video_url=&#8221;&#8221; video_aspect_ratio=&#8221;16:9&#8243; video_loop=&#8221;yes&#8221; video_mute=&#8221;yes&#8221; overlay_color=&#8221;&#8221; video_preview_image=&#8221;&#8221; border_size=&#8221;&#8221; border_color=&#8221;&#8221; border_style=&#8221;solid&#8221; padding_top=&#8221;&#8221; padding_bottom=&#8221;&#8221; padding_left=&#8221;&#8221; padding_right=&#8221;&#8221;][fusion_builder_row][fusion_builder_column type=&#8221;1_1&#8243; layout=&#8221;1_1&#8243; background_position=&#8221;left top&#8221; background_color=&#8221;&#8221; border_size=&#8221;&#8221; border_color=&#8221;&#8221; border_style=&#8221;solid&#8221; border_position=&#8221;all&#8221; spacing=&#8221;yes&#8221; background_image=&#8221;&#8221; background_repeat=&#8221;no-repeat&#8221; padding_top=&#8221;&#8221; padding_right=&#8221;&#8221; padding_bottom=&#8221;&#8221; padding_left=&#8221;&#8221; margin_top=&#8221;0px&#8221; margin_bottom=&#8221;0px&#8221; class=&#8221;&#8221; id=&#8221;&#8221; animation_type=&#8221;&#8221; animation_speed=&#8221;0.3&#8243; animation_direction=&#8221;left&#8221; hide_on_mobile=&#8221;small-visibility,medium-visibility,large-visibility&#8221; center_content=&#8221;no&#8221; last=&#8221;no&#8221; min_height=&#8221;&#8221; hover_type=&#8221;none&#8221; link=&#8221;&#8221;][fusion_text] REDACCI\u00d3N \u2022 Se dio el banderazo de arranque de la d\u00e9cimo tercera edici\u00f3n del Concurso de Rally Universitario. Los 5 equipos, provenientes de distintos estados de la rep\u00fablica, partieron del F\u00f3rum Cultural Guanajuato de la ciudad de Le\u00f3n, para comenzar [&hellip;]<\/p>\n","protected":false},"author":1,"featured_media":45571,"comment_status":"open","ping_status":"open","sticky":false,"template":"","format":"standard","meta":{"footnotes":""},"categories":[3,9],"tags":[],"_links":{"self":[{"href":"https:\/\/www.bitacoracdmx.com\/index.php?rest_route=\/wp\/v2\/posts\/45570"}],"collection":[{"href":"https:\/\/www.bitacoracdmx.com\/index.php?rest_route=\/wp\/v2\/posts"}],"about":[{"href":"https:\/\/www.bitacoracdmx.com\/index.php?rest_route=\/wp\/v2\/types\/post"}],"author":[{"embeddable":true,"href":"https:\/\/www.bitacoracdmx.com\/index.php?rest_route=\/wp\/v2\/users\/1"}],"replies":[{"embeddable":true,"href":"https:\/\/www.bitacoracdmx.com\/index.php?rest_route=%2Fwp%2Fv2%2Fcomments&post=45570"}],"version-history":[{"count":1,"href":"https:\/\/www.bitacoracdmx.com\/index.php?rest_route=\/wp\/v2\/posts\/45570\/revisions"}],"predecessor-version":[{"id":45572,"href":"https:\/\/www.bitacoracdmx.com\/index.php?rest_route=\/wp\/v2\/posts\/45570\/revisions\/45572"}],"wp:featuredmedia":[{"embeddable":true,"href":"https:\/\/www.bitacoracdmx.com\/index.php?rest_route=\/wp\/v2\/media\/45571"}],"wp:attachment":[{"href":"https:\/\/www.bitacoracdmx.com\/index.php?rest_route=%2Fwp%2Fv2%2Fmedia&parent=45570"}],"wp:term":[{"taxonomy":"category","embeddable":true,"href":"https:\/\/www.bitacoracdmx.com\/index.php?rest_route=%2Fwp%2Fv2%2Fcategories&post=45570"},{"taxonomy":"post_tag","embeddable":true,"href":"https:\/\/www.bitacoracdmx.com\/index.php?rest_route=%2Fwp%2Fv2%2Ftags&post=45570"}],"curies":[{"name":"wp","href":"https:\/\/api.w.org\/{rel}","templated":true}]}}