{"id":45573,"date":"2022-07-26T03:10:48","date_gmt":"2022-07-26T03:10:48","guid":{"rendered":"https:\/\/www.bitacoracdmx.com\/?p=45573"},"modified":"2022-07-26T03:10:48","modified_gmt":"2022-07-26T03:10:48","slug":"se-dan-a-conocer-los-nombres-de-las-obras-finalistas-del-premio-nacional-de-dramaturgia-joven-gerardo-mancebo-del-castillo-trejo-2022","status":"publish","type":"post","link":"https:\/\/www.bitacoracdmx.com\/?p=45573","title":{"rendered":"Se dan a conocer los nombres de las obras finalistas del Premio Nacional de Dramaturgia Joven Gerardo Mancebo del Castillo Trejo 2022"},"content":{"rendered":"<p>[fusion_builder_container hundred_percent=&#8221;no&#8221; equal_height_columns=&#8221;no&#8221; menu_anchor=&#8221;&#8221; hide_on_mobile=&#8221;small-visibility,medium-visibility,large-visibility&#8221; class=&#8221;&#8221; id=&#8221;&#8221; background_color=&#8221;&#8221; background_image=&#8221;&#8221; background_position=&#8221;center center&#8221; background_repeat=&#8221;no-repeat&#8221; fade=&#8221;no&#8221; background_parallax=&#8221;none&#8221; parallax_speed=&#8221;0.3&#8243; video_mp4=&#8221;&#8221; video_webm=&#8221;&#8221; video_ogv=&#8221;&#8221; video_url=&#8221;&#8221; video_aspect_ratio=&#8221;16:9&#8243; video_loop=&#8221;yes&#8221; video_mute=&#8221;yes&#8221; overlay_color=&#8221;&#8221; video_preview_image=&#8221;&#8221; border_size=&#8221;&#8221; border_color=&#8221;&#8221; border_style=&#8221;solid&#8221; padding_top=&#8221;&#8221; padding_bottom=&#8221;&#8221; padding_left=&#8221;&#8221; padding_right=&#8221;&#8221;][fusion_builder_row][fusion_builder_column type=&#8221;1_1&#8243; layout=&#8221;1_1&#8243; background_position=&#8221;left top&#8221; background_color=&#8221;&#8221; border_size=&#8221;&#8221; border_color=&#8221;&#8221; border_style=&#8221;solid&#8221; border_position=&#8221;all&#8221; spacing=&#8221;yes&#8221; background_image=&#8221;&#8221; background_repeat=&#8221;no-repeat&#8221; padding_top=&#8221;&#8221; padding_right=&#8221;&#8221; padding_bottom=&#8221;&#8221; padding_left=&#8221;&#8221; margin_top=&#8221;0px&#8221; margin_bottom=&#8221;0px&#8221; class=&#8221;&#8221; id=&#8221;&#8221; animation_type=&#8221;&#8221; animation_speed=&#8221;0.3&#8243; animation_direction=&#8221;left&#8221; hide_on_mobile=&#8221;small-visibility,medium-visibility,large-visibility&#8221; center_content=&#8221;no&#8221; last=&#8221;no&#8221; min_height=&#8221;&#8221; hover_type=&#8221;none&#8221; link=&#8221;&#8221;][fusion_text]<\/p>\n<p>REDACCI\u00d3N<\/p>\n<p>\u2022 Las obras ser\u00e1n perfeccionadas en un taller dirigido por especialistas en dramaturgia y artes esc\u00e9nicas<br aria-hidden=\"true\" \/>\u2022 Las propuestas se publicar\u00e1n en una antolog\u00eda editada por el Centro Cultural Hel\u00e9nico<\/p>\n<p>La Secretar\u00eda de Cultura, a trav\u00e9s del Centro Cultural Hel\u00e9nico y el Programa Cultural Tierra Adentro, presenta a las y los cinco finalistas del Premio Nacional de Dramaturgia Joven Gerardo Mancebo del Castillo Trejo 2022, un programa que se desprende de la convocatoria \u201cPremios Nacionales de Dramaturgia\u201d.<br aria-hidden=\"true\" \/>\u00a0<br aria-hidden=\"true\" \/>A lo largo de una veintena de ediciones, el Premio Nacional de Dramaturgia Joven Gerardo Mancebo del Castillo Trejo ha sido un semillero para las letras teatrales m\u00e1s j\u00f3venes. Este a\u00f1o, el comit\u00e9 de selecci\u00f3n \u2014integrado por: Itzel Jatziri Lara Gonz\u00e1lez, Reynolds Robledo M\u00e9ndez y Cinthia Vanessa Arrebola Aguilar\u2014 se centr\u00f3 en aquellas obras con las mejores voces internas, as\u00ed como en propuestas con amplias posibilidades de ser perfectibles, publicadas y escenificadas.<br aria-hidden=\"true\" \/>\u00a0<br aria-hidden=\"true\" \/>Los textos elegidos fueron:<\/p>\n<ul>\n<li><em>De la mano de Senko Hanabi,<\/em>\u00a0de Juan Alberto Mora Hirata (Estado de M\u00e9xico)<\/li>\n<li><em>El encanto<\/em>, de Hugo Antonio Mart\u00ednez Salda\u00f1a (Chiapas)<\/li>\n<li><em>Hipocampo<\/em>, de Miranda Elizalde Norman (Ciudad de M\u00e9xico)<\/li>\n<li><em>La cascarita<\/em>, de Janil Yumil Uc Tun (Yucat\u00e1n)<\/li>\n<li><em>Calladita<\/em>, de Itzel Sarai Trejo Leone (Ciudad de M\u00e9xico)<\/li>\n<\/ul>\n<p>Debido a las inquietudes est\u00e9ticas de quienes participaron, todos los textos aluden a problem\u00e1ticas y sensibilidades actuales. Es as\u00ed como las propuestas oscilan entre la autoficci\u00f3n, el duelo, la rabia, el humor y una poderosa indagaci\u00f3n de lo cotidiano.<br aria-hidden=\"true\" \/>\u00a0<br aria-hidden=\"true\" \/>Las obras finalistas formar\u00e1n parte de un taller de perfeccionamiento en el cual se trabajar\u00e1n los textos de forma colectiva y en sesiones individuales. De esta manera, el premio pone un especial \u00e9nfasis en los procesos creativos, no \u00fanicamente en el resultado \u00faltimo, y se incentiva a que las y los j\u00f3venes creadores tengan la oportunidad de trabajar de cerca con profesionales de la dramaturgia.<br aria-hidden=\"true\" \/>\u00a0<br aria-hidden=\"true\" \/>Al t\u00e9rmino de este taller el comit\u00e9 de selecci\u00f3n se reunir\u00e1 nuevamente para elegir a la obra ganadora de este certamen y se otorgar\u00e1 un premio de $120,000.00 pesos, la publicaci\u00f3n del texto por el Programa Cultural Tierra Adentro y la puesta en escena se materializar\u00e1 en las instalaciones del Centro Cultural Hel\u00e9nico. Los resultados se dar\u00e1n a conocer el 5 de agosto del a\u00f1o en curso. De igual manera, las propuestas finalistas formar\u00e1n parte de una antolog\u00eda editada por el Hel\u00e9nico.<br aria-hidden=\"true\" \/>\u00a0<br aria-hidden=\"true\" \/>El escritor Reynolds Robledo M\u00e9ndez, uno de los jurados de este certamen, asegura que: \u201cLo importante del premio es que le da voz a la dramaturgia joven del pa\u00eds, al conocer estos textos puedo constatar las ganas de contar historias que necesitan vivir en un teatro. Da emoci\u00f3n saber que existen los deseos de seguir haciendo teatro en tiempos dif\u00edciles para los escenarios\u201d.<br aria-hidden=\"true\" \/>\u00a0<br aria-hidden=\"true\" \/>Es innegable la relevancia del Premio Nacional de Dramaturgia Joven Gerardo Mancebo del Castillo Trejo en su labor de profesionalizar e incentivar a las nuevas generaciones de dramaturgas y dramaturgos mexicanos. De este modo se construye un amplio tejido de apoyo para que las y los j\u00f3venes sigan enriqueciendo la cultura de nuestro pa\u00eds.<br aria-hidden=\"true\" \/>\u00a0<br aria-hidden=\"true\" \/>Para consultar la informaci\u00f3n completa se pueden visitar las p\u00e1ginas: <strong>helenico.gob.mx y contigoenladistancia.gob.mx.<\/strong><\/p>\n<p>[\/fusion_text][fusion_imageframe image_id=&#8221;45574|medium&#8221; max_width=&#8221;&#8221; style_type=&#8221;&#8221; blur=&#8221;&#8221; stylecolor=&#8221;&#8221; hover_type=&#8221;none&#8221; bordersize=&#8221;&#8221; bordercolor=&#8221;&#8221; borderradius=&#8221;&#8221; align=&#8221;none&#8221; lightbox=&#8221;no&#8221; gallery_id=&#8221;&#8221; lightbox_image=&#8221;&#8221; lightbox_image_id=&#8221;&#8221; alt=&#8221;&#8221; link=&#8221;&#8221; linktarget=&#8221;_self&#8221; hide_on_mobile=&#8221;small-visibility,medium-visibility,large-visibility&#8221; class=&#8221;&#8221; id=&#8221;&#8221; animation_type=&#8221;&#8221; animation_direction=&#8221;left&#8221; animation_speed=&#8221;0.3&#8243; animation_offset=&#8221;&#8221;]https:\/\/www.bitacoracdmx.com\/wp-content\/uploads\/2022\/07\/dc45df25-87c4-aa25-9b14-39715679fde2-300&#215;300.jpeg[\/fusion_imageframe][\/fusion_builder_column][\/fusion_builder_row][\/fusion_builder_container]<\/p>\n","protected":false},"excerpt":{"rendered":"<p>[fusion_builder_container hundred_percent=&#8221;no&#8221; equal_height_columns=&#8221;no&#8221; menu_anchor=&#8221;&#8221; hide_on_mobile=&#8221;small-visibility,medium-visibility,large-visibility&#8221; class=&#8221;&#8221; id=&#8221;&#8221; background_color=&#8221;&#8221; background_image=&#8221;&#8221; background_position=&#8221;center center&#8221; background_repeat=&#8221;no-repeat&#8221; fade=&#8221;no&#8221; background_parallax=&#8221;none&#8221; parallax_speed=&#8221;0.3&#8243; video_mp4=&#8221;&#8221; video_webm=&#8221;&#8221; video_ogv=&#8221;&#8221; video_url=&#8221;&#8221; video_aspect_ratio=&#8221;16:9&#8243; video_loop=&#8221;yes&#8221; video_mute=&#8221;yes&#8221; overlay_color=&#8221;&#8221; video_preview_image=&#8221;&#8221; border_size=&#8221;&#8221; border_color=&#8221;&#8221; border_style=&#8221;solid&#8221; padding_top=&#8221;&#8221; padding_bottom=&#8221;&#8221; padding_left=&#8221;&#8221; padding_right=&#8221;&#8221;][fusion_builder_row][fusion_builder_column type=&#8221;1_1&#8243; layout=&#8221;1_1&#8243; background_position=&#8221;left top&#8221; background_color=&#8221;&#8221; border_size=&#8221;&#8221; border_color=&#8221;&#8221; border_style=&#8221;solid&#8221; border_position=&#8221;all&#8221; spacing=&#8221;yes&#8221; background_image=&#8221;&#8221; background_repeat=&#8221;no-repeat&#8221; padding_top=&#8221;&#8221; padding_right=&#8221;&#8221; padding_bottom=&#8221;&#8221; padding_left=&#8221;&#8221; margin_top=&#8221;0px&#8221; margin_bottom=&#8221;0px&#8221; class=&#8221;&#8221; id=&#8221;&#8221; animation_type=&#8221;&#8221; animation_speed=&#8221;0.3&#8243; animation_direction=&#8221;left&#8221; hide_on_mobile=&#8221;small-visibility,medium-visibility,large-visibility&#8221; center_content=&#8221;no&#8221; last=&#8221;no&#8221; min_height=&#8221;&#8221; hover_type=&#8221;none&#8221; link=&#8221;&#8221;][fusion_text] REDACCI\u00d3N \u2022 Las obras ser\u00e1n perfeccionadas en un taller dirigido por especialistas en dramaturgia y artes esc\u00e9nicas\u2022 Las propuestas se publicar\u00e1n en una antolog\u00eda editada por el Centro Cultural Hel\u00e9nico La Secretar\u00eda de Cultura, a trav\u00e9s del Centro Cultural Hel\u00e9nico [&hellip;]<\/p>\n","protected":false},"author":1,"featured_media":45574,"comment_status":"open","ping_status":"open","sticky":false,"template":"","format":"standard","meta":{"footnotes":""},"categories":[3,9],"tags":[],"_links":{"self":[{"href":"https:\/\/www.bitacoracdmx.com\/index.php?rest_route=\/wp\/v2\/posts\/45573"}],"collection":[{"href":"https:\/\/www.bitacoracdmx.com\/index.php?rest_route=\/wp\/v2\/posts"}],"about":[{"href":"https:\/\/www.bitacoracdmx.com\/index.php?rest_route=\/wp\/v2\/types\/post"}],"author":[{"embeddable":true,"href":"https:\/\/www.bitacoracdmx.com\/index.php?rest_route=\/wp\/v2\/users\/1"}],"replies":[{"embeddable":true,"href":"https:\/\/www.bitacoracdmx.com\/index.php?rest_route=%2Fwp%2Fv2%2Fcomments&post=45573"}],"version-history":[{"count":1,"href":"https:\/\/www.bitacoracdmx.com\/index.php?rest_route=\/wp\/v2\/posts\/45573\/revisions"}],"predecessor-version":[{"id":45575,"href":"https:\/\/www.bitacoracdmx.com\/index.php?rest_route=\/wp\/v2\/posts\/45573\/revisions\/45575"}],"wp:featuredmedia":[{"embeddable":true,"href":"https:\/\/www.bitacoracdmx.com\/index.php?rest_route=\/wp\/v2\/media\/45574"}],"wp:attachment":[{"href":"https:\/\/www.bitacoracdmx.com\/index.php?rest_route=%2Fwp%2Fv2%2Fmedia&parent=45573"}],"wp:term":[{"taxonomy":"category","embeddable":true,"href":"https:\/\/www.bitacoracdmx.com\/index.php?rest_route=%2Fwp%2Fv2%2Fcategories&post=45573"},{"taxonomy":"post_tag","embeddable":true,"href":"https:\/\/www.bitacoracdmx.com\/index.php?rest_route=%2Fwp%2Fv2%2Ftags&post=45573"}],"curies":[{"name":"wp","href":"https:\/\/api.w.org\/{rel}","templated":true}]}}