{"id":45576,"date":"2022-07-26T03:17:24","date_gmt":"2022-07-26T03:17:24","guid":{"rendered":"https:\/\/www.bitacoracdmx.com\/?p=45576"},"modified":"2022-07-26T03:17:24","modified_gmt":"2022-07-26T03:17:24","slug":"fela-dominguez-con-todo-y-caos-una-noche-de-musica-desde-el-corazon","status":"publish","type":"post","link":"https:\/\/www.bitacoracdmx.com\/?p=45576","title":{"rendered":"FELA DOM\u00cdNGUEZ Con Todo y Caos, una noche de m\u00fasica desde el coraz\u00f3n"},"content":{"rendered":"<p>[fusion_builder_container hundred_percent=&#8221;no&#8221; equal_height_columns=&#8221;no&#8221; menu_anchor=&#8221;&#8221; hide_on_mobile=&#8221;small-visibility,medium-visibility,large-visibility&#8221; class=&#8221;&#8221; id=&#8221;&#8221; background_color=&#8221;&#8221; background_image=&#8221;&#8221; background_position=&#8221;center center&#8221; background_repeat=&#8221;no-repeat&#8221; fade=&#8221;no&#8221; background_parallax=&#8221;none&#8221; parallax_speed=&#8221;0.3&#8243; video_mp4=&#8221;&#8221; video_webm=&#8221;&#8221; video_ogv=&#8221;&#8221; video_url=&#8221;&#8221; video_aspect_ratio=&#8221;16:9&#8243; video_loop=&#8221;yes&#8221; video_mute=&#8221;yes&#8221; overlay_color=&#8221;&#8221; video_preview_image=&#8221;&#8221; border_size=&#8221;&#8221; border_color=&#8221;&#8221; border_style=&#8221;solid&#8221; padding_top=&#8221;&#8221; padding_bottom=&#8221;&#8221; padding_left=&#8221;&#8221; padding_right=&#8221;&#8221;][fusion_builder_row][fusion_builder_column type=&#8221;1_1&#8243; layout=&#8221;1_1&#8243; background_position=&#8221;left top&#8221; background_color=&#8221;&#8221; border_size=&#8221;&#8221; border_color=&#8221;&#8221; border_style=&#8221;solid&#8221; border_position=&#8221;all&#8221; spacing=&#8221;yes&#8221; background_image=&#8221;&#8221; background_repeat=&#8221;no-repeat&#8221; padding_top=&#8221;&#8221; padding_right=&#8221;&#8221; padding_bottom=&#8221;&#8221; padding_left=&#8221;&#8221; margin_top=&#8221;0px&#8221; margin_bottom=&#8221;0px&#8221; class=&#8221;&#8221; id=&#8221;&#8221; animation_type=&#8221;&#8221; animation_speed=&#8221;0.3&#8243; animation_direction=&#8221;left&#8221; hide_on_mobile=&#8221;small-visibility,medium-visibility,large-visibility&#8221; center_content=&#8221;no&#8221; last=&#8221;no&#8221; min_height=&#8221;&#8221; hover_type=&#8221;none&#8221; link=&#8221;&#8221;][fusion_text]<\/p>\n<p>REDACCI\u00d3N<\/p>\n<div class=\"pr-story--element-space\">\n<div class=\"pr-story-subheader\">\n<h3 class=\"pr-story--subheader text--wrap pr-font--sans\">28 de septiembre \u2013 Teatro Metrop\u00f3litan<\/h3>\n<\/div>\n<\/div>\n<div class=\"pr-story--element-space\">\n<div class=\"pr-story-subheader\">\n<h3 class=\"pr-story--subheader text--wrap pr-font--sans\">*Preventa Citibanamex: 26 y 27 de julio<\/h3>\n<\/div>\n<\/div>\n<div class=\"pr-story--element-space\">\n<div class=\"pr-story-paragraph\">\n<div class=\"pr-story--text\">Cantante y actriz orgullosamente mexicana,\u00a0<b>Fela Dom\u00ednguez<\/b>\u00a0se prepara para dar el gran salto a uno de los escenarios m\u00e1s importantes de la Ciudad de M\u00e9xico. El pr\u00f3ximo\u00a0<b>28 de septiembre<\/b>, Fela deleitar\u00e1 a su p\u00fablico durante una noche en el bell\u00edsimo\u00a0<b>Teatro Metrop\u00f3litan<\/b>. Los boletos estar\u00e1n en\u00a0<b>preventa Citibanamex el 26 y 27 de julio;<\/b>\u00a0un d\u00eda despu\u00e9s los podr\u00e1s adquirir en las taquillas del inmueble y a trav\u00e9s de\u00a0<a href=\"http:\/\/www.ticketmaster.com.mx\/\">www.ticketmaster.com.mx<\/a><\/div>\n<\/div>\n<\/div>\n<div class=\"pr-story--element-space\">\n<div class=\"pr-story-paragraph\">\n<div class=\"pr-story--text\">Con una carrera musical que apunta al estrellato, Ofelia Dom\u00ednguez Guzm\u00e1n, mejor conocida como\u00a0<b>Fela Dom\u00ednguez<\/b>, a principios de este a\u00f1o dio su primer paso para conquistar las listas de reproducci\u00f3n y las plataformas digitales. Con diez maravillosos tracks, la cantante nos present\u00f3\u00a0<i>Con Todo y Caos<\/i>; un disco que desborda el talento de Fela, un trabajo que est\u00e1 hecho con el coraz\u00f3n, mostrando los sentimientos m\u00e1s profundos de la actriz.<\/div>\n<\/div>\n<\/div>\n<div class=\"pr-story--element-space\">\n<div class=\"pr-story-paragraph\">\n<div><\/div>\n<div class=\"pr-story--text\">\u201cDebajo del Agua\u201d es uno de los cinco temas preferidos por los fans de la cantante; esta canci\u00f3n lleg\u00f3 acompa\u00f1ada de un video donde vemos a Fela frente a c\u00e1mara en blanco y negro, donde materializa y ejemplifica cada sentimiento que domina el sencillo. El video ya cuenta con m\u00e1s de un mill\u00f3n de reproducciones en YouTube.<\/div>\n<\/div>\n<\/div>\n<div class=\"pr-story--element-space\">\n<div class=\"pr-story-paragraph\">\n<div><\/div>\n<div class=\"pr-story--text\">Desde los 8 a\u00f1os,\u00a0<b>Fela Dom\u00ednguez<\/b>\u00a0comenz\u00f3 su carrera como actriz de doblaje, al mismo tiempo que comenz\u00f3 a estudiar m\u00fasica en el Conservatorio Nacional. Su virtuosa voz la ha llevado a participar en proyectos con artistas de talla internacional como Carlos Rivera, Pepe Aguilar, Pandora, Emmanuel, Daniela Romo, entre otros.<\/div>\n<\/div>\n<\/div>\n<div class=\"pr-story--element-space\">\n<div class=\"pr-story-paragraph\">\n<div><\/div>\n<div class=\"pr-story--text\"><b>OCESA<i>fact<\/i>: En 2015, Fela interpret\u00f3 el papel protag\u00f3nico de Nala en el musical\u00a0<i>El Rey Le\u00f3n.<\/i><\/b><\/div>\n<\/div>\n<\/div>\n<div class=\"pr-story--element-space\">\n<div class=\"pr-story-paragraph\">\n<div><\/div>\n<div class=\"pr-story--text\"><i>Con Todo y Caos<\/i>,\u00a0<b>Fela Dom\u00ednguez<\/b>, una de las promesas vocales que est\u00e1 cautivando a todo M\u00e9xico, llegar\u00e1 al escenario del\u00a0<b>Teatro Metrop\u00f3litan<\/b>. La cita ser\u00e1 el pr\u00f3ximo\u00a0<b>28 de septiembre<\/b>, los boletos estar\u00e1n en\u00a0<b>preventa Citibanamex el 26 y 27 de julio;\u00a0<\/b>un d\u00eda despu\u00e9s los podr\u00e1s adquirir en las taquillas del inmueble y en puntos\u00a0<b>Ticketmaster<\/b>.<\/div>\n<\/div>\n<\/div>\n<p>[\/fusion_text][fusion_imageframe image_id=&#8221;45577|medium&#8221; max_width=&#8221;&#8221; style_type=&#8221;&#8221; blur=&#8221;&#8221; stylecolor=&#8221;&#8221; hover_type=&#8221;none&#8221; bordersize=&#8221;&#8221; bordercolor=&#8221;&#8221; borderradius=&#8221;&#8221; align=&#8221;none&#8221; lightbox=&#8221;no&#8221; gallery_id=&#8221;&#8221; lightbox_image=&#8221;&#8221; lightbox_image_id=&#8221;&#8221; alt=&#8221;&#8221; link=&#8221;&#8221; linktarget=&#8221;_self&#8221; hide_on_mobile=&#8221;small-visibility,medium-visibility,large-visibility&#8221; class=&#8221;&#8221; id=&#8221;&#8221; animation_type=&#8221;&#8221; animation_direction=&#8221;left&#8221; animation_speed=&#8221;0.3&#8243; animation_offset=&#8221;&#8221;]https:\/\/www.bitacoracdmx.com\/wp-content\/uploads\/2022\/07\/image_processing20220725-1193070-5mzbm9-300&#215;220.jpg[\/fusion_imageframe][\/fusion_builder_column][\/fusion_builder_row][\/fusion_builder_container]<\/p>\n","protected":false},"excerpt":{"rendered":"<p>[fusion_builder_container hundred_percent=&#8221;no&#8221; equal_height_columns=&#8221;no&#8221; menu_anchor=&#8221;&#8221; hide_on_mobile=&#8221;small-visibility,medium-visibility,large-visibility&#8221; class=&#8221;&#8221; id=&#8221;&#8221; background_color=&#8221;&#8221; background_image=&#8221;&#8221; background_position=&#8221;center center&#8221; background_repeat=&#8221;no-repeat&#8221; fade=&#8221;no&#8221; background_parallax=&#8221;none&#8221; parallax_speed=&#8221;0.3&#8243; video_mp4=&#8221;&#8221; video_webm=&#8221;&#8221; video_ogv=&#8221;&#8221; video_url=&#8221;&#8221; video_aspect_ratio=&#8221;16:9&#8243; video_loop=&#8221;yes&#8221; video_mute=&#8221;yes&#8221; overlay_color=&#8221;&#8221; video_preview_image=&#8221;&#8221; border_size=&#8221;&#8221; border_color=&#8221;&#8221; border_style=&#8221;solid&#8221; padding_top=&#8221;&#8221; padding_bottom=&#8221;&#8221; padding_left=&#8221;&#8221; padding_right=&#8221;&#8221;][fusion_builder_row][fusion_builder_column type=&#8221;1_1&#8243; layout=&#8221;1_1&#8243; background_position=&#8221;left top&#8221; background_color=&#8221;&#8221; border_size=&#8221;&#8221; border_color=&#8221;&#8221; border_style=&#8221;solid&#8221; border_position=&#8221;all&#8221; spacing=&#8221;yes&#8221; background_image=&#8221;&#8221; background_repeat=&#8221;no-repeat&#8221; padding_top=&#8221;&#8221; padding_right=&#8221;&#8221; padding_bottom=&#8221;&#8221; padding_left=&#8221;&#8221; margin_top=&#8221;0px&#8221; margin_bottom=&#8221;0px&#8221; class=&#8221;&#8221; id=&#8221;&#8221; animation_type=&#8221;&#8221; animation_speed=&#8221;0.3&#8243; animation_direction=&#8221;left&#8221; hide_on_mobile=&#8221;small-visibility,medium-visibility,large-visibility&#8221; center_content=&#8221;no&#8221; last=&#8221;no&#8221; min_height=&#8221;&#8221; hover_type=&#8221;none&#8221; link=&#8221;&#8221;][fusion_text] REDACCI\u00d3N 28 de septiembre \u2013 Teatro Metrop\u00f3litan *Preventa Citibanamex: 26 y 27 de julio Cantante y actriz orgullosamente mexicana,\u00a0Fela Dom\u00ednguez\u00a0se prepara para dar el gran salto a uno de los escenarios m\u00e1s importantes de la Ciudad de M\u00e9xico. El pr\u00f3ximo\u00a028 [&hellip;]<\/p>\n","protected":false},"author":1,"featured_media":45577,"comment_status":"open","ping_status":"open","sticky":false,"template":"","format":"standard","meta":{"footnotes":""},"categories":[9,11],"tags":[],"_links":{"self":[{"href":"https:\/\/www.bitacoracdmx.com\/index.php?rest_route=\/wp\/v2\/posts\/45576"}],"collection":[{"href":"https:\/\/www.bitacoracdmx.com\/index.php?rest_route=\/wp\/v2\/posts"}],"about":[{"href":"https:\/\/www.bitacoracdmx.com\/index.php?rest_route=\/wp\/v2\/types\/post"}],"author":[{"embeddable":true,"href":"https:\/\/www.bitacoracdmx.com\/index.php?rest_route=\/wp\/v2\/users\/1"}],"replies":[{"embeddable":true,"href":"https:\/\/www.bitacoracdmx.com\/index.php?rest_route=%2Fwp%2Fv2%2Fcomments&post=45576"}],"version-history":[{"count":1,"href":"https:\/\/www.bitacoracdmx.com\/index.php?rest_route=\/wp\/v2\/posts\/45576\/revisions"}],"predecessor-version":[{"id":45578,"href":"https:\/\/www.bitacoracdmx.com\/index.php?rest_route=\/wp\/v2\/posts\/45576\/revisions\/45578"}],"wp:featuredmedia":[{"embeddable":true,"href":"https:\/\/www.bitacoracdmx.com\/index.php?rest_route=\/wp\/v2\/media\/45577"}],"wp:attachment":[{"href":"https:\/\/www.bitacoracdmx.com\/index.php?rest_route=%2Fwp%2Fv2%2Fmedia&parent=45576"}],"wp:term":[{"taxonomy":"category","embeddable":true,"href":"https:\/\/www.bitacoracdmx.com\/index.php?rest_route=%2Fwp%2Fv2%2Fcategories&post=45576"},{"taxonomy":"post_tag","embeddable":true,"href":"https:\/\/www.bitacoracdmx.com\/index.php?rest_route=%2Fwp%2Fv2%2Ftags&post=45576"}],"curies":[{"name":"wp","href":"https:\/\/api.w.org\/{rel}","templated":true}]}}