{"id":45594,"date":"2022-07-28T20:43:31","date_gmt":"2022-07-28T20:43:31","guid":{"rendered":"https:\/\/www.bitacoracdmx.com\/?p=45594"},"modified":"2022-07-28T20:43:31","modified_gmt":"2022-07-28T20:43:31","slug":"desde-colombia-llega-cortocinesis-que-presentara-volatil-recitales-de-la-desaparicion","status":"publish","type":"post","link":"https:\/\/www.bitacoracdmx.com\/?p=45594","title":{"rendered":"Desde Colombia llega CORTOCINESIS, que presentar\u00e1 VOL\u00c1TIL. recitales de la desaparici\u00f3n"},"content":{"rendered":"<p>[fusion_builder_container hundred_percent=&#8221;no&#8221; equal_height_columns=&#8221;no&#8221; menu_anchor=&#8221;&#8221; hide_on_mobile=&#8221;small-visibility,medium-visibility,large-visibility&#8221; class=&#8221;&#8221; id=&#8221;&#8221; background_color=&#8221;&#8221; background_image=&#8221;&#8221; background_position=&#8221;center center&#8221; background_repeat=&#8221;no-repeat&#8221; fade=&#8221;no&#8221; background_parallax=&#8221;none&#8221; parallax_speed=&#8221;0.3&#8243; video_mp4=&#8221;&#8221; video_webm=&#8221;&#8221; video_ogv=&#8221;&#8221; video_url=&#8221;&#8221; video_aspect_ratio=&#8221;16:9&#8243; video_loop=&#8221;yes&#8221; video_mute=&#8221;yes&#8221; overlay_color=&#8221;&#8221; video_preview_image=&#8221;&#8221; border_size=&#8221;&#8221; border_color=&#8221;&#8221; border_style=&#8221;solid&#8221; padding_top=&#8221;&#8221; padding_bottom=&#8221;&#8221; padding_left=&#8221;&#8221; padding_right=&#8221;&#8221;][fusion_builder_row][fusion_builder_column type=&#8221;1_1&#8243; layout=&#8221;1_1&#8243; background_position=&#8221;left top&#8221; background_color=&#8221;&#8221; border_size=&#8221;&#8221; border_color=&#8221;&#8221; border_style=&#8221;solid&#8221; border_position=&#8221;all&#8221; spacing=&#8221;yes&#8221; background_image=&#8221;&#8221; background_repeat=&#8221;no-repeat&#8221; padding_top=&#8221;&#8221; padding_right=&#8221;&#8221; padding_bottom=&#8221;&#8221; padding_left=&#8221;&#8221; margin_top=&#8221;0px&#8221; margin_bottom=&#8221;0px&#8221; class=&#8221;&#8221; id=&#8221;&#8221; animation_type=&#8221;&#8221; animation_speed=&#8221;0.3&#8243; animation_direction=&#8221;left&#8221; hide_on_mobile=&#8221;small-visibility,medium-visibility,large-visibility&#8221; center_content=&#8221;no&#8221; last=&#8221;no&#8221; min_height=&#8221;&#8221; hover_type=&#8221;none&#8221; link=&#8221;&#8221;][fusion_text]<\/p>\n<p>REDACCI\u00d3N<\/p>\n<p class=\"x_gmail-MsoListParagraphCxSpFirst\">\u00b7<b>Danza contempor\u00e1nea que reflexiona acerca de la desaparici\u00f3n forzada de personas en a\u00f1os recientes<\/b><\/p>\n<p class=\"x_gmail-MsoListParagraphCxSpLast\">\u00b7<b>Bajo la direcci\u00f3n de su autor, Vladimir Rodr\u00edguez, llega con dos \u00fanicas funciones el domingo 7 de agosto, a las 15:00 y 18:00 horas, en el Teatro de la Ciudad Esperanza Iris<\/b><\/p>\n<p class=\"x_gmail-Predeterminado\">En el marco del\u00a0<b>VII Festival Internacional de Danza\u00a0<\/b><b>Contempor\u00e1nea\u00a0<\/b><b>de la Ciudad de M\u00e9xico<\/b><b>\u00a0(FIDCDMX)<\/b><b>,<\/b>\u00a0la compa\u00f1\u00eda\u00a0<b>Cortocinesis Danza Contempor\u00e1nea<\/b>,\u00a0de Colombia,\u00a0presentar\u00e1 de manera especial su exitosa coreograf\u00eda\u00a0<b><i>Vol\u00e1til. Recitales de la Desaparici\u00f3n<\/i><\/b>, una valiente y dolorosa\u00a0propuesta\u00a0que hurga en uno de los fen\u00f3menos m\u00e1s hirientes de la actualidad en toda Latinoam\u00e9rica: la desaparici\u00f3n forzada de las personas.<\/p>\n<p class=\"x_gmail-Predeterminado\">Bajo la direcci\u00f3n de su\u00a0fundador, el bailar\u00edn y core\u00f3grafo Vladimir Rodr\u00edguez, la pieza se escenificar\u00e1 el domingo 7 de agosto, con dos funciones\u00a0(a las 15:00 y 18:00 horas),\u00a0en\u00a0el\u00a0<b>Teatro de la Ciudad Esperanza Iris<\/b>, de la\u00a0<b>Direcci\u00f3n del Sistema de Teatros de la Secretar\u00eda de Cultura de la Ciudad de M\u00e9xico<\/b>.<\/p>\n<p class=\"x_gmail-Predeterminado\">La cr\u00edtica especializada ha calificado el montaje como \u201cuna impactante muestra de danza contempor\u00e1nea\u201d, toda vez que est\u00e1 dirigida a reflexionar acerca del significado del verbo\u00a0\u201cvolatilizar\u201d, que implica una desaparici\u00f3n, pero tambi\u00e9n un cambio de estado, de forma y de consistencia.<\/p>\n<p class=\"x_gmail-Predeterminado\">Con la participaci\u00f3n de los int\u00e9rpretes-creadores Mar\u00eda Alzamora, Nicole Gonz\u00e1lez, \u00c1ngela Bello, Edwin Vargas, Yovanny Mart\u00ednez y An\u00edbal Quiceno, la coreograf\u00eda pretende explicar c\u00f3mo, aunque un cuerpo humano sea eliminado f\u00edsicamente (volatilizado), se niega a desaparecer,\u00a0\u201cporque tiene cicatrices que relatan historias fragmentadas\u201d.<\/p>\n<p class=\"x_gmail-Predeterminado\">La compa\u00f1\u00eda explica que \u201cvolatilizar\u201d en qu\u00edmica significa convertir un cuerpo s\u00f3lido o l\u00edquido en vapor o en gas,\u00a0con lo que desaparece\u00a0su estado anterior. Pero en el caso de una persona, la pretensi\u00f3n va m\u00e1s all\u00e1, ya que no solo se volatiliza la materialidad de un cuerpo, sino tambi\u00e9n su presencia, su pensamiento, su recuerdo.<\/p>\n<p class=\"x_gmail-Predeterminado\">En todo caso, su cuerpo ser\u00e1 el primer territorio que sufre y rinde la desaparici\u00f3n algo\u00a0f\u00e1ctico: lo palpable de la ausencia. Volatilizar a otro o volatilizarse de otros, sugiere ausentar el cuerpo de la percepci\u00f3n del otro para progresivamente concluir con la desaparici\u00f3n m\u00e1s fatal: el olvido.<\/p>\n<p class=\"x_gmail-Predeterminado\">Para crear esta pieza, Vladimir Rodr\u00edguez se remont\u00f3 a la tragedia de S\u00f3focles,\u00a0<i>Ant\u00edgona<\/i>,\u00a0la mujer que da sepultura al cuerpo de su hermano Polinices, ya que \u00e9ste se encuentra expuesto a la intemperie por mandato y condena de su t\u00edo Creonte.<\/p>\n<p class=\"x_gmail-Predeterminado\">Ant\u00edgona lo cubre de tierra y le practica los rituales funerarios. Cuando Creonte la descubre, manda a desenterrar el cuerpo descompuesto de Polinices para dejarlo a la vista de todos, pero, adem\u00e1s, ordena enterrar viva a Ant\u00edgona en una caverna para que muera lentamente.<\/p>\n<p class=\"x_gmail-Predeterminado\">El core\u00f3grafo colombiano considera que esta ambig\u00fcedad sobre el atentado al cuerpo en la obra de S\u00f3focles, encierra la barbarie enigm\u00e1tica de la desaparici\u00f3n en dos perspectivas: exponer al cuerpo muerto y ocultar el cuerpo vivo hasta provocarle la muerte, ambas para causar terror y concretar la fuerza del poder criminal frente a la poblaci\u00f3n, pero tambi\u00e9n para desaparecer al ser querido.<\/p>\n<p class=\"x_gmail-Predeterminado\">En Colombia \u2013expone el artista\u2013, la experiencia de la desaparici\u00f3n forzada en las \u00faltimas d\u00e9cadas ha sido relatada por familiares de las v\u00edctimas a trav\u00e9s de innumerables archivos audiovisuales, fotogr\u00e1ficos y escritos en diversos medios. Pero no solo los familiares de las v\u00edctimas han expuesto sus narraciones, sino que tambi\u00e9n algunos victimarios, con sorna y verg\u00fcenza, han contado sus versiones acerca de los acontecimientos en b\u00fasqueda de perd\u00f3n y rebaja de penas.<\/p>\n<p class=\"x_gmail-Predeterminado\">Cuando comenz\u00f3 el proyecto de creaci\u00f3n de\u00a0<b><i>Vol\u00e1til. Recitales de la Desaparici\u00f3n<\/i><\/b>\u00a0(que obtuvo la Beca de Creaci\u00f3n de la V Bienal de Danza de Cali 2021), el core\u00f3grafo se vio abocado al asunto de la desaparici\u00f3n como eje central del laboratorio y de la obra resultado de este proyecto.<\/p>\n<p class=\"x_gmail-Predeterminado\">Reflexiona: \u201cPienso que una realidad tan dura como la desaparici\u00f3n forzada de las personas, cotidianizada a fuerza de repetici\u00f3n en mi pa\u00eds, pod\u00eda ser asumida y confrontada como material reflexivo, experiencial y est\u00e9tico desde mi trabajo esc\u00e9nico.<\/p>\n<p class=\"x_gmail-Predeterminado\">\u201cVal\u00eda la pena tratar de asimilar este holocausto desde una inmersi\u00f3n esc\u00e9nica, que permitiera tanto a algunos familiares o cercanos de las v\u00edctimas, como a las personas que no han sufrido dicha tragedia, una experiencia sobre el conflicto y un momento de reflexi\u00f3n sobre este tema a partir de un objeto est\u00e9tico\u201d.<\/p>\n<p class=\"x_gmail-Predeterminado\">Y es que, para el artista, \u201cel papel del arte no es exclusivamente el expresar o cuestionar las conductas maniqueas de la sociedad. Por ello, concebir \u2018un arte del perd\u00f3n\u2019 o \u2018un arte sanador\u2019 frente al conflicto de la desaparici\u00f3n, no es la particularidad de la expresi\u00f3n art\u00edstica, aunque tambi\u00e9n pueda desarrollarse en este sentido. Esto no lo hace mejor que un arte que se dedica a\u00a0exponer el horror o un an\u00e1lisis del terror, sin miradas optimistas o indultos para la aceptaci\u00f3n de una realidad cruenta.<\/p>\n<p class=\"x_gmail-Predeterminado\">Y agrega: \u201cEl equilibrio melanc\u00f3lico no es el \u00fanico objetivo de un proyecto y obra que tocan temas que rozan la herida de una sociedad. Tambi\u00e9n el destino art\u00edstico puede estar en presentar a dicha sociedad el reflejo de su monstruosidad, de su inequidad, de su alienaci\u00f3n. Y es dif\u00edcil que este reflejo sea un para\u00edso de calma\u201d.<\/p>\n<p class=\"x_gmail-Predeterminado\">Por ello, al referirse al trabajo realizado por los int\u00e9rpretes en escena, considera: \u201cPrestar el cuerpo para narrar y expresar las tragedias ancladas en la intimidad vergonzosa de la historia de Colombia, es un acto de valent\u00eda y una necesidad de comprender a trav\u00e9s de nuestro oficio, el abismo en el que ca\u00edmos como sociedad. Y claro est\u00e1, comunicar estos \u2018pensamientos teatrales\u2019 a un p\u00fablico que tambi\u00e9n tiene preguntas y a unos familiares que m\u00e1s que curar, tratan de comprender los porqu\u00e9s que les ayuden a asimilar las ausencias.<\/p>\n<p class=\"x_gmail-Predeterminado\">La obra cuenta tambi\u00e9n con la participaci\u00f3n de Humberto Hern\u00e1ndez en el dise\u00f1o de iluminaci\u00f3n y Ricardo Roldan en el dise\u00f1o de vestuario. La m\u00fasica original es de Mauricio Proan\u0303o y el tratamiento de audios documentales es de Miguel Armando Chaparro, con la producci\u00f3n general de Nelson Rubio y asistencia general de Camila Josa.<\/p>\n<p class=\"x_gmail-Predeterminado\"><b><i>Vol\u00e1til. Recitales de la Desaparici\u00f3n<\/i><\/b>\u00a0se presentar\u00e1 el\u00a0<b>domingo 7 de agosto<\/b>\u00a0a las\u00a0<b>15:00 y 1<\/b><b>8<\/b><b>:00 horas<\/b>,\u00a0en el\u00a0<b>Teatro de la Ciudad Esperanza Iris<\/b>\u00a0(Donceles 36, Centro Hist\u00f3rico, Metro Allende),\u00a0con los cuidados sanitarios necesarios: uso permanente de cubre-bocas y de\u00a0gel anti-bacterial, tanto de\u00a0parte del personal del teatro como de los espectadores.<\/p>\n<p class=\"x_gmail-Predeterminado\"><b>Admisi\u00f3n:<\/b>\u00a0$400, entrada general, limitado a 100 localidades.\u00a0Los boletos se pueden adquirir en la taquilla del teatro y en las plataformas digitales de\u00a0<b>Ticketmaster<\/b>.<\/p>\n<p class=\"x_gmail-Predeterminado\">Para conocer la programaci\u00f3n de la\u00a0<b>Direcci\u00f3n del Sistema de Teatros de la Ciudad de M\u00e9xico<\/b>\u00a0visite las redes sociales:\u00a0<b>Facebook<\/b>\u00a0@TeatrosCdMexico,\u00a0<b>Twitter<\/b>\u00a0@TeatrosCdMexico e\u00a0<b>Instagram<\/b>\u00a0@teatroscdmexico.<\/p>\n<p class=\"x_gmail-Predeterminado\">\u00a0Siga a la\u00a0<b>Secretar\u00eda de Cultura de la Ciudad de M\u00e9xico<\/b>\u00a0a trav\u00e9s de su p\u00e1gina oficial (<a href=\"https:\/\/cultura.cdmx.gob.mx\/\" target=\"_blank\" rel=\"noopener noreferrer\" data-auth=\"NotApplicable\" data-linkindex=\"1\">https:\/\/cultura.cdmx.gob.mx\/<\/a>), sus\u00a0<b>redes sociales<\/b>\u00a0(Facebook, Twitter, Instagram y YouTube) y en la plataforma digital Capital Cultural en Nuestra Casa.<\/p>\n<p class=\"x_gmail-Predeterminado\"><span class=\"x_gmail-Ninguno\">\u00a0<\/span><\/p>\n<p>[\/fusion_text][fusion_imageframe image_id=&#8221;45595|medium&#8221; max_width=&#8221;&#8221; style_type=&#8221;&#8221; blur=&#8221;&#8221; stylecolor=&#8221;&#8221; hover_type=&#8221;none&#8221; bordersize=&#8221;&#8221; bordercolor=&#8221;&#8221; borderradius=&#8221;&#8221; align=&#8221;none&#8221; lightbox=&#8221;no&#8221; gallery_id=&#8221;&#8221; lightbox_image=&#8221;&#8221; lightbox_image_id=&#8221;&#8221; alt=&#8221;&#8221; link=&#8221;&#8221; linktarget=&#8221;_self&#8221; hide_on_mobile=&#8221;small-visibility,medium-visibility,large-visibility&#8221; class=&#8221;&#8221; id=&#8221;&#8221; animation_type=&#8221;&#8221; animation_direction=&#8221;left&#8221; animation_speed=&#8221;0.3&#8243; animation_offset=&#8221;&#8221;]https:\/\/www.bitacoracdmx.com\/wp-content\/uploads\/2022\/07\/Volatil-208&#215;300.jpeg[\/fusion_imageframe][\/fusion_builder_column][\/fusion_builder_row][\/fusion_builder_container]<\/p>\n","protected":false},"excerpt":{"rendered":"<p>[fusion_builder_container hundred_percent=&#8221;no&#8221; equal_height_columns=&#8221;no&#8221; menu_anchor=&#8221;&#8221; hide_on_mobile=&#8221;small-visibility,medium-visibility,large-visibility&#8221; class=&#8221;&#8221; id=&#8221;&#8221; background_color=&#8221;&#8221; background_image=&#8221;&#8221; background_position=&#8221;center center&#8221; background_repeat=&#8221;no-repeat&#8221; fade=&#8221;no&#8221; background_parallax=&#8221;none&#8221; parallax_speed=&#8221;0.3&#8243; video_mp4=&#8221;&#8221; video_webm=&#8221;&#8221; video_ogv=&#8221;&#8221; video_url=&#8221;&#8221; video_aspect_ratio=&#8221;16:9&#8243; video_loop=&#8221;yes&#8221; video_mute=&#8221;yes&#8221; overlay_color=&#8221;&#8221; video_preview_image=&#8221;&#8221; border_size=&#8221;&#8221; border_color=&#8221;&#8221; border_style=&#8221;solid&#8221; padding_top=&#8221;&#8221; padding_bottom=&#8221;&#8221; padding_left=&#8221;&#8221; padding_right=&#8221;&#8221;][fusion_builder_row][fusion_builder_column type=&#8221;1_1&#8243; layout=&#8221;1_1&#8243; background_position=&#8221;left top&#8221; background_color=&#8221;&#8221; border_size=&#8221;&#8221; border_color=&#8221;&#8221; border_style=&#8221;solid&#8221; border_position=&#8221;all&#8221; spacing=&#8221;yes&#8221; background_image=&#8221;&#8221; background_repeat=&#8221;no-repeat&#8221; padding_top=&#8221;&#8221; padding_right=&#8221;&#8221; padding_bottom=&#8221;&#8221; padding_left=&#8221;&#8221; margin_top=&#8221;0px&#8221; margin_bottom=&#8221;0px&#8221; class=&#8221;&#8221; id=&#8221;&#8221; animation_type=&#8221;&#8221; animation_speed=&#8221;0.3&#8243; animation_direction=&#8221;left&#8221; hide_on_mobile=&#8221;small-visibility,medium-visibility,large-visibility&#8221; center_content=&#8221;no&#8221; last=&#8221;no&#8221; min_height=&#8221;&#8221; hover_type=&#8221;none&#8221; link=&#8221;&#8221;][fusion_text] REDACCI\u00d3N \u00b7Danza contempor\u00e1nea que reflexiona acerca de la desaparici\u00f3n forzada de personas en a\u00f1os recientes \u00b7Bajo la direcci\u00f3n de su autor, Vladimir Rodr\u00edguez, llega con dos \u00fanicas funciones el domingo 7 de agosto, a las 15:00 y 18:00 horas, en [&hellip;]<\/p>\n","protected":false},"author":1,"featured_media":45595,"comment_status":"open","ping_status":"open","sticky":false,"template":"","format":"standard","meta":{"footnotes":""},"categories":[9,14],"tags":[],"_links":{"self":[{"href":"https:\/\/www.bitacoracdmx.com\/index.php?rest_route=\/wp\/v2\/posts\/45594"}],"collection":[{"href":"https:\/\/www.bitacoracdmx.com\/index.php?rest_route=\/wp\/v2\/posts"}],"about":[{"href":"https:\/\/www.bitacoracdmx.com\/index.php?rest_route=\/wp\/v2\/types\/post"}],"author":[{"embeddable":true,"href":"https:\/\/www.bitacoracdmx.com\/index.php?rest_route=\/wp\/v2\/users\/1"}],"replies":[{"embeddable":true,"href":"https:\/\/www.bitacoracdmx.com\/index.php?rest_route=%2Fwp%2Fv2%2Fcomments&post=45594"}],"version-history":[{"count":1,"href":"https:\/\/www.bitacoracdmx.com\/index.php?rest_route=\/wp\/v2\/posts\/45594\/revisions"}],"predecessor-version":[{"id":45596,"href":"https:\/\/www.bitacoracdmx.com\/index.php?rest_route=\/wp\/v2\/posts\/45594\/revisions\/45596"}],"wp:featuredmedia":[{"embeddable":true,"href":"https:\/\/www.bitacoracdmx.com\/index.php?rest_route=\/wp\/v2\/media\/45595"}],"wp:attachment":[{"href":"https:\/\/www.bitacoracdmx.com\/index.php?rest_route=%2Fwp%2Fv2%2Fmedia&parent=45594"}],"wp:term":[{"taxonomy":"category","embeddable":true,"href":"https:\/\/www.bitacoracdmx.com\/index.php?rest_route=%2Fwp%2Fv2%2Fcategories&post=45594"},{"taxonomy":"post_tag","embeddable":true,"href":"https:\/\/www.bitacoracdmx.com\/index.php?rest_route=%2Fwp%2Fv2%2Ftags&post=45594"}],"curies":[{"name":"wp","href":"https:\/\/api.w.org\/{rel}","templated":true}]}}