{"id":45600,"date":"2022-07-28T20:54:19","date_gmt":"2022-07-28T20:54:19","guid":{"rendered":"https:\/\/www.bitacoracdmx.com\/?p=45600"},"modified":"2022-07-28T20:54:19","modified_gmt":"2022-07-28T20:54:19","slug":"el-mexicano-jah-fabio-triunfa-en-el-reggae-sumfest-en-jamaica","status":"publish","type":"post","link":"https:\/\/www.bitacoracdmx.com\/?p=45600","title":{"rendered":"El mexicano JAH FABIO triunfa en el REGGAE SUMFEST en Jamaica"},"content":{"rendered":"<p>[fusion_builder_container hundred_percent=&#8221;no&#8221; equal_height_columns=&#8221;no&#8221; menu_anchor=&#8221;&#8221; hide_on_mobile=&#8221;small-visibility,medium-visibility,large-visibility&#8221; class=&#8221;&#8221; id=&#8221;&#8221; background_color=&#8221;&#8221; background_image=&#8221;&#8221; background_position=&#8221;center center&#8221; background_repeat=&#8221;no-repeat&#8221; fade=&#8221;no&#8221; background_parallax=&#8221;none&#8221; parallax_speed=&#8221;0.3&#8243; video_mp4=&#8221;&#8221; video_webm=&#8221;&#8221; video_ogv=&#8221;&#8221; video_url=&#8221;&#8221; video_aspect_ratio=&#8221;16:9&#8243; video_loop=&#8221;yes&#8221; video_mute=&#8221;yes&#8221; overlay_color=&#8221;&#8221; video_preview_image=&#8221;&#8221; border_size=&#8221;&#8221; border_color=&#8221;&#8221; border_style=&#8221;solid&#8221; padding_top=&#8221;&#8221; padding_bottom=&#8221;&#8221; padding_left=&#8221;&#8221; padding_right=&#8221;&#8221;][fusion_builder_row][fusion_builder_column type=&#8221;1_1&#8243; layout=&#8221;1_1&#8243; background_position=&#8221;left top&#8221; background_color=&#8221;&#8221; border_size=&#8221;&#8221; border_color=&#8221;&#8221; border_style=&#8221;solid&#8221; border_position=&#8221;all&#8221; spacing=&#8221;yes&#8221; background_image=&#8221;&#8221; background_repeat=&#8221;no-repeat&#8221; padding_top=&#8221;&#8221; padding_right=&#8221;&#8221; padding_bottom=&#8221;&#8221; padding_left=&#8221;&#8221; margin_top=&#8221;0px&#8221; margin_bottom=&#8221;0px&#8221; class=&#8221;&#8221; id=&#8221;&#8221; animation_type=&#8221;&#8221; animation_speed=&#8221;0.3&#8243; animation_direction=&#8221;left&#8221; hide_on_mobile=&#8221;small-visibility,medium-visibility,large-visibility&#8221; center_content=&#8221;no&#8221; last=&#8221;no&#8221; min_height=&#8221;&#8221; hover_type=&#8221;none&#8221; link=&#8221;&#8221;][fusion_text]<\/p>\n<p>REDACCI\u00d3N<\/p>\n<p><span lang=\"ES-TRAD\">Dentro de la edici\u00f3n n\u00famero 29 del festival\u00a0<b>Reggae Sumfest<\/b>, realizado en\u00a0<b>Montego Bay, Jamaica<\/b>, el artista mexicano\u00a0<b>Jah Fabio<\/b>\u00a0tuvo la oportunidad por segunda ocasi\u00f3n de presentar su m\u00fasica en el legendario escenario de dicho festival, cuya recepci\u00f3n fue muy exitosa y el recibimiento de la gente apote\u00f3sico, con grandes comentarios positivos de productores, m\u00fasicos y medios de comunicaci\u00f3n.<\/span><\/p>\n<p><b><span lang=\"ES-TRAD\">Jah Fabio<\/span><\/b><span lang=\"ES-TRAD\">\u00a0y su equipo de manejo\u00a0<b>Danger Zone Music Group<\/b>\u00a0lograron hacer historia en la m\u00fasica reggae ya que\u00a0<b>Jah Fabio<\/b>\u00a0se convirti\u00f3 en el primer artista latino en presentarse en dicho festival.<\/span><\/p>\n<p><span lang=\"ES-TRAD\">\u00a0<\/span><span lang=\"ES-TRAD\"><b>Di Mexican,<\/b>\u00a0como tambi\u00e9n es conocido en Jamaica, tuvo una presentaci\u00f3n con mucha energ\u00eda, lo que provoc\u00f3 una grata sorpresa en el p\u00fablico que no imaginaba como un artista de M\u00e9xico pod\u00eda hacer reggae y dancehall de esa manera.\u00a0<b>Jah Fabio<\/b>\u00a0estuvo acompa\u00f1ado por la banda Jamaicana\u00a0<b>Warrior Love Band<\/b>\u00a0e invit\u00f3 de manera especial al artista costarricense\u00a0<b>Banton<\/b>.<\/span><\/p>\n<p><b><span lang=\"ES-TRAD\">Jah Fabio<\/span><\/b><span lang=\"ES-TRAD\">\u00a0es conocido por tener una conexi\u00f3n muy fuerte con la isla creadora del reggae, ha estado trabajando mucho durante a\u00f1os y este logro es el reflejo de este arduo trabajo. Adem\u00e1s, aprovechando este viaje el artista est\u00e1 preparando un nuevo \u00e1lbum grabado totalmente en\u00a0<b>Kingston, Jamaica,<\/b>\u00a0en varios de los estudios m\u00edticos como son\u00a0<b>Tuff Gong, Big Yard, Anchor Studios, Bobby Digital Studio, Young Veterans<\/b>\u00a0entre otros. Tambi\u00e9n est\u00e1 aprovechando para grabar diversos videos y colaboraciones, entre ellas con figuras como\u00a0<b>Capleton, Littlel Harry, Beenie Man,<\/b>\u00a0entre otros.<\/span><\/p>\n<p><b><u><span lang=\"ES-TRAD\">En palabras de Jah Fabio\u2026<\/span><\/u><\/b><\/p>\n<p><b><i><span lang=\"ES-TRAD\">-\u201cLa experiencia ha sido muy buena y ha superado mis expectativas, nunca imagin\u00e9 lograr todo esto y menos me imagin\u00e9 estar siendo aceptado en la industria musical de la isla, para m\u00ed es m\u00e1s que un sue\u00f1o y no queda m\u00e1s que vivir estos momentos que sin duda ser\u00e1n \u00fanicos e imborrables. Agradezco a toda la gente que ha estado conmigo en este camino y en esta lucha por lograr cosas importantes, gracias a mi familia, mi esposa, mis hijas, amigos, Mr. Della, Mr. Nine, Stampede, Dexta Peppa y a toda la familia Danger Zone Music Group\u201d.<\/span><\/i><\/b><\/p>\n<p><span lang=\"ES-TRAD\">SOBRE JAH FABIO:<\/span><\/p>\n<p><b>Jah<\/b><b>\u00a0Fabio\u00a0es un solista originario de Guadalajara, que tambi\u00e9n fue fundador y form\u00f3 parte de Natty Congo por 10 a\u00f1os. Actualmente es uno de los artistas m\u00e1s representativos e internacionales del Reggae en M\u00e9xico. Se ha presentado por pa\u00edses como Cuba, Estados Unidos, Venezuela, Colombia, Chile, Argentina, Espa\u00f1a, Jamaica, entre otros, siendo el primer mexicano en tocar en el legendario \u201cSumfest\u201d, adem\u00e1s tambi\u00e9n ha participado en importantes festivales como Vibraciones de Am\u00e9rica, Rototom, Jamming Fest, Romer\u00edas de Mayo, entre otros.<\/b><\/p>\n<p><b>Actualmente cuenta con cinco discos en su cat\u00e1logo y grandes canciones como \u201cMarihuana\u201d, \u201cSin Temor\u201d, \u201cHot Tonite\u201d y \u201cJamaica\u201d, adem\u00e1s de colaboraciones con artistas como Fidel Nadal, Spice, Vibz Kartel, Gyptian, Nando Boom, entre otros.\u00a0Fabio\u00a0tiene una carrera de 15 a\u00f1os en los cuales ha encontrado en el dancehall la libertad que necesitaba\u00a0 para expresarse musicalmente, usando canciones con diferentes tem\u00e1ticas y energ\u00edas diferentes.<\/b><\/p>\n<p><b>Jah<\/b><b>\u00a0Fabio\u00a0es un artista que por medio de su m\u00fasica busca hacer conciencia en la gente que lo escucha, pues en cada canci\u00f3n habla de la pobreza e incertidumbre en la que est\u00e1 hundido el mundo, de la brutalidad polic\u00edaca, la opresi\u00f3n, la discriminaci\u00f3n y la burocracia.<\/b><\/p>\n<p><b>Su mensaje de libertad es claro en torno a la manera en que los pol\u00edticos enga\u00f1an al pueblo con su falsa democracia, habla tambi\u00e9n de la divisi\u00f3n que causan las religiones y las fronteras, busca que la gente tome m\u00e1s en cuenta el amor que el color de la piel y sobre todo que se valore m\u00e1s la inteligencia que la apariencia. Siempre ha buscado un estilo propio pero es muy marcada su influencia del reggae jamaicano.<\/b><\/p>\n<p>[\/fusion_text][fusion_imageframe image_id=&#8221;45601|medium&#8221; max_width=&#8221;&#8221; style_type=&#8221;&#8221; blur=&#8221;&#8221; stylecolor=&#8221;&#8221; hover_type=&#8221;none&#8221; bordersize=&#8221;&#8221; bordercolor=&#8221;&#8221; borderradius=&#8221;&#8221; align=&#8221;none&#8221; lightbox=&#8221;no&#8221; gallery_id=&#8221;&#8221; lightbox_image=&#8221;&#8221; lightbox_image_id=&#8221;&#8221; alt=&#8221;&#8221; link=&#8221;&#8221; linktarget=&#8221;_self&#8221; hide_on_mobile=&#8221;small-visibility,medium-visibility,large-visibility&#8221; class=&#8221;&#8221; id=&#8221;&#8221; animation_type=&#8221;&#8221; animation_direction=&#8221;left&#8221; animation_speed=&#8221;0.3&#8243; animation_offset=&#8221;&#8221;]https:\/\/www.bitacoracdmx.com\/wp-content\/uploads\/2022\/07\/JAH-FABIO-AGO-2022-FOTO1-300&#215;300.jpeg[\/fusion_imageframe][\/fusion_builder_column][\/fusion_builder_row][\/fusion_builder_container]<\/p>\n","protected":false},"excerpt":{"rendered":"<p>[fusion_builder_container hundred_percent=&#8221;no&#8221; equal_height_columns=&#8221;no&#8221; menu_anchor=&#8221;&#8221; hide_on_mobile=&#8221;small-visibility,medium-visibility,large-visibility&#8221; class=&#8221;&#8221; id=&#8221;&#8221; background_color=&#8221;&#8221; background_image=&#8221;&#8221; background_position=&#8221;center center&#8221; background_repeat=&#8221;no-repeat&#8221; fade=&#8221;no&#8221; background_parallax=&#8221;none&#8221; parallax_speed=&#8221;0.3&#8243; video_mp4=&#8221;&#8221; video_webm=&#8221;&#8221; video_ogv=&#8221;&#8221; video_url=&#8221;&#8221; video_aspect_ratio=&#8221;16:9&#8243; video_loop=&#8221;yes&#8221; video_mute=&#8221;yes&#8221; overlay_color=&#8221;&#8221; video_preview_image=&#8221;&#8221; border_size=&#8221;&#8221; border_color=&#8221;&#8221; border_style=&#8221;solid&#8221; padding_top=&#8221;&#8221; padding_bottom=&#8221;&#8221; padding_left=&#8221;&#8221; padding_right=&#8221;&#8221;][fusion_builder_row][fusion_builder_column type=&#8221;1_1&#8243; layout=&#8221;1_1&#8243; background_position=&#8221;left top&#8221; background_color=&#8221;&#8221; border_size=&#8221;&#8221; border_color=&#8221;&#8221; border_style=&#8221;solid&#8221; border_position=&#8221;all&#8221; spacing=&#8221;yes&#8221; background_image=&#8221;&#8221; background_repeat=&#8221;no-repeat&#8221; padding_top=&#8221;&#8221; padding_right=&#8221;&#8221; padding_bottom=&#8221;&#8221; padding_left=&#8221;&#8221; margin_top=&#8221;0px&#8221; margin_bottom=&#8221;0px&#8221; class=&#8221;&#8221; id=&#8221;&#8221; animation_type=&#8221;&#8221; animation_speed=&#8221;0.3&#8243; animation_direction=&#8221;left&#8221; hide_on_mobile=&#8221;small-visibility,medium-visibility,large-visibility&#8221; center_content=&#8221;no&#8221; last=&#8221;no&#8221; min_height=&#8221;&#8221; hover_type=&#8221;none&#8221; link=&#8221;&#8221;][fusion_text] REDACCI\u00d3N Dentro de la edici\u00f3n n\u00famero 29 del festival\u00a0Reggae Sumfest, realizado en\u00a0Montego Bay, Jamaica, el artista mexicano\u00a0Jah Fabio\u00a0tuvo la oportunidad por segunda ocasi\u00f3n de presentar su m\u00fasica en el legendario escenario de dicho festival, cuya recepci\u00f3n fue muy exitosa y [&hellip;]<\/p>\n","protected":false},"author":1,"featured_media":45601,"comment_status":"open","ping_status":"open","sticky":false,"template":"","format":"standard","meta":{"footnotes":""},"categories":[9,11],"tags":[],"_links":{"self":[{"href":"https:\/\/www.bitacoracdmx.com\/index.php?rest_route=\/wp\/v2\/posts\/45600"}],"collection":[{"href":"https:\/\/www.bitacoracdmx.com\/index.php?rest_route=\/wp\/v2\/posts"}],"about":[{"href":"https:\/\/www.bitacoracdmx.com\/index.php?rest_route=\/wp\/v2\/types\/post"}],"author":[{"embeddable":true,"href":"https:\/\/www.bitacoracdmx.com\/index.php?rest_route=\/wp\/v2\/users\/1"}],"replies":[{"embeddable":true,"href":"https:\/\/www.bitacoracdmx.com\/index.php?rest_route=%2Fwp%2Fv2%2Fcomments&post=45600"}],"version-history":[{"count":1,"href":"https:\/\/www.bitacoracdmx.com\/index.php?rest_route=\/wp\/v2\/posts\/45600\/revisions"}],"predecessor-version":[{"id":45602,"href":"https:\/\/www.bitacoracdmx.com\/index.php?rest_route=\/wp\/v2\/posts\/45600\/revisions\/45602"}],"wp:featuredmedia":[{"embeddable":true,"href":"https:\/\/www.bitacoracdmx.com\/index.php?rest_route=\/wp\/v2\/media\/45601"}],"wp:attachment":[{"href":"https:\/\/www.bitacoracdmx.com\/index.php?rest_route=%2Fwp%2Fv2%2Fmedia&parent=45600"}],"wp:term":[{"taxonomy":"category","embeddable":true,"href":"https:\/\/www.bitacoracdmx.com\/index.php?rest_route=%2Fwp%2Fv2%2Fcategories&post=45600"},{"taxonomy":"post_tag","embeddable":true,"href":"https:\/\/www.bitacoracdmx.com\/index.php?rest_route=%2Fwp%2Fv2%2Ftags&post=45600"}],"curies":[{"name":"wp","href":"https:\/\/api.w.org\/{rel}","templated":true}]}}