{"id":45606,"date":"2022-07-28T21:11:52","date_gmt":"2022-07-28T21:11:52","guid":{"rendered":"https:\/\/www.bitacoracdmx.com\/?p=45606"},"modified":"2022-07-28T21:12:35","modified_gmt":"2022-07-28T21:12:35","slug":"rinden-homenaje-a-la-trayectoria-de-blanca-guerra-y-monica-lozano-en-el-marco-de-los-25-anos-del-giff","status":"publish","type":"post","link":"https:\/\/www.bitacoracdmx.com\/?p=45606","title":{"rendered":"Rinden homenaje a la trayectoria de BLANCA GUERRA y M\u00d3NICA LOZANO en el marco de los 25 a\u00f1os del GIFF"},"content":{"rendered":"<p>[fusion_builder_container hundred_percent=&#8221;no&#8221; equal_height_columns=&#8221;no&#8221; menu_anchor=&#8221;&#8221; hide_on_mobile=&#8221;small-visibility,medium-visibility,large-visibility&#8221; class=&#8221;&#8221; id=&#8221;&#8221; background_color=&#8221;&#8221; background_image=&#8221;&#8221; background_position=&#8221;center center&#8221; background_repeat=&#8221;no-repeat&#8221; fade=&#8221;no&#8221; background_parallax=&#8221;none&#8221; parallax_speed=&#8221;0.3&#8243; video_mp4=&#8221;&#8221; video_webm=&#8221;&#8221; video_ogv=&#8221;&#8221; video_url=&#8221;&#8221; video_aspect_ratio=&#8221;16:9&#8243; video_loop=&#8221;yes&#8221; video_mute=&#8221;yes&#8221; overlay_color=&#8221;&#8221; video_preview_image=&#8221;&#8221; border_size=&#8221;&#8221; border_color=&#8221;&#8221; border_style=&#8221;solid&#8221; padding_top=&#8221;&#8221; padding_bottom=&#8221;&#8221; padding_left=&#8221;&#8221; padding_right=&#8221;&#8221;][fusion_builder_row][fusion_builder_column type=&#8221;1_1&#8243; layout=&#8221;1_1&#8243; background_position=&#8221;left top&#8221; background_color=&#8221;&#8221; border_size=&#8221;&#8221; border_color=&#8221;&#8221; border_style=&#8221;solid&#8221; border_position=&#8221;all&#8221; spacing=&#8221;yes&#8221; background_image=&#8221;&#8221; background_repeat=&#8221;no-repeat&#8221; padding_top=&#8221;&#8221; padding_right=&#8221;&#8221; padding_bottom=&#8221;&#8221; padding_left=&#8221;&#8221; margin_top=&#8221;0px&#8221; margin_bottom=&#8221;0px&#8221; class=&#8221;&#8221; id=&#8221;&#8221; animation_type=&#8221;&#8221; animation_speed=&#8221;0.3&#8243; animation_direction=&#8221;left&#8221; hide_on_mobile=&#8221;small-visibility,medium-visibility,large-visibility&#8221; center_content=&#8221;no&#8221; last=&#8221;no&#8221; min_height=&#8221;&#8221; hover_type=&#8221;none&#8221; link=&#8221;&#8221;][fusion_text]<\/p>\n<p>REDACCI\u00d3N<\/p>\n<ul>\n<li><em><strong>\u00a0GIFF y la Asociaci\u00f3n Mujeres en el Cine y la Televisi\u00f3n reconocen la trayectoria y labor de la actriz Blanca Guerra y la productora M\u00f3nica Lozano en la industria audiovisual nacional<\/strong><\/em><\/li>\n<\/ul>\n<p>Como parte de los festejos del primer cuarto de siglo del Festival Internacional de Cine Guanajuato en conjunto con la Asociaci\u00f3n Mujeres en el Cine y la Televisi\u00f3n, se otorg\u00f3 un homenaje a la primera actriz Blanca Guerra, y a la reconocida productora M\u00f3nica Lozano. A quienes se les condecor\u00f3 con la Cruz de Plata del GIFF y el premio Musa de la Asociaci\u00f3n que reconoce los aportes y la representaci\u00f3n de las mujeres en la industria f\u00edlmica mexicana. El Auditorio Miguel Malo del Centro Cultural Ignacio Ram\u00edrez El Nigromante de la ciudad de San Miguel de Allende, alberg\u00f3 un homenaje lleno de emotividad y festividad donde se reconoci\u00f3 a la actriz y ala productora.<\/p>\n<p>En un homenaje lleno de emotividad, se dedic\u00f3 un momento para celebrar la trayectoria y vida de dos de las personalidades m\u00e1s importantes del cine en nuestro pa\u00eds. La ceremonia fue guiada por Vero Agundis y la actriz Roc\u00edo Verdejo, quienes dedicaron unas palabras y recordaron algunos momentos clave de las trayectorias de las homenajeadas, para dar paso a unas palabras de Sarah Hoch, directora y fundadora del GIFF, Mitzuko Villanueva, Presidenta de la Asociaci\u00f3n Mujeres en el Cine y la TV, Manuel Aguilar, Director del \u00c1rea de Salud Mental de Guanajuato y Libia Garc\u00eda, Secretaria de Gobierno del Estado de Guanajuato, quien record\u00f3 que &#8220;las mujeres siempre han formado parte de la industria cinematogr\u00e1fica y televisiva, en ocasiones con papeles reducidos que buscaban desde la visi\u00f3n de los hombres los temas que a ellos les interesaban, pero hoy vemos c\u00f3mo cada vez m\u00e1s mujeres se abren paso dejando su visi\u00f3n, su huella , trabajando en proyectos que permiten visibilizar las causas de las mujeres (\u2026) contando las historias de las mujeres y haciendo valor sus voces&#8221;.<\/p>\n<p>Despu\u00e9s de un breve video que recordaba los menesteres de la carrera de M\u00f3nica Lozano dio turno a que pasara al presidium, dedicando una reflexi\u00f3n de agradecimiento, en donde mencion\u00f3 su labor dentro y fuera del cine, que ha sentado las bases y abierto camino a las nuevas generaciones de creadores cinematogr\u00e1ficas, en donde record\u00f3 que &#8220;mi primera experiencia en el cine fue para mi, un golpe a la realidad, este nuevo mundo al que ingresaba,\u00a0 que involucraba las diferentes visiones en un mismo proyecto, la velocidad de un rodaje y las decisiones que se ten\u00edan que tomar todos los d\u00edas en beneficio del proyecto, aprender a lidiar con un director consagrado que buscaba cumplir todas sus necesidades y que adem\u00e1s se ten\u00eda que adecuar a un presupuesto y a un tiempo (\u2026) fue apasionante poder ser parte de una historia que cobraba vida en la pantalla. A partir de esa experiencia la vida me fue llevando por ese camino y no me ha abandonado desde entonces, a pertenecer al mundo de las historias del cine y la televisi\u00f3n&#8221;.<\/p>\n<p>M\u00f3nica Lozano ha colaborado con m\u00e1s de 70 cr\u00e9ditos como productora. Desde el a\u00f1o 2000, ha trabajado en pel\u00edculas clave para la historia del cine mexicano, colaborando con grandes cineastas mexicanos en producciones como\u00a0<em>Amores perros<\/em>,\u00a0<em>Ciudades oscuras<\/em>,\u00a0<em>Nicotina<\/em>,\u00a0<em>Voces inocentes<\/em>,\u00a0<em>Arr\u00e1<\/em><em>ncame la vida<\/em>,\u00a0<em>Presunto culpable<\/em>,\u00a0<em>Colosio: el asesinato<\/em>,\u00a0<em>No se aceptan devoluciones<\/em>,\u00a0<em>Las oscuras primaveras<\/em>,\u00a0<em>\u00bfQu<\/em><em>\u00e9\u00a0<\/em><em>culpa tiene el ni\u00f1<\/em><em>o?<\/em>,\u00a0<em>Sue<\/em><em>\u00f1o en otro idioma<\/em>\u00a0y\u00a0<em>El diablo entre las piernas<\/em>, s\u00f3lo por mencionar algunas.<\/p>\n<p>Por su cuenta, Blanca Guerra es una int\u00e9rprete con una larga trayectoria que ha marcado la industria cinematogr\u00e1fica y televisiva mexicana con m\u00e1s de 100 t\u00edtulos en su filmograf\u00eda personal, la cual alberga grandes cintas que se han vuelto un hito en nuestra historia audiovisual nacional, tales como\u00a0<em>Estas ruinas que ves, El coyote y la bronca<\/em>,\u00a0<em>Perro callejero<\/em>,\u00a0<em>El imperio de la fortuna<\/em>,\u00a0<em>D\u00ed<\/em><em>as dif<\/em><em>\u00edciles<\/em>,\u00a0<em>Santa sangre<\/em>,\u00a0<em>Principio y fin<\/em>,\u00a0<em>Un embrujo<\/em>,\u00a0<em>Danz<\/em><em>\u00f3n<\/em>,\u00a0<em>En medio de la nada<\/em>,\u00a0<em>Sal\u00f3n M<\/em><em>\u00e9<\/em><em>xico, Su alteza seren\u00ed<\/em><em>sima<\/em><em>, entre otras.\u00a0<\/em>Esto sin contar su destacada carrera en la televisi\u00f3n con producciones como\u00a0<em>Lo que el cielo no perdona<\/em>,\u00a0<em>Al filo de la muerte<\/em>,\u00a0<em>Si Dios me quita la vida<\/em>,\u00a0<em>Velo de novia<\/em>,\u00a0<em>Alma de hierro<\/em>\u00a0y\u00a0<em>Abismo de pasi\u00f3n<\/em>.<\/p>\n<p>Entre l\u00e1grimas Blanca Guerra subi\u00f3 al escenario y dio unas palabras de agradecimiento, donde aprovech\u00f3 para recordar el valor del cine, de la cultura y de la importancia de la participaci\u00f3n de las mujeres en la creaci\u00f3n del mismo. Y aprovech\u00f3 para convocar un grito un\u00edsono para pedir \u00a1M\u00e1s cine por favor! y si es hecho por mujeres, mejor.<\/p>\n<p>Para GIFF es un honor reconocer a la m\u00e1xima ganadora hist\u00f3rica del premio Ariel y a una productora que ha luchado contra los est\u00e1ndares masculinos, por una labor detr\u00e1s de c\u00e1maras que ha combinado los aspectos industriales, comerciales y art\u00edsticos del cine, en el desarrollo equitativo de la industria f\u00edlmica mexicana.<\/p>\n<p>Las homenajeadas posteriormente ofrecieron una conferencia magistral abierta al p\u00fablico, en donde conversaron con el cr\u00edtico de cine, Jos\u00e9 Antonio Vald\u00e9s, recordando an\u00e9cdotas y momentos importantes sobre su trabajo, su vida y la representaci\u00f3n de la mujer en una industria dominada por los hombres.<\/p>\n<p>Adem\u00e1s de este homenaje y su conferencia magistral se dedicar\u00e1n proyecciones especiales de algunas pel\u00edculas de ambas en distintos espacios de San Miguel de Allende.<\/p>\n<p>[\/fusion_text][fusion_imageframe image_id=&#8221;45607|medium&#8221; max_width=&#8221;&#8221; style_type=&#8221;&#8221; blur=&#8221;&#8221; stylecolor=&#8221;&#8221; hover_type=&#8221;none&#8221; bordersize=&#8221;&#8221; bordercolor=&#8221;&#8221; borderradius=&#8221;&#8221; align=&#8221;none&#8221; lightbox=&#8221;no&#8221; gallery_id=&#8221;&#8221; lightbox_image=&#8221;&#8221; lightbox_image_id=&#8221;&#8221; alt=&#8221;&#8221; link=&#8221;&#8221; linktarget=&#8221;_self&#8221; hide_on_mobile=&#8221;small-visibility,medium-visibility,large-visibility&#8221; class=&#8221;&#8221; id=&#8221;&#8221; animation_type=&#8221;&#8221; animation_direction=&#8221;left&#8221; animation_speed=&#8221;0.3&#8243; animation_offset=&#8221;&#8221;]https:\/\/www.bitacoracdmx.com\/wp-content\/uploads\/2022\/07\/e1d69173-9466-dfa5-f308-4f7ea223c4e7-300&#215;225.jpg[\/fusion_imageframe][\/fusion_builder_column][\/fusion_builder_row][\/fusion_builder_container]<\/p>\n","protected":false},"excerpt":{"rendered":"<p>[fusion_builder_container hundred_percent=&#8221;no&#8221; equal_height_columns=&#8221;no&#8221; menu_anchor=&#8221;&#8221; hide_on_mobile=&#8221;small-visibility,medium-visibility,large-visibility&#8221; class=&#8221;&#8221; id=&#8221;&#8221; background_color=&#8221;&#8221; background_image=&#8221;&#8221; background_position=&#8221;center center&#8221; background_repeat=&#8221;no-repeat&#8221; fade=&#8221;no&#8221; background_parallax=&#8221;none&#8221; parallax_speed=&#8221;0.3&#8243; video_mp4=&#8221;&#8221; video_webm=&#8221;&#8221; video_ogv=&#8221;&#8221; video_url=&#8221;&#8221; video_aspect_ratio=&#8221;16:9&#8243; video_loop=&#8221;yes&#8221; video_mute=&#8221;yes&#8221; overlay_color=&#8221;&#8221; video_preview_image=&#8221;&#8221; border_size=&#8221;&#8221; border_color=&#8221;&#8221; border_style=&#8221;solid&#8221; padding_top=&#8221;&#8221; padding_bottom=&#8221;&#8221; padding_left=&#8221;&#8221; padding_right=&#8221;&#8221;][fusion_builder_row][fusion_builder_column type=&#8221;1_1&#8243; layout=&#8221;1_1&#8243; background_position=&#8221;left top&#8221; background_color=&#8221;&#8221; border_size=&#8221;&#8221; border_color=&#8221;&#8221; border_style=&#8221;solid&#8221; border_position=&#8221;all&#8221; spacing=&#8221;yes&#8221; background_image=&#8221;&#8221; background_repeat=&#8221;no-repeat&#8221; padding_top=&#8221;&#8221; padding_right=&#8221;&#8221; padding_bottom=&#8221;&#8221; padding_left=&#8221;&#8221; margin_top=&#8221;0px&#8221; margin_bottom=&#8221;0px&#8221; class=&#8221;&#8221; id=&#8221;&#8221; animation_type=&#8221;&#8221; animation_speed=&#8221;0.3&#8243; animation_direction=&#8221;left&#8221; hide_on_mobile=&#8221;small-visibility,medium-visibility,large-visibility&#8221; center_content=&#8221;no&#8221; last=&#8221;no&#8221; min_height=&#8221;&#8221; hover_type=&#8221;none&#8221; link=&#8221;&#8221;][fusion_text] REDACCI\u00d3N \u00a0GIFF y la Asociaci\u00f3n Mujeres en el Cine y la Televisi\u00f3n reconocen la trayectoria y labor de la actriz Blanca Guerra y la productora M\u00f3nica Lozano en la industria audiovisual nacional Como parte de los festejos del primer cuarto [&hellip;]<\/p>\n","protected":false},"author":1,"featured_media":45607,"comment_status":"open","ping_status":"open","sticky":false,"template":"","format":"standard","meta":{"footnotes":""},"categories":[3,9,1],"tags":[],"_links":{"self":[{"href":"https:\/\/www.bitacoracdmx.com\/index.php?rest_route=\/wp\/v2\/posts\/45606"}],"collection":[{"href":"https:\/\/www.bitacoracdmx.com\/index.php?rest_route=\/wp\/v2\/posts"}],"about":[{"href":"https:\/\/www.bitacoracdmx.com\/index.php?rest_route=\/wp\/v2\/types\/post"}],"author":[{"embeddable":true,"href":"https:\/\/www.bitacoracdmx.com\/index.php?rest_route=\/wp\/v2\/users\/1"}],"replies":[{"embeddable":true,"href":"https:\/\/www.bitacoracdmx.com\/index.php?rest_route=%2Fwp%2Fv2%2Fcomments&post=45606"}],"version-history":[{"count":1,"href":"https:\/\/www.bitacoracdmx.com\/index.php?rest_route=\/wp\/v2\/posts\/45606\/revisions"}],"predecessor-version":[{"id":45608,"href":"https:\/\/www.bitacoracdmx.com\/index.php?rest_route=\/wp\/v2\/posts\/45606\/revisions\/45608"}],"wp:featuredmedia":[{"embeddable":true,"href":"https:\/\/www.bitacoracdmx.com\/index.php?rest_route=\/wp\/v2\/media\/45607"}],"wp:attachment":[{"href":"https:\/\/www.bitacoracdmx.com\/index.php?rest_route=%2Fwp%2Fv2%2Fmedia&parent=45606"}],"wp:term":[{"taxonomy":"category","embeddable":true,"href":"https:\/\/www.bitacoracdmx.com\/index.php?rest_route=%2Fwp%2Fv2%2Fcategories&post=45606"},{"taxonomy":"post_tag","embeddable":true,"href":"https:\/\/www.bitacoracdmx.com\/index.php?rest_route=%2Fwp%2Fv2%2Ftags&post=45606"}],"curies":[{"name":"wp","href":"https:\/\/api.w.org\/{rel}","templated":true}]}}