{"id":45646,"date":"2022-08-01T23:24:38","date_gmt":"2022-08-01T23:24:38","guid":{"rendered":"https:\/\/www.bitacoracdmx.com\/?p=45646"},"modified":"2022-08-01T23:24:38","modified_gmt":"2022-08-01T23:24:38","slug":"el-salon-de-la-critica-celebra-sus-primeros-5-anos-fomentando-una-profunda-reflexion-sobre-el-periodismo-cinematografico-3n-mexico","status":"publish","type":"post","link":"https:\/\/www.bitacoracdmx.com\/?p=45646","title":{"rendered":"El sal\u00f3n de la cr\u00edtica celebra sus primeros 5 a\u00f1os fomentando una profunda reflexi\u00f3n sobre el periodismo cinematogr\u00e1fico 3n M\u00e9xico"},"content":{"rendered":"<p>[fusion_builder_container hundred_percent=&#8221;no&#8221; equal_height_columns=&#8221;no&#8221; menu_anchor=&#8221;&#8221; hide_on_mobile=&#8221;small-visibility,medium-visibility,large-visibility&#8221; class=&#8221;&#8221; id=&#8221;&#8221; background_color=&#8221;&#8221; background_image=&#8221;&#8221; background_position=&#8221;center center&#8221; background_repeat=&#8221;no-repeat&#8221; fade=&#8221;no&#8221; background_parallax=&#8221;none&#8221; parallax_speed=&#8221;0.3&#8243; video_mp4=&#8221;&#8221; video_webm=&#8221;&#8221; video_ogv=&#8221;&#8221; video_url=&#8221;&#8221; video_aspect_ratio=&#8221;16:9&#8243; video_loop=&#8221;yes&#8221; video_mute=&#8221;yes&#8221; overlay_color=&#8221;&#8221; video_preview_image=&#8221;&#8221; border_size=&#8221;&#8221; border_color=&#8221;&#8221; border_style=&#8221;solid&#8221; padding_top=&#8221;&#8221; padding_bottom=&#8221;&#8221; padding_left=&#8221;&#8221; padding_right=&#8221;&#8221;][fusion_builder_row][fusion_builder_column type=&#8221;1_1&#8243; layout=&#8221;1_1&#8243; background_position=&#8221;left top&#8221; background_color=&#8221;&#8221; border_size=&#8221;&#8221; border_color=&#8221;&#8221; border_style=&#8221;solid&#8221; border_position=&#8221;all&#8221; spacing=&#8221;yes&#8221; background_image=&#8221;&#8221; background_repeat=&#8221;no-repeat&#8221; padding_top=&#8221;&#8221; padding_right=&#8221;&#8221; padding_bottom=&#8221;&#8221; padding_left=&#8221;&#8221; margin_top=&#8221;0px&#8221; margin_bottom=&#8221;0px&#8221; class=&#8221;&#8221; id=&#8221;&#8221; animation_type=&#8221;&#8221; animation_speed=&#8221;0.3&#8243; animation_direction=&#8221;left&#8221; hide_on_mobile=&#8221;small-visibility,medium-visibility,large-visibility&#8221; center_content=&#8221;no&#8221; last=&#8221;no&#8221; min_height=&#8221;&#8221; hover_type=&#8221;none&#8221; link=&#8221;&#8221;][fusion_text]<\/p>\n<p>REDACCI\u00d3N<\/p>\n<table role=\"presentation\" border=\"0\" width=\"100%\" cellspacing=\"0\" cellpadding=\"0\">\n<tbody>\n<tr>\n<td class=\"x_mceSpacing-24\" valign=\"top\">\n<div class=\"x_mceText\">\n<p class=\"x_last-child\">&#8211;\u00a0<em>3 conferencias sobre periodismo, 2 encuentros entre cineastas con cr\u00edticos y periodistas, 2 talleres especializados y 8 Q&amp;A\u2019s con cineastas internacionales formaron el programa de su quinta edici\u00f3n.<\/em><\/p>\n<\/div>\n<\/td>\n<\/tr>\n<tr>\n<td class=\"x_mceSpacing-24\" valign=\"top\">\n<div class=\"x_mceText\">\n<p>Consciente de la vitalidad e importancia actual de la cr\u00edtica cinematogr\u00e1fica y del oficio period\u00edstico, el Festival Internacional de Cine Guanajuato (GIFF) en su edici\u00f3n 25 presenta por quinto a\u00f1o consecutivo El Sal\u00f3n de la Cr\u00edtica, un proyecto organizado con la intenci\u00f3n de generar un di\u00e1logo que aporte en diversas formas al desarrollo y futuro tanto de la cr\u00edtica como del periodismo de cine, adem\u00e1s de ayudar a difundir la cinefilia en general.<\/p>\n<p>Una vez m\u00e1s, el encuentro f\u00edlmico presenta una nueva serie de actividades presenciales en las cuales se platica, aprende y reflexiona sobre el trabajo de periodistas y cr\u00edticos cinematogr\u00e1ficos, adem\u00e1s de tratar diversos temas de inter\u00e9s sobre el s\u00e9ptimo arte y de hablar en esta ocasi\u00f3n sobre diferentes aspectos relacionados a los 25 a\u00f1os de existencia del encuentro f\u00edlmico guanajuatense.<\/p>\n<p class=\"x_last-child\">Este a\u00f1o, como parte de las actividades de El Sal\u00f3n de la Cr\u00edtica en el marco del GIFF 25, se realizaron: 3 conferencias sobre periodismo y cr\u00edtica de cine, 2 talleres de cr\u00edtica cinematogr\u00e1fica, 2 encuentros de periodistas y cr\u00edticos con cineastas, y 8 Q&amp;A\u2019s en los que cr\u00edticos y periodistas platican con cineastas que presentaron pel\u00edculas internacionales. En esta ocasi\u00f3n, participaron en las actividades 35 periodistas y cr\u00edticos de cine junto con 22 cineastas.<\/p>\n<p><strong>EL TALLER DE LA CR\u00cdTICA<\/strong><\/p>\n<p>El cr\u00edtico y periodista cinematogr\u00e1fico Fernando Moreno fue el encargado de impartir 2 talleres introductorios al oficio de la cr\u00edtica y el periodismo especializado en el s\u00e9ptimo arte. La Sala de proyecciones del Museo de Arte e Historia de Guanajuato en Le\u00f3n fue la sede que alberg\u00f3 las dos sesiones en donde participaron 40 j\u00f3venes en total, los cuales fueron seleccionados a partir de que formaron parte de las ediciones mensuales de El Sal\u00f3n de la Cr\u00edtica durante el \u00faltimo a\u00f1o. El encuentro de dos horas permiti\u00f3 dialogar y ejemplificar puntos claves sobre la labor y la profesionalizaci\u00f3n del desarrollo de una cr\u00edtica de calidad, otorgando consejos para que los asistentes pudieran tener una visi\u00f3n m\u00e1s clara y amplia sobre este ejercicio period\u00edstico.<\/p>\n<p class=\"x_last-child\"><strong>CONFERENCIAS<\/strong><\/p>\n<p><strong>El Sal\u00f3n de la Cr\u00edtica: \u00bfC\u00f3mo se hac\u00eda el periodismo f\u00edlmico hace 25 a\u00f1os?<\/strong><\/p>\n<p>En el Centro Cultural Ignacio Ram\u00edrez El Nigromante de San Miguel de Allende se llev\u00f3 a cabo este encuentro, en donde el periodista Rolando Mart\u00ednez fue el encargado de moderar el panel. Por dos horas las y los renombrados periodistas Columba V\u00e9rtiz, Jos\u00e9 Antonio Vald\u00e9s y Edgar Estrada dialogaron sobre la evoluci\u00f3n que se ha dado en sus oficios durante los \u00faltimos 25 a\u00f1os, la forma en que se cubr\u00edan los festivales, las nuevas tecnolog\u00edas y aplicaciones para el desarrollo del periodismo en nuestro pa\u00eds, en donde resaltaron la importancia de este ejercicio period\u00edstico, y de espacios como El Sal\u00f3n de la Cr\u00edtica, para fomentar el di\u00e1logo, la difusi\u00f3n y la formaci\u00f3n como complemento vital que ayude a mirar y disfrutar del cine con una mirada sensible y profesional.<\/p>\n<p class=\"x_last-child\">Sarah Hoch, directora ejecutiva y fundadora de GIFF inaugur\u00f3 las actividades en su sede de San Miguel de Allende, agradeciendo a los asistentes y a los ponentes por apoyar y promover el crecimiento de este proyecto tan necesario en el desarrollo de una comunidad creciente habida de pasi\u00f3n por el cine. Y acompa\u00f1ado por Jonathan Eslui, coordinador de este encuentro de formaci\u00f3n puntualiz\u00f3 la manera en que el GIFF se ha posicionado como el \u00fanico festival mexicano en tener este espacio de acercamiento entre el p\u00fablico y el periodismo f\u00edlmico, el cual ha crecido a pasos agigantados en tan solo cinco ediciones.<\/p>\n<p><strong>El Sal\u00f3n de la Cr\u00edtica: Nuestras pel\u00edculas favoritas en 25 a\u00f1os del GIFF<\/strong><\/p>\n<p>El mi\u00e9rcoles 27 de julio se llev\u00f3 a cabo esta mesa en donde se dieron cita los cr\u00edticos y periodistas Cristina Prado, Clara S\u00e1nchez y Jonathan Eslui, para charlar sobre sus pel\u00edculas favoritas de los 25 a\u00f1os del Festival Internacional de Cine Guanajuato. El periodista Julio Duran fue el encargado de guiar la charla llena de an\u00e9cdotas, datos curiosos y una lista enorme de pel\u00edculas y cineastas que han formado parte de las 25 ediciones del GIFF.<\/p>\n<p class=\"x_last-child\">A la charla se dio cita Nina Rodr\u00edguez, directora de programaci\u00f3n del festival quien habl\u00f3 sobre su papel en el GIFF, y su labor para siempre contar con una cartelera fuerte, diversa y llena de grandes t\u00edtulos. Algunos asistentes compartieron experiencias propias sobre pel\u00edculas que se volvieron hitos en la filmograf\u00eda mundial y que han formado parte de esta fiesta cinematogr\u00e1fica guanajuatense en su primer cuarto de siglo.<\/p>\n<p><strong>El Sal\u00f3n de la Cr\u00edtica: Nuestras pel\u00edculas favoritas en 25 a\u00f1os del GIFF<\/strong><\/p>\n<p>En su sede de Irapuato GIFF cont\u00f3 con un segundo panel dedicado a hablar sobre pel\u00edculas emblem\u00e1ticas que han formado parte de su programaci\u00f3n. En esta ocasi\u00f3n las y los periodistas especializados Marcela Vargas, Elena Reyna, Antonio Tijerino y Javier Quintanar formaron el presidium que por dos horas compartieron historias que les han hecho vivir el GIFF como un espacio de acercamiento con el s\u00e9ptimo arte y cineastas que han dejado una profunda huella en la memoria colectiva de cin\u00e9filos que se han dado cita al GIFF desde sus inicios y hasta la fecha.<\/p>\n<p class=\"x_last-child\">El Museo Salvador Almaraz fue la sede que alberg\u00f3 el encuentro en donde no solamente se habl\u00f3 sobre pel\u00edculas, sino que con mucho j\u00fabilo se transform\u00f3 en un mosaico de an\u00e9cdotas y una gran lista de recomendaciones de pel\u00edculas nacionales e internacionales. Los participantes aprovecharon para recalcar la importancia de estos espacios de di\u00e1logo y reflexi\u00f3n para la especializaci\u00f3n, la formaci\u00f3n de p\u00fablicos, y sobre todo, para el desarrollo de una industria cinematogr\u00e1fica nacional fortificada.<\/p>\n<table role=\"presentation\" border=\"0\" width=\"100%\" cellspacing=\"0\" cellpadding=\"0\">\n<tbody>\n<tr>\n<td class=\"x_mceSpacing-24\" valign=\"top\">\n<div class=\"x_mceText\">\n<p><strong>Q&amp;A&#8217;S: CREADORES FRENTE A LA CR\u00cdTICA<\/strong><\/p>\n<p>A partir de los cambios que dej\u00f3 la pandemia, se desarrollaron encuentros virtuales entre cr\u00edticos de todo el pa\u00eds y cineastas internacionales que participan en la secci\u00f3n de competencia de largometraje en sesiones breves de preguntas y respuestas que se proyectaron despu\u00e9s de cada pel\u00edcula y que posteriormente se compartieron en las redes sociales del GIFF. Complementando as\u00ed la programaci\u00f3n y actividades de este espacio.<\/p>\n<p>Las sesiones virtuales que se llevaron a cabo fueron las siguientes:<\/p>\n<ul>\n<li>Pel\u00edcula:\u00a0<em>100 Ways to Cross the Border<\/em><\/li>\n<\/ul>\n<p>Participaron: Amber Bemak (Directora), Andrew Houchens (Productor), Nelson Carro (Director de Difusi\u00f3n y Programaci\u00f3n de Cineteca Nacional).<\/p>\n<ul>\n<li>Pel\u00edcula:\u00a0<em>The Timekeepers of Eternity<\/em><\/li>\n<\/ul>\n<p>Participaron: Aristotelis Maragkos (Director), Erick Estrada (Cr\u00edtico de Cine).<\/p>\n<ul>\n<li>Pel\u00edcula:\u00a0<em>Yamabuki<\/em><\/li>\n<\/ul>\n<p>Participaron: Juichiro Yamasaki (Director), Karina Sol\u00f3rzano (Cr\u00edtica de Cine).<\/p>\n<ul>\n<li>Pel\u00edcula:\u00a0<em>Klondike<\/em><\/li>\n<\/ul>\n<p>Participaron: Maryna Gorbach (Directora), Nicol\u00e1s Ruiz (Periodista y Cr\u00edtico de Cine).<\/p>\n<ul>\n<li>Pel\u00edcula:\u00a0<em>Until Tomorrow<\/em><\/li>\n<\/ul>\n<p>Participaron: Alireza Khatami (Coguionista), Ali Asgari (Director), Enrique Figueroa (Periodista y Cr\u00edtico de Cine).<\/p>\n<ul>\n<li>Pel\u00edcula:\u00a0<em>How to Save a Dead Friend<\/em><\/li>\n<\/ul>\n<p>Participaron: Marusya Syroechkovskaya (Directora), Sharely Cuellar (Cr\u00edtica de Cine).<\/p>\n<ul>\n<li>Pel\u00edcula:\u00a0<em>Children of the Mist<\/em><\/li>\n<\/ul>\n<p>Participaron: Ha Le Diem (Directora), Mau Orozco (Cr\u00edtico de Cine).<\/p>\n<ul>\n<li>Pel\u00edcula:\u00a0<em>Fire of Love<\/em><\/li>\n<\/ul>\n<p class=\"x_last-child\">Participaron: Sara Dosa (Directora), Rafael Paz (Cr\u00edtico de Cine).<\/p>\n<\/div>\n<\/td>\n<\/tr>\n<tr>\n<td class=\"x_mceSpacing-24\" valign=\"top\">\n<div class=\"x_mceText\">\n<p><strong>ENCUENTROS: UN CAF\u00c9 CON REALIZADORES<\/strong><\/p>\n<p>Durante el festival, en las sedes de Le\u00f3n e Irapuato se llevaron a cabo dos encuentros de di\u00e1logo casual entre cineastas y periodistas, para comenzar el d\u00eda platicando de manera amena sobre sus visiones y la forma en que se desarrollaron sus gustos cin\u00e9filos.<\/p>\n<p>En el primero que se llev\u00f3 a cabo en el Museo de Arte e Historia de Guanajuato en Le\u00f3n, en donde por 2 hrs dialogaron los cineastas Andr\u00e9s Kaizer, Kenji Kishi, Luis T\u00e9llez, Luis Mariano Garc\u00eda, Saralisa Volm, Floor van der Mulen y los periodistas Juan Carlos Urrutia, Sa\u00fal Rodr\u00edguez, Antonio Tijerino, Eduardo Jim\u00e9nez, Mau Orozco y Sarai Rosas.<\/p>\n<p class=\"x_last-child\">En el segundo encuentro que se llev\u00f3 a cabo en la Casa de la Cultura de la ciudad de Le\u00f3n, y participaron los cineastas Malu Sol\u00eds, Christian Arredondo y Artemio Narro quienes conversaron por 2 hrs con los periodistas Rivai Chavez, Ulises Casta\u00f1eda y Victor Delgado para cerrar oficialmente con las actividades de esta edici\u00f3n de plata del Festival Internacional de Cine Guanajuato y el primer lustro de El Sal\u00f3n de la Cr\u00edtica.<\/p>\n<\/div>\n<\/td>\n<\/tr>\n<\/tbody>\n<\/table>\n<\/div>\n<\/td>\n<\/tr>\n<\/tbody>\n<\/table>\n<p>[\/fusion_text][fusion_imageframe image_id=&#8221;&#8221; max_width=&#8221;&#8221; style_type=&#8221;&#8221; blur=&#8221;&#8221; stylecolor=&#8221;&#8221; hover_type=&#8221;none&#8221; bordersize=&#8221;&#8221; bordercolor=&#8221;&#8221; borderradius=&#8221;&#8221; align=&#8221;none&#8221; lightbox=&#8221;no&#8221; gallery_id=&#8221;&#8221; lightbox_image=&#8221;&#8221; lightbox_image_id=&#8221;&#8221; alt=&#8221;&#8221; link=&#8221;&#8221; linktarget=&#8221;_self&#8221; hide_on_mobile=&#8221;small-visibility,medium-visibility,large-visibility&#8221; class=&#8221;&#8221; id=&#8221;&#8221; animation_type=&#8221;&#8221; animation_direction=&#8221;left&#8221; animation_speed=&#8221;0.3&#8243; animation_offset=&#8221;&#8221; \/][\/fusion_builder_column][\/fusion_builder_row][\/fusion_builder_container]<\/p>\n","protected":false},"excerpt":{"rendered":"<p>[fusion_builder_container hundred_percent=&#8221;no&#8221; equal_height_columns=&#8221;no&#8221; menu_anchor=&#8221;&#8221; hide_on_mobile=&#8221;small-visibility,medium-visibility,large-visibility&#8221; class=&#8221;&#8221; id=&#8221;&#8221; background_color=&#8221;&#8221; background_image=&#8221;&#8221; background_position=&#8221;center center&#8221; background_repeat=&#8221;no-repeat&#8221; fade=&#8221;no&#8221; background_parallax=&#8221;none&#8221; parallax_speed=&#8221;0.3&#8243; video_mp4=&#8221;&#8221; video_webm=&#8221;&#8221; video_ogv=&#8221;&#8221; video_url=&#8221;&#8221; video_aspect_ratio=&#8221;16:9&#8243; video_loop=&#8221;yes&#8221; video_mute=&#8221;yes&#8221; overlay_color=&#8221;&#8221; video_preview_image=&#8221;&#8221; border_size=&#8221;&#8221; border_color=&#8221;&#8221; border_style=&#8221;solid&#8221; padding_top=&#8221;&#8221; padding_bottom=&#8221;&#8221; padding_left=&#8221;&#8221; padding_right=&#8221;&#8221;][fusion_builder_row][fusion_builder_column type=&#8221;1_1&#8243; layout=&#8221;1_1&#8243; background_position=&#8221;left top&#8221; background_color=&#8221;&#8221; border_size=&#8221;&#8221; border_color=&#8221;&#8221; border_style=&#8221;solid&#8221; border_position=&#8221;all&#8221; spacing=&#8221;yes&#8221; background_image=&#8221;&#8221; background_repeat=&#8221;no-repeat&#8221; padding_top=&#8221;&#8221; padding_right=&#8221;&#8221; padding_bottom=&#8221;&#8221; padding_left=&#8221;&#8221; margin_top=&#8221;0px&#8221; margin_bottom=&#8221;0px&#8221; class=&#8221;&#8221; id=&#8221;&#8221; animation_type=&#8221;&#8221; animation_speed=&#8221;0.3&#8243; animation_direction=&#8221;left&#8221; hide_on_mobile=&#8221;small-visibility,medium-visibility,large-visibility&#8221; center_content=&#8221;no&#8221; last=&#8221;no&#8221; min_height=&#8221;&#8221; hover_type=&#8221;none&#8221; link=&#8221;&#8221;][fusion_text] REDACCI\u00d3N &#8211;\u00a03 conferencias sobre periodismo, 2 encuentros entre cineastas con cr\u00edticos y periodistas, 2 talleres especializados y 8 Q&amp;A\u2019s con cineastas internacionales formaron el programa de su quinta edici\u00f3n. Consciente de la vitalidad e importancia actual de la cr\u00edtica cinematogr\u00e1fica [&hellip;]<\/p>\n","protected":false},"author":1,"featured_media":45647,"comment_status":"open","ping_status":"open","sticky":false,"template":"","format":"standard","meta":{"footnotes":""},"categories":[3,9],"tags":[],"_links":{"self":[{"href":"https:\/\/www.bitacoracdmx.com\/index.php?rest_route=\/wp\/v2\/posts\/45646"}],"collection":[{"href":"https:\/\/www.bitacoracdmx.com\/index.php?rest_route=\/wp\/v2\/posts"}],"about":[{"href":"https:\/\/www.bitacoracdmx.com\/index.php?rest_route=\/wp\/v2\/types\/post"}],"author":[{"embeddable":true,"href":"https:\/\/www.bitacoracdmx.com\/index.php?rest_route=\/wp\/v2\/users\/1"}],"replies":[{"embeddable":true,"href":"https:\/\/www.bitacoracdmx.com\/index.php?rest_route=%2Fwp%2Fv2%2Fcomments&post=45646"}],"version-history":[{"count":1,"href":"https:\/\/www.bitacoracdmx.com\/index.php?rest_route=\/wp\/v2\/posts\/45646\/revisions"}],"predecessor-version":[{"id":45648,"href":"https:\/\/www.bitacoracdmx.com\/index.php?rest_route=\/wp\/v2\/posts\/45646\/revisions\/45648"}],"wp:featuredmedia":[{"embeddable":true,"href":"https:\/\/www.bitacoracdmx.com\/index.php?rest_route=\/wp\/v2\/media\/45647"}],"wp:attachment":[{"href":"https:\/\/www.bitacoracdmx.com\/index.php?rest_route=%2Fwp%2Fv2%2Fmedia&parent=45646"}],"wp:term":[{"taxonomy":"category","embeddable":true,"href":"https:\/\/www.bitacoracdmx.com\/index.php?rest_route=%2Fwp%2Fv2%2Fcategories&post=45646"},{"taxonomy":"post_tag","embeddable":true,"href":"https:\/\/www.bitacoracdmx.com\/index.php?rest_route=%2Fwp%2Fv2%2Ftags&post=45646"}],"curies":[{"name":"wp","href":"https:\/\/api.w.org\/{rel}","templated":true}]}}