{"id":45655,"date":"2022-08-01T23:55:06","date_gmt":"2022-08-01T23:55:06","guid":{"rendered":"https:\/\/www.bitacoracdmx.com\/?p=45655"},"modified":"2022-08-01T23:55:06","modified_gmt":"2022-08-01T23:55:06","slug":"la-ultima-cinta-de-krapp-regresar-al-pasado-a-la-fragilidad-a-la-imperfeccion","status":"publish","type":"post","link":"https:\/\/www.bitacoracdmx.com\/?p=45655","title":{"rendered":"La \u00faltima cinta de Krapp: regresar al pasado, a la fragilidad, a la imperfecci\u00f3n"},"content":{"rendered":"<p>[fusion_builder_container hundred_percent=&#8221;no&#8221; equal_height_columns=&#8221;no&#8221; menu_anchor=&#8221;&#8221; hide_on_mobile=&#8221;small-visibility,medium-visibility,large-visibility&#8221; class=&#8221;&#8221; id=&#8221;&#8221; background_color=&#8221;&#8221; background_image=&#8221;&#8221; background_position=&#8221;center center&#8221; background_repeat=&#8221;no-repeat&#8221; fade=&#8221;no&#8221; background_parallax=&#8221;none&#8221; parallax_speed=&#8221;0.3&#8243; video_mp4=&#8221;&#8221; video_webm=&#8221;&#8221; video_ogv=&#8221;&#8221; video_url=&#8221;&#8221; video_aspect_ratio=&#8221;16:9&#8243; video_loop=&#8221;yes&#8221; video_mute=&#8221;yes&#8221; overlay_color=&#8221;&#8221; video_preview_image=&#8221;&#8221; border_size=&#8221;&#8221; border_color=&#8221;&#8221; border_style=&#8221;solid&#8221; padding_top=&#8221;&#8221; padding_bottom=&#8221;&#8221; padding_left=&#8221;&#8221; padding_right=&#8221;&#8221;][fusion_builder_row][fusion_builder_column type=&#8221;1_1&#8243; layout=&#8221;1_1&#8243; background_position=&#8221;left top&#8221; background_color=&#8221;&#8221; border_size=&#8221;&#8221; border_color=&#8221;&#8221; border_style=&#8221;solid&#8221; border_position=&#8221;all&#8221; spacing=&#8221;yes&#8221; background_image=&#8221;&#8221; background_repeat=&#8221;no-repeat&#8221; padding_top=&#8221;&#8221; padding_right=&#8221;&#8221; padding_bottom=&#8221;&#8221; padding_left=&#8221;&#8221; margin_top=&#8221;0px&#8221; margin_bottom=&#8221;0px&#8221; class=&#8221;&#8221; id=&#8221;&#8221; animation_type=&#8221;&#8221; animation_speed=&#8221;0.3&#8243; animation_direction=&#8221;left&#8221; hide_on_mobile=&#8221;small-visibility,medium-visibility,large-visibility&#8221; center_content=&#8221;no&#8221; last=&#8221;no&#8221; min_height=&#8221;&#8221; hover_type=&#8221;none&#8221; link=&#8221;&#8221;][fusion_text]<\/p>\n<p>REDACCI\u00d3N<\/p>\n<div>\n<div>\n<div>\u2022 Luis de Tavira vuelve a actuar bajo la direcci\u00f3n de Sandra F\u00e9lix<br aria-hidden=\"true\" \/>\u2022 La obra m\u00e1s autobiogr\u00e1fica de Samuel Beckett<br aria-hidden=\"true\" \/>\u2022 Un hombre acostumbra a grabar su diario en un magnet\u00f3fono regresa a momentos cruciales de su pasado<\/div>\n<\/div>\n<\/div>\n<div><\/div>\n<div>\n<div><em>El tribunal despiadado de la memoria<\/em><br aria-hidden=\"true\" \/>La experimentada directora Sandra F\u00e9lix presenta: <em>La \u00faltima cinta de Krapp<\/em>, mon\u00f3logo referido como el texto m\u00e1s autobiogr\u00e1fico de Samuel Beckett. La pieza ser\u00e1 acogida por el Foro La Gruta, los fines de semana del 13 de agosto al 11 de septiembre, los s\u00e1bados y domingos, a las 18:00 horas.<br aria-hidden=\"true\" \/>\u00a0<br aria-hidden=\"true\" \/>\u00bfTienen sentido los archivos del pasado para explicar nuestro fr\u00e1gil presente? Muchos se han hecho esta pregunta con <em>La \u00faltima cinta de Krapp,\u00a0<\/em>escrita en 1958. La obra muestra a un hombre mayor, Krapp, que acostumbrado a grabar su diario en un magnet\u00f3fono y refugiado en la soledad de su oscuro aposento, celebra su cumplea\u00f1os n\u00famero 69. \u00a0De pronto, siente la necesidad de escuchar una vieja grabaci\u00f3n que hizo cuando ten\u00eda 39 a\u00f1os. Busca ansiosamente en el desorden de sus cosas la cinta precisa que contiene la memoria de una noche decisiva en su vida. Localiza la cinta, la coloca en la grabadora, escucha, detiene, adelanta y escudri\u00f1a recuerdos que despiertan una interlocuci\u00f3n de su memoria en tres planos temporales: su juventud, su adultez y su vejez.<br aria-hidden=\"true\" \/>\u00a0<br aria-hidden=\"true\" \/>Como se menciona anteriormente, en esta conmovedora obra, l\u00edrica y sentimental, el autor nos muestra a un hombre que tiene mucho del propio Beckett: de sus amores, de sus p\u00e9rdidas, de su regreso a Irlanda, de las mujeres de su vida y la crisis que vivi\u00f3 a los 39, para hablarnos de la vulnerabilidad y la fragilidad humana, del paso del tiempo y de la crudeza de la vejez a trav\u00e9s de un hombre mayor que recurre a su pasado y se confronta con sus imperfecciones, tanto las de entonces como las de ahora, tal como lo hacemos nosotros cuando volteamos a nuestras memorias.<br aria-hidden=\"true\" \/>\u00a0<br aria-hidden=\"true\" \/>Este melanc\u00f3lico mon\u00f3logo tambi\u00e9n nos puede hacer meditar sobre el papel que juegan los archivos de nuestra memoria en nuestra existencia actual; en ese sentido parece dif\u00edcil no recordar a Derrida con su teor\u00eda sobre \u201cel mal de archivo\u201d que reflexiona sobre la relaci\u00f3n que establecemos con el tiempo, con la memoria y con el olvido, y la pulsi\u00f3n que tenemos por preservar el pasado. \u00bfSe trata de una pulsi\u00f3n por conservar todo rastro, toda huella? \u00bfPor evitar que el tiempo se extrav\u00ede? Lo parad\u00f3jico es que esta pulsi\u00f3n de archivo existe por la conciencia de la finitud, por sabernos finitos a nosotros y a nuestros momentos vividos, por saber que nuestro tiempo se acaba como la vida en la vejez. En otras palabras, no podr\u00eda existir el deseo de recordar si no existiera el peligro de perder esos recuerdos.<br aria-hidden=\"true\" \/>\u00a0<br aria-hidden=\"true\" \/>A su vez, es dif\u00edcil no pensar en las formas de archivo que tenemos ahora con las nuevas tecnolog\u00edas. As\u00ed como Krapp se graba en un magnet\u00f3fono, nosotros lo hacemos mediante las notas de voz que mandamos por el celular, generando archivos de nosotros mismos y de nuestras relaciones con los dem\u00e1s. Esta obra nos invita a identificarnos con esos deseos de volver a un pasado imposible de cambiar, pero que podemos revivir con solo escuchar una grabaci\u00f3n.<br aria-hidden=\"true\" \/>\u00a0<br aria-hidden=\"true\" \/>Este montaje se realiza gracias al programa de Residencias Art\u00edsticas del Centro Cultural Hel\u00e9nico donde, a trav\u00e9s de procesos de investigaci\u00f3n, a manera de laboratorio, diferentes compa\u00f1\u00edas pueden dar vida a proyectos como este.<br aria-hidden=\"true\" \/>\u00a0<br aria-hidden=\"true\" \/><em>La \u00faltima cinta de Krapp<\/em>\u00a0estar\u00e1 interpretado por Luis de Tavira, director de escena, dramaturgo, ensayista, traductor, pedagogo y actor, ganador del Premio Nacional de Artes y Ciencias 2006, creador em\u00e9rito del Sistema Nacional de Creadores del Arte, y miembro de n\u00famero de la Academia de Artes; bajo la direcci\u00f3n de Sandra F\u00e9lix, directora y docente de teatro con m\u00e1s de 40 puestas en escena, ganadora del premio a Mejor direcci\u00f3n por parte de la Asociaci\u00f3n Mexicana de Cr\u00edticos de Teatro (AMCT) en la obra\u00a0\u00a0<em>Polvo de Mariposas<\/em>\u00a0basada en la novela\u00a0<em>Las Olas<\/em>\u00a0de Virginia Woolf (1998) y actual miembro del Sistema Nacional de Creadores de Arte 2019-2022.<br aria-hidden=\"true\" \/>\u00a0<br aria-hidden=\"true\" \/>Reiteramos que esta puesta en escena tendr\u00e1 temporada <strong>del 13 de agosto al 11 de septiembre, los s\u00e1bados y domingos, a las 18:00 horas en el Foro La Gruta<\/strong>.\u00a0<strong>El costo del boleto es de $260<\/strong>.\u00a0<strong>Actualmente hay una preventa del 50% de descuento, v\u00e1lida hasta el 13 de agosto<\/strong>. Las entradas pueden adquirirse en la taquilla del Centro Cultural Hel\u00e9nico, ubicado en Av. Revoluci\u00f3n 1500, o en la p\u00e1gina helenico.gob.mx.<br aria-hidden=\"true\" \/>\u00a0<br aria-hidden=\"true\" \/>Se exhorta al p\u00fablico a asistir con las medidas de sanidad necesarias para prevenir contagios del COVID-19, por lo que ser\u00e1 obligatorio el uso de cubrebocas, la aplicaci\u00f3n continua de gel desinfectante y atender las instrucciones del personal de seguridad. En caso de presentar alg\u00fan s\u00edntoma.<\/div>\n<\/div>\n<p>[\/fusion_text][fusion_imageframe image_id=&#8221;45656|medium&#8221; max_width=&#8221;&#8221; style_type=&#8221;&#8221; blur=&#8221;&#8221; stylecolor=&#8221;&#8221; hover_type=&#8221;none&#8221; bordersize=&#8221;&#8221; bordercolor=&#8221;&#8221; borderradius=&#8221;&#8221; align=&#8221;none&#8221; lightbox=&#8221;no&#8221; gallery_id=&#8221;&#8221; lightbox_image=&#8221;&#8221; lightbox_image_id=&#8221;&#8221; alt=&#8221;&#8221; link=&#8221;&#8221; linktarget=&#8221;_self&#8221; hide_on_mobile=&#8221;small-visibility,medium-visibility,large-visibility&#8221; class=&#8221;&#8221; id=&#8221;&#8221; animation_type=&#8221;&#8221; animation_direction=&#8221;left&#8221; animation_speed=&#8221;0.3&#8243; animation_offset=&#8221;&#8221;]https:\/\/www.bitacoracdmx.com\/wp-content\/uploads\/2022\/08\/Cartel-La-ultima-cinta-de-Krapp-300&#215;300.jpeg[\/fusion_imageframe][\/fusion_builder_column][\/fusion_builder_row][\/fusion_builder_container]<\/p>\n","protected":false},"excerpt":{"rendered":"<p>[fusion_builder_container hundred_percent=&#8221;no&#8221; equal_height_columns=&#8221;no&#8221; menu_anchor=&#8221;&#8221; hide_on_mobile=&#8221;small-visibility,medium-visibility,large-visibility&#8221; class=&#8221;&#8221; id=&#8221;&#8221; background_color=&#8221;&#8221; background_image=&#8221;&#8221; background_position=&#8221;center center&#8221; background_repeat=&#8221;no-repeat&#8221; fade=&#8221;no&#8221; background_parallax=&#8221;none&#8221; parallax_speed=&#8221;0.3&#8243; video_mp4=&#8221;&#8221; video_webm=&#8221;&#8221; video_ogv=&#8221;&#8221; video_url=&#8221;&#8221; video_aspect_ratio=&#8221;16:9&#8243; video_loop=&#8221;yes&#8221; video_mute=&#8221;yes&#8221; overlay_color=&#8221;&#8221; video_preview_image=&#8221;&#8221; border_size=&#8221;&#8221; border_color=&#8221;&#8221; border_style=&#8221;solid&#8221; padding_top=&#8221;&#8221; padding_bottom=&#8221;&#8221; padding_left=&#8221;&#8221; padding_right=&#8221;&#8221;][fusion_builder_row][fusion_builder_column type=&#8221;1_1&#8243; layout=&#8221;1_1&#8243; background_position=&#8221;left top&#8221; background_color=&#8221;&#8221; border_size=&#8221;&#8221; border_color=&#8221;&#8221; border_style=&#8221;solid&#8221; border_position=&#8221;all&#8221; spacing=&#8221;yes&#8221; background_image=&#8221;&#8221; background_repeat=&#8221;no-repeat&#8221; padding_top=&#8221;&#8221; padding_right=&#8221;&#8221; padding_bottom=&#8221;&#8221; padding_left=&#8221;&#8221; margin_top=&#8221;0px&#8221; margin_bottom=&#8221;0px&#8221; class=&#8221;&#8221; id=&#8221;&#8221; animation_type=&#8221;&#8221; animation_speed=&#8221;0.3&#8243; animation_direction=&#8221;left&#8221; hide_on_mobile=&#8221;small-visibility,medium-visibility,large-visibility&#8221; center_content=&#8221;no&#8221; last=&#8221;no&#8221; min_height=&#8221;&#8221; hover_type=&#8221;none&#8221; link=&#8221;&#8221;][fusion_text] REDACCI\u00d3N \u2022 Luis de Tavira vuelve a actuar bajo la direcci\u00f3n de Sandra F\u00e9lix\u2022 La obra m\u00e1s autobiogr\u00e1fica de Samuel Beckett\u2022 Un hombre acostumbra a grabar su diario en un magnet\u00f3fono regresa a momentos cruciales de su pasado El tribunal [&hellip;]<\/p>\n","protected":false},"author":1,"featured_media":45656,"comment_status":"open","ping_status":"open","sticky":false,"template":"","format":"standard","meta":{"footnotes":""},"categories":[9,14],"tags":[],"_links":{"self":[{"href":"https:\/\/www.bitacoracdmx.com\/index.php?rest_route=\/wp\/v2\/posts\/45655"}],"collection":[{"href":"https:\/\/www.bitacoracdmx.com\/index.php?rest_route=\/wp\/v2\/posts"}],"about":[{"href":"https:\/\/www.bitacoracdmx.com\/index.php?rest_route=\/wp\/v2\/types\/post"}],"author":[{"embeddable":true,"href":"https:\/\/www.bitacoracdmx.com\/index.php?rest_route=\/wp\/v2\/users\/1"}],"replies":[{"embeddable":true,"href":"https:\/\/www.bitacoracdmx.com\/index.php?rest_route=%2Fwp%2Fv2%2Fcomments&post=45655"}],"version-history":[{"count":1,"href":"https:\/\/www.bitacoracdmx.com\/index.php?rest_route=\/wp\/v2\/posts\/45655\/revisions"}],"predecessor-version":[{"id":45657,"href":"https:\/\/www.bitacoracdmx.com\/index.php?rest_route=\/wp\/v2\/posts\/45655\/revisions\/45657"}],"wp:featuredmedia":[{"embeddable":true,"href":"https:\/\/www.bitacoracdmx.com\/index.php?rest_route=\/wp\/v2\/media\/45656"}],"wp:attachment":[{"href":"https:\/\/www.bitacoracdmx.com\/index.php?rest_route=%2Fwp%2Fv2%2Fmedia&parent=45655"}],"wp:term":[{"taxonomy":"category","embeddable":true,"href":"https:\/\/www.bitacoracdmx.com\/index.php?rest_route=%2Fwp%2Fv2%2Fcategories&post=45655"},{"taxonomy":"post_tag","embeddable":true,"href":"https:\/\/www.bitacoracdmx.com\/index.php?rest_route=%2Fwp%2Fv2%2Ftags&post=45655"}],"curies":[{"name":"wp","href":"https:\/\/api.w.org\/{rel}","templated":true}]}}