{"id":45658,"date":"2022-08-02T00:12:01","date_gmt":"2022-08-02T00:12:01","guid":{"rendered":"https:\/\/www.bitacoracdmx.com\/?p=45658"},"modified":"2022-08-02T00:12:01","modified_gmt":"2022-08-02T00:12:01","slug":"una-vuelta-a-la-manzana-espectaculo-de-cabaret-para-una-fruta-tres-actores-un-gusano-y-una-edecan","status":"publish","type":"post","link":"https:\/\/www.bitacoracdmx.com\/?p=45658","title":{"rendered":"\u201cUna Vuelta a la Manzana\u201d Espect\u00e1culo de cabaret para una fruta,  tres actores, un gusano y una edec\u00e1n"},"content":{"rendered":"<p>[fusion_builder_container hundred_percent=&#8221;no&#8221; equal_height_columns=&#8221;no&#8221; menu_anchor=&#8221;&#8221; hide_on_mobile=&#8221;small-visibility,medium-visibility,large-visibility&#8221; class=&#8221;&#8221; id=&#8221;&#8221; background_color=&#8221;&#8221; background_image=&#8221;&#8221; background_position=&#8221;center center&#8221; background_repeat=&#8221;no-repeat&#8221; fade=&#8221;no&#8221; background_parallax=&#8221;none&#8221; parallax_speed=&#8221;0.3&#8243; video_mp4=&#8221;&#8221; video_webm=&#8221;&#8221; video_ogv=&#8221;&#8221; video_url=&#8221;&#8221; video_aspect_ratio=&#8221;16:9&#8243; video_loop=&#8221;yes&#8221; video_mute=&#8221;yes&#8221; overlay_color=&#8221;&#8221; video_preview_image=&#8221;&#8221; border_size=&#8221;&#8221; border_color=&#8221;&#8221; border_style=&#8221;solid&#8221; padding_top=&#8221;&#8221; padding_bottom=&#8221;&#8221; padding_left=&#8221;&#8221; padding_right=&#8221;&#8221;][fusion_builder_row][fusion_builder_column type=&#8221;1_1&#8243; layout=&#8221;1_1&#8243; background_position=&#8221;left top&#8221; background_color=&#8221;&#8221; border_size=&#8221;&#8221; border_color=&#8221;&#8221; border_style=&#8221;solid&#8221; border_position=&#8221;all&#8221; spacing=&#8221;yes&#8221; background_image=&#8221;&#8221; background_repeat=&#8221;no-repeat&#8221; padding_top=&#8221;&#8221; padding_right=&#8221;&#8221; padding_bottom=&#8221;&#8221; padding_left=&#8221;&#8221; margin_top=&#8221;0px&#8221; margin_bottom=&#8221;0px&#8221; class=&#8221;&#8221; id=&#8221;&#8221; animation_type=&#8221;&#8221; animation_speed=&#8221;0.3&#8243; animation_direction=&#8221;left&#8221; hide_on_mobile=&#8221;small-visibility,medium-visibility,large-visibility&#8221; center_content=&#8221;no&#8221; last=&#8221;no&#8221; min_height=&#8221;&#8221; hover_type=&#8221;none&#8221; link=&#8221;&#8221;][fusion_text]<\/p>\n<p>REDACCI\u00d3N<\/p>\n<ul>\n<li>Todos los mi\u00e9rcoles, del 3 de agosto al 26 de octubre de 2022, a las 20:00 hrs.<\/li>\n<li>Porque el p\u00fablico lo pidi\u00f3, regresa la puesta en escena en El C\u00edrculo Teatral.<\/li>\n<\/ul>\n<p>Una Vuelta a la Manzana es un espect\u00e1culo de cabaret donde La Manzana nos invita a disfrutar de un suculento recorrido dram\u00e1tico para recordar algunos de los pasajes donde ha sido protagonista, a trav\u00e9s de tres episodios: El mito de Ad\u00e1n y Eva, el mito de La Manzana de la Discordia y el cuento de Blancanieves.<\/p>\n<p>A lo largo de la historia, la manzana ha representado el pecado, la ambici\u00f3n, la traici\u00f3n, el conocimiento y lo prohibido; convirti\u00e9ndose as\u00ed en el s\u00edmbolo perfecto de la pasi\u00f3n.<\/p>\n<p>La puesta en escena es una hilarante e irreverente caja de Pandora en la que 6 actores representan 16 osados personajes y tres historias, logrando que el p\u00fablico r\u00eda a carcajadas de lo prohibido, de la ambici\u00f3n, de lo atrevido; en fin: de las pasiones humanas.<\/p>\n<p>El elenco lo conforman: Santiago Torres-V\u00e1zquez, Viridiana Monteagudo, Eduardo Mojica Tinoco, D\u00e1nae Luna, Agust\u00edn Ocegueda, Jessie Garibay, Roxana Padierna e Iv\u00e1n Cisneros.<\/p>\n<p>La dramaturgia y direcci\u00f3n es de Santiago Torres-V\u00e1zquez<\/p>\n<p>Producci\u00f3n de la CorteSana ( Santiago Torres-V\u00e1zquez y Eduardo Mojica Tinoco)<\/p>\n<p>\u00a1No te pierdas todos los mi\u00e9rcoles, del 3 de agosto al 26 de octubre de 2022, a las 20:00 hrs, en \u201cEl C\u00edrculo Teatral\u201d!<br \/>\nVeracruz 107, Colonia Condesa, CDMX<\/p>\n<p>El costo del boleto general es de tan solo $300.00 pesos. Para maestros y estudiantes con credencial vigente, as\u00ed como adultos mayores con credencial de INAPAM $250.00 pesos.<\/p>\n<p>G\u00e9nero de la obra: Farsa (Cabaret)<br \/>\nTipo de p\u00fablico al que se dirige: Adolescentes y Adultos<br \/>\nDuraci\u00f3n de la obra: 90 minutos aproximadamente.<\/p>\n<p>Para m\u00e1s detalles, visita nuestras redes sociales:<br \/>\nhttps:\/\/www.facebook.com\/LaCorteSanaTeatro<br \/>\ninstagram: @laCorteSanaTeatro<\/p>\n<p>[\/fusion_text][fusion_imageframe image_id=&#8221;45659|medium&#8221; max_width=&#8221;&#8221; style_type=&#8221;&#8221; blur=&#8221;&#8221; stylecolor=&#8221;&#8221; hover_type=&#8221;none&#8221; bordersize=&#8221;&#8221; bordercolor=&#8221;&#8221; borderradius=&#8221;&#8221; align=&#8221;none&#8221; lightbox=&#8221;no&#8221; gallery_id=&#8221;&#8221; lightbox_image=&#8221;&#8221; lightbox_image_id=&#8221;&#8221; alt=&#8221;&#8221; link=&#8221;&#8221; linktarget=&#8221;_self&#8221; hide_on_mobile=&#8221;small-visibility,medium-visibility,large-visibility&#8221; class=&#8221;&#8221; id=&#8221;&#8221; animation_type=&#8221;&#8221; animation_direction=&#8221;left&#8221; animation_speed=&#8221;0.3&#8243; animation_offset=&#8221;&#8221;]https:\/\/www.bitacoracdmx.com\/wp-content\/uploads\/2022\/08\/Una-vuelta-a-la-manzana-220&#215;300.jpeg[\/fusion_imageframe][\/fusion_builder_column][\/fusion_builder_row][\/fusion_builder_container]<\/p>\n","protected":false},"excerpt":{"rendered":"<p>[fusion_builder_container hundred_percent=&#8221;no&#8221; equal_height_columns=&#8221;no&#8221; menu_anchor=&#8221;&#8221; hide_on_mobile=&#8221;small-visibility,medium-visibility,large-visibility&#8221; class=&#8221;&#8221; id=&#8221;&#8221; background_color=&#8221;&#8221; background_image=&#8221;&#8221; background_position=&#8221;center center&#8221; background_repeat=&#8221;no-repeat&#8221; fade=&#8221;no&#8221; background_parallax=&#8221;none&#8221; parallax_speed=&#8221;0.3&#8243; video_mp4=&#8221;&#8221; video_webm=&#8221;&#8221; video_ogv=&#8221;&#8221; video_url=&#8221;&#8221; video_aspect_ratio=&#8221;16:9&#8243; video_loop=&#8221;yes&#8221; video_mute=&#8221;yes&#8221; overlay_color=&#8221;&#8221; video_preview_image=&#8221;&#8221; border_size=&#8221;&#8221; border_color=&#8221;&#8221; border_style=&#8221;solid&#8221; padding_top=&#8221;&#8221; padding_bottom=&#8221;&#8221; padding_left=&#8221;&#8221; padding_right=&#8221;&#8221;][fusion_builder_row][fusion_builder_column type=&#8221;1_1&#8243; layout=&#8221;1_1&#8243; background_position=&#8221;left top&#8221; background_color=&#8221;&#8221; border_size=&#8221;&#8221; border_color=&#8221;&#8221; border_style=&#8221;solid&#8221; border_position=&#8221;all&#8221; spacing=&#8221;yes&#8221; background_image=&#8221;&#8221; background_repeat=&#8221;no-repeat&#8221; padding_top=&#8221;&#8221; padding_right=&#8221;&#8221; padding_bottom=&#8221;&#8221; padding_left=&#8221;&#8221; margin_top=&#8221;0px&#8221; margin_bottom=&#8221;0px&#8221; class=&#8221;&#8221; id=&#8221;&#8221; animation_type=&#8221;&#8221; animation_speed=&#8221;0.3&#8243; animation_direction=&#8221;left&#8221; hide_on_mobile=&#8221;small-visibility,medium-visibility,large-visibility&#8221; center_content=&#8221;no&#8221; last=&#8221;no&#8221; min_height=&#8221;&#8221; hover_type=&#8221;none&#8221; link=&#8221;&#8221;][fusion_text] REDACCI\u00d3N Todos los mi\u00e9rcoles, del 3 de agosto al 26 de octubre de 2022, a las 20:00 hrs. Porque el p\u00fablico lo pidi\u00f3, regresa la puesta en escena en El C\u00edrculo Teatral. Una Vuelta a la Manzana es un espect\u00e1culo [&hellip;]<\/p>\n","protected":false},"author":1,"featured_media":45659,"comment_status":"open","ping_status":"open","sticky":false,"template":"","format":"standard","meta":{"footnotes":""},"categories":[9,14],"tags":[],"_links":{"self":[{"href":"https:\/\/www.bitacoracdmx.com\/index.php?rest_route=\/wp\/v2\/posts\/45658"}],"collection":[{"href":"https:\/\/www.bitacoracdmx.com\/index.php?rest_route=\/wp\/v2\/posts"}],"about":[{"href":"https:\/\/www.bitacoracdmx.com\/index.php?rest_route=\/wp\/v2\/types\/post"}],"author":[{"embeddable":true,"href":"https:\/\/www.bitacoracdmx.com\/index.php?rest_route=\/wp\/v2\/users\/1"}],"replies":[{"embeddable":true,"href":"https:\/\/www.bitacoracdmx.com\/index.php?rest_route=%2Fwp%2Fv2%2Fcomments&post=45658"}],"version-history":[{"count":1,"href":"https:\/\/www.bitacoracdmx.com\/index.php?rest_route=\/wp\/v2\/posts\/45658\/revisions"}],"predecessor-version":[{"id":45660,"href":"https:\/\/www.bitacoracdmx.com\/index.php?rest_route=\/wp\/v2\/posts\/45658\/revisions\/45660"}],"wp:featuredmedia":[{"embeddable":true,"href":"https:\/\/www.bitacoracdmx.com\/index.php?rest_route=\/wp\/v2\/media\/45659"}],"wp:attachment":[{"href":"https:\/\/www.bitacoracdmx.com\/index.php?rest_route=%2Fwp%2Fv2%2Fmedia&parent=45658"}],"wp:term":[{"taxonomy":"category","embeddable":true,"href":"https:\/\/www.bitacoracdmx.com\/index.php?rest_route=%2Fwp%2Fv2%2Fcategories&post=45658"},{"taxonomy":"post_tag","embeddable":true,"href":"https:\/\/www.bitacoracdmx.com\/index.php?rest_route=%2Fwp%2Fv2%2Ftags&post=45658"}],"curies":[{"name":"wp","href":"https:\/\/api.w.org\/{rel}","templated":true}]}}