{"id":45815,"date":"2022-08-10T01:15:12","date_gmt":"2022-08-10T01:15:12","guid":{"rendered":"https:\/\/www.bitacoracdmx.com\/?p=45815"},"modified":"2022-08-10T01:15:12","modified_gmt":"2022-08-10T01:15:12","slug":"procine-estrena-ultimo-capitulo-de-la-docuserie-resistencias-filmicas-en-la-cineteca-nacional","status":"publish","type":"post","link":"https:\/\/www.bitacoracdmx.com\/?p=45815","title":{"rendered":"PROCINE estrena \u00faltimo cap\u00edtulo de la docuserie RESISTENCIAS F\u00cdLMICAS en la CINETECA NACIONAL"},"content":{"rendered":"<p>[fusion_builder_container hundred_percent=&#8221;no&#8221; equal_height_columns=&#8221;no&#8221; menu_anchor=&#8221;&#8221; hide_on_mobile=&#8221;small-visibility,medium-visibility,large-visibility&#8221; class=&#8221;&#8221; id=&#8221;&#8221; background_color=&#8221;&#8221; background_image=&#8221;&#8221; background_position=&#8221;center center&#8221; background_repeat=&#8221;no-repeat&#8221; fade=&#8221;no&#8221; background_parallax=&#8221;none&#8221; parallax_speed=&#8221;0.3&#8243; video_mp4=&#8221;&#8221; video_webm=&#8221;&#8221; video_ogv=&#8221;&#8221; video_url=&#8221;&#8221; video_aspect_ratio=&#8221;16:9&#8243; video_loop=&#8221;yes&#8221; video_mute=&#8221;yes&#8221; overlay_color=&#8221;&#8221; video_preview_image=&#8221;&#8221; border_size=&#8221;&#8221; border_color=&#8221;&#8221; border_style=&#8221;solid&#8221; padding_top=&#8221;&#8221; padding_bottom=&#8221;&#8221; padding_left=&#8221;&#8221; padding_right=&#8221;&#8221;][fusion_builder_row][fusion_builder_column type=&#8221;1_1&#8243; layout=&#8221;1_1&#8243; background_position=&#8221;left top&#8221; background_color=&#8221;&#8221; border_size=&#8221;&#8221; border_color=&#8221;&#8221; border_style=&#8221;solid&#8221; border_position=&#8221;all&#8221; spacing=&#8221;yes&#8221; background_image=&#8221;&#8221; background_repeat=&#8221;no-repeat&#8221; padding_top=&#8221;&#8221; padding_right=&#8221;&#8221; padding_bottom=&#8221;&#8221; padding_left=&#8221;&#8221; margin_top=&#8221;0px&#8221; margin_bottom=&#8221;0px&#8221; class=&#8221;&#8221; id=&#8221;&#8221; animation_type=&#8221;&#8221; animation_speed=&#8221;0.3&#8243; animation_direction=&#8221;left&#8221; hide_on_mobile=&#8221;small-visibility,medium-visibility,large-visibility&#8221; center_content=&#8221;no&#8221; last=&#8221;no&#8221; min_height=&#8221;&#8221; hover_type=&#8221;none&#8221; link=&#8221;&#8221;][fusion_text]<\/p>\n<p>REDACCI\u00d3N<\/p>\n<p>\u25cf El proyecto integrado por cinco cap\u00edtulos re\u00fane el testimonio de 55 mujeres y personas disidentes sexuales de la industria, quienes comparten su lucha contra los ejercicios de poder en el sector audiovisual<\/p>\n<p>\u25cf La docuserie exhibe la falta de protocolos de seguridad para la protecci\u00f3n de los derechos de las mujeres, as\u00ed como la necesidad de nombrar las violencias y la urgencia de un frente com\u00fan entre todas las mujeres que se dedican a los oficios del arte cinematogr\u00e1fico<\/p>\n<p>Con la finalidad de erradicar la violencia contra las mujeres en la industria audiovisual, y como parte de la Muestra Internacional de Cine con Perspectiva de G\u00e9nero (MICG\u00e9nero), que se realiza del 4 de agosto al 8 de septiembre, el\u00a0<strong>Fideicomiso para la Promoci\u00f3n y Desarrollo del Cine Mexicano en la Ciudad de M\u00e9xico (PROCINECdMx)<\/strong>\u00a0estren\u00f3 este lunes el \u00faltimo cap\u00edtulo de la docuserie\u00a0<strong><em>Resistencias F\u00edlmicas<\/em><\/strong>\u00a0en la Cineteca Nacional.<\/p>\n<p>\u201cEste es un tema que es una preocupaci\u00f3n constante del fideicomiso, estamos en v\u00edas hacia una estrategia para la erradicaci\u00f3n de la violencia en la comunidad audiovisual, con diversas instituciones para generar un documento y prevenir, a trav\u00e9s de campa\u00f1as, la violencia de g\u00e9nero en esta comunidad\u201d, extern\u00f3 minutos antes de la proyecci\u00f3n Cristi\u00e1n Cal\u00f3nico, director general del Fideicomiso.<\/p>\n<p>El funcionario precis\u00f3 que el proyecto audiovisual fue posible a trav\u00e9s de la convocatoria para festivales y muestras de cine mexicano que impulsa este fideicomiso, y el cual fue ideado por las trabajadoras de PROCINE con una participaci\u00f3n mayoritaria del 80 por ciento de mujeres.<\/p>\n<p>Durante la proyecci\u00f3n del cap\u00edtulo titulado \u201cUtop\u00edas\u201d, las y los espectadores pudieron escuchar los actos cotidianos del ejercicio del poder patriarcal, as\u00ed como las posibles soluciones para erradicar estas conductas y lograr espacios libres de violencia, como el desarrollo de protocolos de seguridad que prevengan estas pr\u00e1cticas y establezcan las reglas, sanciones y reparaci\u00f3n de da\u00f1os.<\/p>\n<p>Al t\u00e9rmino de la funci\u00f3n se realiz\u00f3 una charla encabezada por Victoria Cabrera, directora de MICG\u00e9nero, en compa\u00f1\u00eda de Claudia Loredo, productora de la serie y miembro de PROCINECdMx, as\u00ed como de Aiko Alonso y Claudia Garibaldi la \u201cMaga\u201d, integrantes de La Gremia, quienes presentaron un manifiesto que exhibe la urgencia de reconocer las capacidades de las mujeres en la industria para romper los sexismos, mandatos y estereotipos de g\u00e9nero.<\/p>\n<p>\u201cEs muy dif\u00edcil trabajar como\u00a0<em>freelance<\/em>\u00a0en esta industria audiovisual, no sabes qu\u00e9 hacer con contratos, no sabes qu\u00e9 hacer cuando te corren, a d\u00f3nde denunciar y qu\u00e9 hacer para protegerte. Como mujeres tenemos que encontrar las bases para seguir trabajando sin que se vulneren nuestros derechos humanos, laborales y culturales\u201d, extern\u00f3 Claudia Garibaldi.<\/p>\n<p>Precis\u00f3 que su organizaci\u00f3n busca reunir a todas las mujeres del medio audiovisual para hacer un frente com\u00fan para desaprender esquemas, generar producciones m\u00e1s comunitarias, solidarias y sororas que permita el desarrollo profesional y personal de las mujeres.<\/p>\n<p>PROCINE se suma a la preocupaci\u00f3n latente de las violencias que se ejercen en las mujeres de la comunidad audiovisual, por ello dio voz a sus integrantes para narrar sus propias historias en esta serie documental que integra 55 entrevistas a mujeres y personas disidentes sexuales de la industria, con la finalidad de mostrar la interseccionalidad del gremio desde sus distintas generaciones hasta sus diversos oficios y formaciones.<\/p>\n<p><em>Resistencias F\u00edlmicas<\/em>\u00a0est\u00e1 integrada por cinco cap\u00edtulos: \u201cNombrar las violencias\u201d, \u201cDerecho a maternar\u201d, \u201cNuestras historias\u201d, \u201cSororidad f\u00edlmica\u201d y \u201cUtop\u00edas\u201d. La producci\u00f3n se destaca como un espacio para denuncias con la finalidad de mostrar la resoluci\u00f3n de conflictos y orientaci\u00f3n a su prevenci\u00f3n, disminuci\u00f3n y erradicaci\u00f3n.<\/p>\n<p>La oferta en l\u00ednea de la Secretar\u00eda de Cultura de la Ciudad de M\u00e9xico se puede conocer en su p\u00e1gina oficial (<a href=\"https:\/\/www.cultura.cdmx.gob.mx\/\">cultura.cdmx.gob.mx\/<\/a>), en la plataforma digital Capital Cultural en Nuestra Casa y a trav\u00e9s de sus redes sociales Facebook, Twitter, Instagram y YouTube.<\/p>\n<p>[\/fusion_text][fusion_imageframe image_id=&#8221;45816|medium&#8221; max_width=&#8221;&#8221; style_type=&#8221;&#8221; blur=&#8221;&#8221; stylecolor=&#8221;&#8221; hover_type=&#8221;none&#8221; bordersize=&#8221;&#8221; bordercolor=&#8221;&#8221; borderradius=&#8221;&#8221; align=&#8221;none&#8221; lightbox=&#8221;no&#8221; gallery_id=&#8221;&#8221; lightbox_image=&#8221;&#8221; lightbox_image_id=&#8221;&#8221; alt=&#8221;&#8221; link=&#8221;&#8221; linktarget=&#8221;_self&#8221; hide_on_mobile=&#8221;small-visibility,medium-visibility,large-visibility&#8221; class=&#8221;&#8221; id=&#8221;&#8221; animation_type=&#8221;&#8221; animation_direction=&#8221;left&#8221; animation_speed=&#8221;0.3&#8243; animation_offset=&#8221;&#8221;]https:\/\/www.bitacoracdmx.com\/wp-content\/uploads\/2022\/08\/WhatsApp-Image-2022-08-09-at-1.17.34-PM-300&#215;200.jpeg[\/fusion_imageframe][\/fusion_builder_column][\/fusion_builder_row][\/fusion_builder_container]<\/p>\n","protected":false},"excerpt":{"rendered":"<p>[fusion_builder_container hundred_percent=&#8221;no&#8221; equal_height_columns=&#8221;no&#8221; menu_anchor=&#8221;&#8221; hide_on_mobile=&#8221;small-visibility,medium-visibility,large-visibility&#8221; class=&#8221;&#8221; id=&#8221;&#8221; background_color=&#8221;&#8221; background_image=&#8221;&#8221; background_position=&#8221;center center&#8221; background_repeat=&#8221;no-repeat&#8221; fade=&#8221;no&#8221; background_parallax=&#8221;none&#8221; parallax_speed=&#8221;0.3&#8243; video_mp4=&#8221;&#8221; video_webm=&#8221;&#8221; video_ogv=&#8221;&#8221; video_url=&#8221;&#8221; video_aspect_ratio=&#8221;16:9&#8243; video_loop=&#8221;yes&#8221; video_mute=&#8221;yes&#8221; overlay_color=&#8221;&#8221; video_preview_image=&#8221;&#8221; border_size=&#8221;&#8221; border_color=&#8221;&#8221; border_style=&#8221;solid&#8221; padding_top=&#8221;&#8221; padding_bottom=&#8221;&#8221; padding_left=&#8221;&#8221; padding_right=&#8221;&#8221;][fusion_builder_row][fusion_builder_column type=&#8221;1_1&#8243; layout=&#8221;1_1&#8243; background_position=&#8221;left top&#8221; background_color=&#8221;&#8221; border_size=&#8221;&#8221; border_color=&#8221;&#8221; border_style=&#8221;solid&#8221; border_position=&#8221;all&#8221; spacing=&#8221;yes&#8221; background_image=&#8221;&#8221; background_repeat=&#8221;no-repeat&#8221; padding_top=&#8221;&#8221; padding_right=&#8221;&#8221; padding_bottom=&#8221;&#8221; padding_left=&#8221;&#8221; margin_top=&#8221;0px&#8221; margin_bottom=&#8221;0px&#8221; class=&#8221;&#8221; id=&#8221;&#8221; animation_type=&#8221;&#8221; animation_speed=&#8221;0.3&#8243; animation_direction=&#8221;left&#8221; hide_on_mobile=&#8221;small-visibility,medium-visibility,large-visibility&#8221; center_content=&#8221;no&#8221; last=&#8221;no&#8221; min_height=&#8221;&#8221; hover_type=&#8221;none&#8221; link=&#8221;&#8221;][fusion_text] REDACCI\u00d3N \u25cf El proyecto integrado por cinco cap\u00edtulos re\u00fane el testimonio de 55 mujeres y personas disidentes sexuales de la industria, quienes comparten su lucha contra los ejercicios de poder en el sector audiovisual \u25cf La docuserie exhibe la falta [&hellip;]<\/p>\n","protected":false},"author":1,"featured_media":45816,"comment_status":"open","ping_status":"open","sticky":false,"template":"","format":"standard","meta":{"footnotes":""},"categories":[3,9],"tags":[],"_links":{"self":[{"href":"https:\/\/www.bitacoracdmx.com\/index.php?rest_route=\/wp\/v2\/posts\/45815"}],"collection":[{"href":"https:\/\/www.bitacoracdmx.com\/index.php?rest_route=\/wp\/v2\/posts"}],"about":[{"href":"https:\/\/www.bitacoracdmx.com\/index.php?rest_route=\/wp\/v2\/types\/post"}],"author":[{"embeddable":true,"href":"https:\/\/www.bitacoracdmx.com\/index.php?rest_route=\/wp\/v2\/users\/1"}],"replies":[{"embeddable":true,"href":"https:\/\/www.bitacoracdmx.com\/index.php?rest_route=%2Fwp%2Fv2%2Fcomments&post=45815"}],"version-history":[{"count":1,"href":"https:\/\/www.bitacoracdmx.com\/index.php?rest_route=\/wp\/v2\/posts\/45815\/revisions"}],"predecessor-version":[{"id":45817,"href":"https:\/\/www.bitacoracdmx.com\/index.php?rest_route=\/wp\/v2\/posts\/45815\/revisions\/45817"}],"wp:featuredmedia":[{"embeddable":true,"href":"https:\/\/www.bitacoracdmx.com\/index.php?rest_route=\/wp\/v2\/media\/45816"}],"wp:attachment":[{"href":"https:\/\/www.bitacoracdmx.com\/index.php?rest_route=%2Fwp%2Fv2%2Fmedia&parent=45815"}],"wp:term":[{"taxonomy":"category","embeddable":true,"href":"https:\/\/www.bitacoracdmx.com\/index.php?rest_route=%2Fwp%2Fv2%2Fcategories&post=45815"},{"taxonomy":"post_tag","embeddable":true,"href":"https:\/\/www.bitacoracdmx.com\/index.php?rest_route=%2Fwp%2Fv2%2Ftags&post=45815"}],"curies":[{"name":"wp","href":"https:\/\/api.w.org\/{rel}","templated":true}]}}