{"id":45818,"date":"2022-08-10T01:26:38","date_gmt":"2022-08-10T01:26:38","guid":{"rendered":"https:\/\/www.bitacoracdmx.com\/?p=45818"},"modified":"2022-08-10T01:26:38","modified_gmt":"2022-08-10T01:26:38","slug":"la-polifonia-cultural-de-la-ciudad-de-mexico-encabezara-la-50-edicion-del-festival-internacional-cervantino","status":"publish","type":"post","link":"https:\/\/www.bitacoracdmx.com\/?p=45818","title":{"rendered":"La polifon\u00eda cultural de la Ciudad de M\u00e9xico encabezar\u00e1 la 50 EDICI\u00d3N DEL FESTIVAL INTERNACIONAL CERVANTINO"},"content":{"rendered":"<p>[fusion_builder_container hundred_percent=&#8221;no&#8221; equal_height_columns=&#8221;no&#8221; menu_anchor=&#8221;&#8221; hide_on_mobile=&#8221;small-visibility,medium-visibility,large-visibility&#8221; class=&#8221;&#8221; id=&#8221;&#8221; background_color=&#8221;&#8221; background_image=&#8221;&#8221; background_position=&#8221;center center&#8221; background_repeat=&#8221;no-repeat&#8221; fade=&#8221;no&#8221; background_parallax=&#8221;none&#8221; parallax_speed=&#8221;0.3&#8243; video_mp4=&#8221;&#8221; video_webm=&#8221;&#8221; video_ogv=&#8221;&#8221; video_url=&#8221;&#8221; video_aspect_ratio=&#8221;16:9&#8243; video_loop=&#8221;yes&#8221; video_mute=&#8221;yes&#8221; overlay_color=&#8221;&#8221; video_preview_image=&#8221;&#8221; border_size=&#8221;&#8221; border_color=&#8221;&#8221; border_style=&#8221;solid&#8221; padding_top=&#8221;&#8221; padding_bottom=&#8221;&#8221; padding_left=&#8221;&#8221; padding_right=&#8221;&#8221;][fusion_builder_row][fusion_builder_column type=&#8221;1_1&#8243; layout=&#8221;1_1&#8243; background_position=&#8221;left top&#8221; background_color=&#8221;&#8221; border_size=&#8221;&#8221; border_color=&#8221;&#8221; border_style=&#8221;solid&#8221; border_position=&#8221;all&#8221; spacing=&#8221;yes&#8221; background_image=&#8221;&#8221; background_repeat=&#8221;no-repeat&#8221; padding_top=&#8221;&#8221; padding_right=&#8221;&#8221; padding_bottom=&#8221;&#8221; padding_left=&#8221;&#8221; margin_top=&#8221;0px&#8221; margin_bottom=&#8221;0px&#8221; class=&#8221;&#8221; id=&#8221;&#8221; animation_type=&#8221;&#8221; animation_speed=&#8221;0.3&#8243; animation_direction=&#8221;left&#8221; hide_on_mobile=&#8221;small-visibility,medium-visibility,large-visibility&#8221; center_content=&#8221;no&#8221; last=&#8221;no&#8221; min_height=&#8221;&#8221; hover_type=&#8221;none&#8221; link=&#8221;&#8221;][fusion_text]<\/p>\n<p>REDACCI\u00d3N<\/p>\n<p>\u25cf Con m\u00e1s de 200 funciones y la participaci\u00f3n de mil 300 artistas, la creatividad chilanga dar\u00e1 color y alegr\u00eda a esta edici\u00f3n que tiene a la Ciudad de M\u00e9xico como invitada especial<\/p>\n<p>\u25cf La representaci\u00f3n incluye la participaci\u00f3n de la Orquesta Filarm\u00f3nica de la Ciudad de M\u00e9xico, Joan Manuel Serrat, la Sonora Santanera, Sonido la Changa, la Danzonera Acerina, Hello Seahorse!, Caifanes, Las Reinas Chulas y lucha libre.<\/p>\n<p>Desde el\u00a0<strong>Teatro de la Ciudad Esperanza Iris<\/strong>, la\u00a0<strong>Ciudad de M\u00e9xico<\/strong>\u00a0celebr\u00f3 la quincuag\u00e9sima edici\u00f3n del\u00a0<strong>Festival Internacional Cervantino (FIC)<\/strong>\u00a0como invitada de honor al encuentro cultural en el que participar\u00e1 con m\u00e1s de 200 presentaciones realizadas por m\u00e1s de 60 compa\u00f1\u00edas, y m\u00e1s de mil 300 artistas, para compartir, del 12 al 30 de octubre, la polifon\u00eda cultural de la capital.<\/p>\n<p>\u201cGracias por invitarnos, por hacernos parte. Tengan la seguridad de que estamos poniendo todo nuestro esfuerzo para que esta 50 edici\u00f3n del Festival Internacional Cervantino sea brillante. Estamos listos para vivir un Cervantino con un toque muy chilango\u201d, extern\u00f3 \u00c1ngel Ancona, comisionado del Programa Ciudad de M\u00e9xico.<\/p>\n<p>En representaci\u00f3n de la titular de la Secretar\u00eda de Cultura capitalina, Claudia Curiel de Icaza, el tambi\u00e9n director del Sistema de Teatros, resalt\u00f3 que bajo la directriz de la jefa de Gobierno, Claudia Sheinbaum Pardo, el proyecto reflejar\u00e1 el quehacer cultural que condensa la capital, la cual alberga la riqueza art\u00edstica de todos los estados convirti\u00e9ndola en un mosaico art\u00edstico.<\/p>\n<p>\u201cTodos vamos a Guanajuato\u2026 desde Sor Juana In\u00e9s de la Cruz, quien escrib\u00eda en el Convento de San Jer\u00f3nimo, hasta el Sonido la Changa, surgido en el coraz\u00f3n de Tepito; la Danzonera Pegaso, que da ritmo a los pasos de los pachucos que se re\u00fanen a bailar en la Alameda Central; el Coro Gay Ciudad de M\u00e9xico con el colorido de la comunidad LGBTTTIQ+; y los muralistas que plasmaron sus convicciones en las paredes del Colegio de San Ildefonso; as\u00ed como los sonidos de la ciudad, esos que sonorizan nuestro d\u00eda a d\u00eda, todos estaremos representados\u201d, dijo.<\/p>\n<p>En este sentido, la directora General del Festival Internacional Cervantino, Mariana Aymerich Ord\u00f3\u00f1ez, revel\u00f3 que por su polifon\u00eda cultural, la Ciudad de M\u00e9xico fue seleccionada como invitada de honor al cobijar la riqueza art\u00edstica de toda la Rep\u00fablica y dar la oportunidad de explorar la identidad de esta capital como crisol del pa\u00eds.<\/p>\n<p>\u201cLa ciudad se volcar\u00e1 en las plazas, los teatros y las calles de Guanajuato para envolvernos de m\u00fasica y artes esc\u00e9nicas, compartir\u00e1 algunas de sus tradiciones m\u00e1s arraigadas a sus pr\u00e1cticas sociales: poes\u00eda, literatura, lucha libre, teatro, danza, sonideros, rock, danz\u00f3n, fotograf\u00eda y artes pl\u00e1sticas\u201d, indic\u00f3 la directora del FIC.<\/p>\n<p>Asimismo, en compa\u00f1\u00eda de los curadores de la programaci\u00f3n art\u00edstica: la core\u00f3grafa Claudia Lavista y el director esc\u00e9nico Claudio Vald\u00e9s Kuri; as\u00ed como del responsable de la programaci\u00f3n de artes visuales, Mauricio Maill\u00e9, Aymerich Ord\u00f3\u00f1ez subray\u00f3 una inauguraci\u00f3n con los invitados de honor de esta edici\u00f3n representada por la Orquesta Filarm\u00f3nica de la Ciudad de M\u00e9xico, dirigida por Scott Yoo, en una gala oper\u00edstica con Mar\u00eda Katzarava y la soprano coreana Hera Hyesang Park en la emblem\u00e1tica explanada de la Alh\u00f3ndiga de Granaditas.<\/p>\n<p>En el \u00e1mbito musical destaca tambi\u00e9n la clausura del encuentro en este mismo espacio, a cargo de Caifanes, quienes despedir\u00e1n esta 50 edici\u00f3n. El Sal\u00f3n los \u00c1ngeles llevar\u00e1 a la Danzonera Acerina y a Son Rompe Pera a la Plaza de San Fernando, as\u00ed como a la \u00danica e Internacional Sonora Santanera a Los Pastitos, donde tambi\u00e9n llegar\u00e1 el Sonido la Changa con el \u201cGran Homenaje a Ram\u00f3n Rojo, el Rey de Reyes\u201d, y un concierto a cargo de Los de Abajo, quienes celebrar\u00e1n 30 a\u00f1os de trayectoria.<\/p>\n<p>El Trasnoche, otro emblem\u00e1tico espacio guanajuatense, recibir\u00e1 a reconocidos artistas como H\u00e9ctor Infanz\u00f3n, Astrid Hadad, Las Reinas Chulas, Cecilia Toussaint y Hello Seahorse!; mientras al Templo de la Compa\u00f1\u00eda de Jes\u00fas llegar\u00e1 la Orquesta T\u00edpica de la Ciudad de M\u00e9xico con su tradici\u00f3n musical desde 1884, declarada en 2011 como Patrimonio Cultural Intangible de la Ciudad de M\u00e9xico, y los J\u00f3venes Talentos del Centro Cultural Ollin Yoliztli. Adem\u00e1s, el Coro Acardenchado llegar\u00e1 al Templo del Se\u00f1or Santiago Ap\u00f3stol en Marfil.<\/p>\n<p>Plaza San Fernando ser\u00e1 el escenario donde se presentar\u00e1 la pieza danc\u00edstica \u201cViento de Lorca\u201d y \u201cLuna Eva\u201d \u2014de la compa\u00f1\u00eda Barro Rojo y Cirko de Mente respectivamente \u2014, tambi\u00e9n de M\u00e9xico de Colores, del Coro Gay Ciudad de M\u00e9xico y de Mario Nandayapa Quartet. De manera destacada el encuentro ofrecer\u00e1 un homenaje al compositor mexicano Mario Lavista, con una coreograf\u00eda en coautor\u00eda con su hija Claudia Lavista, y con la participaci\u00f3n de bailarines del Centro de Producci\u00f3n de Danza Contempor\u00e1nea (CEPRODAC), bajo la direcci\u00f3n art\u00edstica de Cecilia Lugo.<\/p>\n<p>En el marco del FIC se llevar\u00e1 a cabo el estreno mundial de\u00a0<em>Del mago al loco. Una revelaci\u00f3n del Tarot<\/em>, bajo la direcci\u00f3n de Claudio Vald\u00e9s Kuri, con su compa\u00f1\u00eda Teatro de Ciertos Habitantes, que celebra 25 a\u00f1os de vida. Una reflexi\u00f3n del viaje inici\u00e1tico del h\u00e9roe a trav\u00e9s de los arcanos mayores del Tarot.<\/p>\n<p>Tambi\u00e9n se recibir\u00e1n diversas intervenciones urbanas, espect\u00e1culos para calle, asaltos musicales y po\u00e9ticos, conferencias acad\u00e9micas sobre los 100 a\u00f1os del muralismo mexicano con el proyecto \u201cEsp\u00edritu del 22. Un siglo de muralismo en San Ildefonso\u201d, y presentaciones de libros.<\/p>\n<p>El p\u00fablico podr\u00e1 disfrutar de cuatro exposiciones que capturan la esencia chilanga con \u201cPanorama del Centro Hist\u00f3rico\u201d, de Gerardo Suter en el Museo del Conde Rul; \u201cEstaci\u00f3n Tenochca. La cr\u00f3nica urbana de Marco Antonio Cruz\u201d en el Museo Casa Diego Rivera; \u201cTepito \u00a1Bravo el barrio!\u201d que se exhibir\u00e1 en la Galer\u00eda El Atrio; y \u201c\u00a1Vivas estamos, estamos vivas! Violent\u00f3metro: artivismo y g\u00e9nero en la Ciudad de M\u00e9xico\u201d en el Museo Regional de la Alh\u00f3ndiga de Granaditas.<\/p>\n<p>El teatro infantil ser\u00e1 representado por tres importantes montajes. En la Ex-Hacienda de San Gabriel de Barrera se presentar\u00e1 el espect\u00e1culo\u00a0<em>La chorcha de las calacas<\/em>, autor\u00eda de Amaranta Leyva y direcci\u00f3n de Lourdes P\u00e9rez Gay; La compa\u00f1\u00eda Teatral La Trouppe ofrecer\u00e1\u00a0<em>Viene la muerte cantando<\/em>; y al Teatro Cervantes llegar\u00e1\u00a0<em>Ac\u00e1 en la Tierra<\/em>, de la M\u00e1quina del Tiempo y Los Bocanegra.<\/p>\n<p>La Ex-Estaci\u00f3n del Ferrocarril festejar\u00e1 con una jornada de lucha libre presentada por \u201cel Fantasma\u201d; y exhibir\u00e1 el teatro musical\u00a0<em>Turur\u00fa, los j\u00f3venes tambi\u00e9n viajan en Metro<\/em>, de la Brigada ExpresArte del INJUVE. La Comisi\u00f3n de Filmaciones presentar\u00e1 ah\u00ed mismo seis pel\u00edculas que reflejan la diversidad que se respira en nuestra ciudad con Los Olvidados, El Callej\u00f3n de los Milagros,\u00a0<em>Las Poquianchis<\/em>,\u00a0<em>Lagunilla mi barrio<\/em>,\u00a0<em>Caifanes<\/em>\u00a0y\u00a0<em>El Santo contra las Momias de Guanajuato<\/em>. El Festival DocsMX llevar\u00e1 el ciclo \u201cMiradas de la Ciudad\u201d.<\/p>\n<p>La Secretar\u00eda de Cultura del Gobierno de la Rep\u00fablica y el Complejo Cultural Los Pinos presentan el \u201cTianguis la Zurda\u201d en la Casa de la Cultura, con una amplia selecci\u00f3n de obra gr\u00e1fica (grabado, serigraf\u00eda y litograf\u00eda, entre otras), producida por m\u00e1s de 200 talleres y colectivos de gr\u00e1fica de m\u00e1s de 15 estados del pa\u00eds; as\u00ed como la oferta de sellos independientes de m\u00fasica de todos los g\u00e9neros.<\/p>\n<p>La capital trasladar\u00e1 a Guanajuato la experiencia de los Puntos de Innovaci\u00f3n, Libertad, Arte, Educaci\u00f3n y Saberes con el PILARES M\u00f3vil, as\u00ed como una edici\u00f3n especial del programa\u00a0<strong>Teatro en Plazas P\u00fablicas<\/strong>,\u00a0<strong>Teatro en tu Barrio<\/strong>, que tendr\u00e1 una participaci\u00f3n con 17 espect\u00e1culos provenientes de 16 estados de la Rep\u00fablica mexicana.<\/p>\n<p>El Festival llegar\u00e1 a la capital con la presentaci\u00f3n de Joan Manuel Serrat en el Z\u00f3calo capitalino, Mio Cid en el Centro Cultural Espa\u00f1a; Gustavo Dudamel y la Filarm\u00f3nica de Los \u00c1ngeles al Auditorio Nacional, donde tambi\u00e9n se escuchar\u00e1 la Jazz At Lincon Center Orchestra con Wynton Marsalis. El Palacio de Bellas Artes presentar\u00e1 a The King\u00b4s Singers y Philippe Jaroussky, Sankai Juku y Hera Hyseang Park.<\/p>\n<p>Para conocer la programaci\u00f3n de la Ciudad de M\u00e9xico, invitada de honor al 50 Festival Internacional Cervantino, visita la p\u00e1gina:\u00a0<a href=\"http:\/\/http\/\/www.cervantino.cdmx.gob.mx\/\">www.cervantino.cultura.cdmx.gob.mx<\/a>.<\/p>\n<p>Sigue a la Secretar\u00eda de Cultura de la Ciudad de M\u00e9xico a trav\u00e9s de su p\u00e1gina oficial (<a href=\"https:\/\/www.cultura.cdmx.gob.mx\/\">cultura.cdmx.gob.mx\/<\/a>), sus redes sociales (Facebook, Twitter, Instagram y YouTube) y en la plataforma digital Capital Cultural en Nuestra Casa.<\/p>\n<p>[\/fusion_text][fusion_imageframe image_id=&#8221;45819|medium&#8221; max_width=&#8221;&#8221; style_type=&#8221;&#8221; blur=&#8221;&#8221; stylecolor=&#8221;&#8221; hover_type=&#8221;none&#8221; bordersize=&#8221;&#8221; bordercolor=&#8221;&#8221; borderradius=&#8221;&#8221; align=&#8221;none&#8221; lightbox=&#8221;no&#8221; gallery_id=&#8221;&#8221; lightbox_image=&#8221;&#8221; lightbox_image_id=&#8221;&#8221; alt=&#8221;&#8221; link=&#8221;&#8221; linktarget=&#8221;_self&#8221; hide_on_mobile=&#8221;small-visibility,medium-visibility,large-visibility&#8221; class=&#8221;&#8221; id=&#8221;&#8221; animation_type=&#8221;&#8221; animation_direction=&#8221;left&#8221; animation_speed=&#8221;0.3&#8243; animation_offset=&#8221;&#8221;]https:\/\/www.bitacoracdmx.com\/wp-content\/uploads\/2022\/08\/WhatsApp-Image-2022-08-09-at-7.45.40-PM-300&#215;200.jpeg[\/fusion_imageframe][\/fusion_builder_column][\/fusion_builder_row][\/fusion_builder_container]<\/p>\n","protected":false},"excerpt":{"rendered":"<p>[fusion_builder_container hundred_percent=&#8221;no&#8221; equal_height_columns=&#8221;no&#8221; menu_anchor=&#8221;&#8221; hide_on_mobile=&#8221;small-visibility,medium-visibility,large-visibility&#8221; class=&#8221;&#8221; id=&#8221;&#8221; background_color=&#8221;&#8221; background_image=&#8221;&#8221; background_position=&#8221;center center&#8221; background_repeat=&#8221;no-repeat&#8221; fade=&#8221;no&#8221; background_parallax=&#8221;none&#8221; parallax_speed=&#8221;0.3&#8243; video_mp4=&#8221;&#8221; video_webm=&#8221;&#8221; video_ogv=&#8221;&#8221; video_url=&#8221;&#8221; video_aspect_ratio=&#8221;16:9&#8243; video_loop=&#8221;yes&#8221; video_mute=&#8221;yes&#8221; overlay_color=&#8221;&#8221; video_preview_image=&#8221;&#8221; border_size=&#8221;&#8221; border_color=&#8221;&#8221; border_style=&#8221;solid&#8221; padding_top=&#8221;&#8221; padding_bottom=&#8221;&#8221; padding_left=&#8221;&#8221; padding_right=&#8221;&#8221;][fusion_builder_row][fusion_builder_column type=&#8221;1_1&#8243; layout=&#8221;1_1&#8243; background_position=&#8221;left top&#8221; background_color=&#8221;&#8221; border_size=&#8221;&#8221; border_color=&#8221;&#8221; border_style=&#8221;solid&#8221; border_position=&#8221;all&#8221; spacing=&#8221;yes&#8221; background_image=&#8221;&#8221; background_repeat=&#8221;no-repeat&#8221; padding_top=&#8221;&#8221; padding_right=&#8221;&#8221; padding_bottom=&#8221;&#8221; padding_left=&#8221;&#8221; margin_top=&#8221;0px&#8221; margin_bottom=&#8221;0px&#8221; class=&#8221;&#8221; id=&#8221;&#8221; animation_type=&#8221;&#8221; animation_speed=&#8221;0.3&#8243; animation_direction=&#8221;left&#8221; hide_on_mobile=&#8221;small-visibility,medium-visibility,large-visibility&#8221; center_content=&#8221;no&#8221; last=&#8221;no&#8221; min_height=&#8221;&#8221; hover_type=&#8221;none&#8221; link=&#8221;&#8221;][fusion_text] REDACCI\u00d3N \u25cf Con m\u00e1s de 200 funciones y la participaci\u00f3n de mil 300 artistas, la creatividad chilanga dar\u00e1 color y alegr\u00eda a esta edici\u00f3n que tiene a la Ciudad de M\u00e9xico como invitada especial \u25cf La representaci\u00f3n incluye la participaci\u00f3n [&hellip;]<\/p>\n","protected":false},"author":1,"featured_media":45819,"comment_status":"open","ping_status":"open","sticky":false,"template":"","format":"standard","meta":{"footnotes":""},"categories":[5,4,9],"tags":[],"_links":{"self":[{"href":"https:\/\/www.bitacoracdmx.com\/index.php?rest_route=\/wp\/v2\/posts\/45818"}],"collection":[{"href":"https:\/\/www.bitacoracdmx.com\/index.php?rest_route=\/wp\/v2\/posts"}],"about":[{"href":"https:\/\/www.bitacoracdmx.com\/index.php?rest_route=\/wp\/v2\/types\/post"}],"author":[{"embeddable":true,"href":"https:\/\/www.bitacoracdmx.com\/index.php?rest_route=\/wp\/v2\/users\/1"}],"replies":[{"embeddable":true,"href":"https:\/\/www.bitacoracdmx.com\/index.php?rest_route=%2Fwp%2Fv2%2Fcomments&post=45818"}],"version-history":[{"count":1,"href":"https:\/\/www.bitacoracdmx.com\/index.php?rest_route=\/wp\/v2\/posts\/45818\/revisions"}],"predecessor-version":[{"id":45820,"href":"https:\/\/www.bitacoracdmx.com\/index.php?rest_route=\/wp\/v2\/posts\/45818\/revisions\/45820"}],"wp:featuredmedia":[{"embeddable":true,"href":"https:\/\/www.bitacoracdmx.com\/index.php?rest_route=\/wp\/v2\/media\/45819"}],"wp:attachment":[{"href":"https:\/\/www.bitacoracdmx.com\/index.php?rest_route=%2Fwp%2Fv2%2Fmedia&parent=45818"}],"wp:term":[{"taxonomy":"category","embeddable":true,"href":"https:\/\/www.bitacoracdmx.com\/index.php?rest_route=%2Fwp%2Fv2%2Fcategories&post=45818"},{"taxonomy":"post_tag","embeddable":true,"href":"https:\/\/www.bitacoracdmx.com\/index.php?rest_route=%2Fwp%2Fv2%2Ftags&post=45818"}],"curies":[{"name":"wp","href":"https:\/\/api.w.org\/{rel}","templated":true}]}}