{"id":45833,"date":"2022-08-10T02:19:45","date_gmt":"2022-08-10T02:19:45","guid":{"rendered":"https:\/\/www.bitacoracdmx.com\/?p=45833"},"modified":"2022-08-10T02:19:45","modified_gmt":"2022-08-10T02:19:45","slug":"la-coordinacion-nacional-de-teatro-presenta-la-programacion-del-festival-de-titeres-alma-de-madera","status":"publish","type":"post","link":"https:\/\/www.bitacoracdmx.com\/?p=45833","title":{"rendered":"La Coordinaci\u00f3n Nacional de Teatro presenta la programaci\u00f3n del Festival de T\u00edteres Alma de Madera"},"content":{"rendered":"<p>[fusion_builder_container hundred_percent=&#8221;no&#8221; equal_height_columns=&#8221;no&#8221; menu_anchor=&#8221;&#8221; hide_on_mobile=&#8221;small-visibility,medium-visibility,large-visibility&#8221; class=&#8221;&#8221; id=&#8221;&#8221; background_color=&#8221;&#8221; background_image=&#8221;&#8221; background_position=&#8221;center center&#8221; background_repeat=&#8221;no-repeat&#8221; fade=&#8221;no&#8221; background_parallax=&#8221;none&#8221; parallax_speed=&#8221;0.3&#8243; video_mp4=&#8221;&#8221; video_webm=&#8221;&#8221; video_ogv=&#8221;&#8221; video_url=&#8221;&#8221; video_aspect_ratio=&#8221;16:9&#8243; video_loop=&#8221;yes&#8221; video_mute=&#8221;yes&#8221; overlay_color=&#8221;&#8221; video_preview_image=&#8221;&#8221; border_size=&#8221;&#8221; border_color=&#8221;&#8221; border_style=&#8221;solid&#8221; padding_top=&#8221;&#8221; padding_bottom=&#8221;&#8221; padding_left=&#8221;&#8221; padding_right=&#8221;&#8221;][fusion_builder_row][fusion_builder_column type=&#8221;1_1&#8243; layout=&#8221;1_1&#8243; background_position=&#8221;left top&#8221; background_color=&#8221;&#8221; border_size=&#8221;&#8221; border_color=&#8221;&#8221; border_style=&#8221;solid&#8221; border_position=&#8221;all&#8221; spacing=&#8221;yes&#8221; background_image=&#8221;&#8221; background_repeat=&#8221;no-repeat&#8221; padding_top=&#8221;&#8221; padding_right=&#8221;&#8221; padding_bottom=&#8221;&#8221; padding_left=&#8221;&#8221; margin_top=&#8221;0px&#8221; margin_bottom=&#8221;0px&#8221; class=&#8221;&#8221; id=&#8221;&#8221; animation_type=&#8221;&#8221; animation_speed=&#8221;0.3&#8243; animation_direction=&#8221;left&#8221; hide_on_mobile=&#8221;small-visibility,medium-visibility,large-visibility&#8221; center_content=&#8221;no&#8221; last=&#8221;no&#8221; min_height=&#8221;&#8221; hover_type=&#8221;none&#8221; link=&#8221;&#8221;][fusion_text]<\/p>\n<p>REDACCI\u00d3N<\/p>\n<p>\u25cf<strong>Las propuestas esc\u00e9nicas estar\u00e1n dirigidas especialmente a ni\u00f1as y ni\u00f1os, a partir del 13 de agosto en el Centro Cultural del Bosque<\/strong><\/p>\n<p>El Programa de Teatro para Ni\u00f1as, Ni\u00f1os y J\u00f3venes de la Coordinaci\u00f3n Nacional de Teatro del Instituto Nacional de Bellas Artes y Literatura, presentan la programaci\u00f3n en el Centro Cultural del Bosque del Festival de T\u00edteres<em>\u00a0Alma de Madera,\u00a0<\/em>que<em>\u00a0<\/em>ofrecer\u00e1 cuatro montajes dirigidos, especialmente, a las peque\u00f1as infancias.<\/p>\n<p>Este festival es una iniciativa de la compa\u00f1\u00eda Teatrapos, con el objetivo de crear una plataforma de proyecci\u00f3n, interacci\u00f3n, experimentaci\u00f3n, y an\u00e1lisis del teatro de t\u00edteres entre las compa\u00f1\u00edas j\u00f3venes y compa\u00f1\u00edas consolidadas de M\u00e9xico.<\/p>\n<p>En su segunda emisi\u00f3n, la programaci\u00f3n de este festival inicia el 13 de agosto con la obra\u00a0<em>El drag\u00f3n azul<\/em>, con la autor\u00eda e interpretaci\u00f3n de Omar Esquinca, bajo la direcci\u00f3n de Sara Alcantar. Esta producci\u00f3n de Teatrapos se escenificar\u00e1 a las 12:30 horas, en el Teatro El Granero\u00a0<em>Xavier Rojas<\/em>.<\/p>\n<p>Un viajero relatar\u00e1 la vieja historia de Jorge y el Drag\u00f3n. Pero \u00e9l quiere contarnos la versi\u00f3n que casi nadie sabe. Conoceremos a Leonor, una princesa que se pregunta \u00bfpor qu\u00e9 las princesas tenemos que quedarnos calladas y esperar a que nos salven?; a Jorge, un caballero no del todo fuerte y valeroso, y a Capadocio, su gordo caballo.<\/p>\n<p>Le sigue\u00a0<em>Huellas de manglar<\/em>, de Frida Tovar, con direcci\u00f3n de Leslie Jard\u00f3n Rosas, con las actuaciones de Montserrat Molotla, Alejandro Rubalcava, B\u00e1rbara Delf\u00edn, Cecilia Dom\u00ednguez, Mariana Esquivel y Carla Loredo. Este montaje de Arrecife Teatro se presentar\u00e1 el 14 de agosto a las 12:30 horas, tambi\u00e9n en el Teatro El Granero\u00a0<em>Xavier Rojas<\/em>.<\/p>\n<p>Los Manglar\u00e9z son una familia de tortugas que vive en un manglar de la pen\u00ednsula de Yucat\u00e1n, sin embargo, la temporada de tormentas se avecina y se ven obligados a mudarse junto a toda la comunidad de tortugas. Un evento inesperado lo separa de su comunidad, llev\u00e1ndolos a vivir una aventura desconocida, donde conocer\u00e1n a otros tipos de familia y aprender\u00e1n a respetarlos.<\/p>\n<p>Las presentaciones contin\u00faan con <em>Magdalena, la otra Frida<\/em>, escrita e interpretada por Luisa Aguilar, con direcci\u00f3n de Adolfo Garc\u00eda. La Sala CCB ser\u00e1 escenario para esta producci\u00f3n de Mondomeraki, que ofrecer\u00e1 funci\u00f3n el 20 de agosto, a las 12:30 horas.<\/p>\n<p>Frida calaca recuerda los momentos m\u00e1s importantes de su ni\u00f1ez, que dan destellos de su rebeld\u00eda, inteligencia e imaginaci\u00f3n, a la par que se entremezclan con momentos ficticios que recrean una infancia posible dando respuesta a algunas preguntas como \u00bfpor qu\u00e9 llevaba flores en el cabello?<\/p>\n<p>Por \u00faltimo, el 21 de agosto, se escenificar\u00e1\u00a0<em>Canta, Nina<\/em>, de Omar Esquinca, bajo la direcci\u00f3n de Andrea Cruz Mel\u00e9ndez e interpretaci\u00f3n de Xareny Orzal e Ixchel Mu\u00f1oz. Esta obra producida por Teatrapos se presentar\u00e1 tambi\u00e9n en la Sala CCB a las 12:30 horas<\/p>\n<p>La peque\u00f1a Eunice est\u00e1 a punto de llevar a cabo su primer recital de piano. Todo marcha bien hasta que ella mira que sus padres son retirados de la primera fila. Sin entender muy bien la situaci\u00f3n, Eunice emprende un viaje a su interior, guiada por la anciana Nina, no solo para conocer m\u00e1s acerca de la situaci\u00f3n social que se est\u00e1 viviendo en su comunidad sino para aprender que la herramienta m\u00e1s poderosa que tiene es su voz.<\/p>\n<p>El Festival de T\u00edteres\u00a0<em>Alma de Madera,<\/em>\u00a0ser\u00e1 un punto de encuentro art\u00edstico y de intercambio sobre nuevos lenguajes en el arte del t\u00edtere que estar\u00e1 disponible para todo p\u00fablico y, por otro lado, poder brindar a compa\u00f1\u00edas emergentes una mayor proyecci\u00f3n e interacci\u00f3n con colectivos o grupos teatrales con mayor experiencia.<\/p>\n<p>[\/fusion_text][fusion_imageframe image_id=&#8221;45834|medium&#8221; max_width=&#8221;&#8221; style_type=&#8221;&#8221; blur=&#8221;&#8221; stylecolor=&#8221;&#8221; hover_type=&#8221;none&#8221; bordersize=&#8221;&#8221; bordercolor=&#8221;&#8221; borderradius=&#8221;&#8221; align=&#8221;none&#8221; lightbox=&#8221;no&#8221; gallery_id=&#8221;&#8221; lightbox_image=&#8221;&#8221; lightbox_image_id=&#8221;&#8221; alt=&#8221;&#8221; link=&#8221;&#8221; linktarget=&#8221;_self&#8221; hide_on_mobile=&#8221;small-visibility,medium-visibility,large-visibility&#8221; class=&#8221;&#8221; id=&#8221;&#8221; animation_type=&#8221;&#8221; animation_direction=&#8221;left&#8221; animation_speed=&#8221;0.3&#8243; animation_offset=&#8221;&#8221;]https:\/\/www.bitacoracdmx.com\/wp-content\/uploads\/2022\/08\/99ed9398-e2e9-47d8-dc1c-d4ba4e34a223-300&#215;300.jpeg[\/fusion_imageframe][\/fusion_builder_column][\/fusion_builder_row][\/fusion_builder_container]<\/p>\n","protected":false},"excerpt":{"rendered":"<p>[fusion_builder_container hundred_percent=&#8221;no&#8221; equal_height_columns=&#8221;no&#8221; menu_anchor=&#8221;&#8221; hide_on_mobile=&#8221;small-visibility,medium-visibility,large-visibility&#8221; class=&#8221;&#8221; id=&#8221;&#8221; background_color=&#8221;&#8221; background_image=&#8221;&#8221; background_position=&#8221;center center&#8221; background_repeat=&#8221;no-repeat&#8221; fade=&#8221;no&#8221; background_parallax=&#8221;none&#8221; parallax_speed=&#8221;0.3&#8243; video_mp4=&#8221;&#8221; video_webm=&#8221;&#8221; video_ogv=&#8221;&#8221; video_url=&#8221;&#8221; video_aspect_ratio=&#8221;16:9&#8243; video_loop=&#8221;yes&#8221; video_mute=&#8221;yes&#8221; overlay_color=&#8221;&#8221; video_preview_image=&#8221;&#8221; border_size=&#8221;&#8221; border_color=&#8221;&#8221; border_style=&#8221;solid&#8221; padding_top=&#8221;&#8221; padding_bottom=&#8221;&#8221; padding_left=&#8221;&#8221; padding_right=&#8221;&#8221;][fusion_builder_row][fusion_builder_column type=&#8221;1_1&#8243; layout=&#8221;1_1&#8243; background_position=&#8221;left top&#8221; background_color=&#8221;&#8221; border_size=&#8221;&#8221; border_color=&#8221;&#8221; border_style=&#8221;solid&#8221; border_position=&#8221;all&#8221; spacing=&#8221;yes&#8221; background_image=&#8221;&#8221; background_repeat=&#8221;no-repeat&#8221; padding_top=&#8221;&#8221; padding_right=&#8221;&#8221; padding_bottom=&#8221;&#8221; padding_left=&#8221;&#8221; margin_top=&#8221;0px&#8221; margin_bottom=&#8221;0px&#8221; class=&#8221;&#8221; id=&#8221;&#8221; animation_type=&#8221;&#8221; animation_speed=&#8221;0.3&#8243; animation_direction=&#8221;left&#8221; hide_on_mobile=&#8221;small-visibility,medium-visibility,large-visibility&#8221; center_content=&#8221;no&#8221; last=&#8221;no&#8221; min_height=&#8221;&#8221; hover_type=&#8221;none&#8221; link=&#8221;&#8221;][fusion_text] REDACCI\u00d3N \u25cfLas propuestas esc\u00e9nicas estar\u00e1n dirigidas especialmente a ni\u00f1as y ni\u00f1os, a partir del 13 de agosto en el Centro Cultural del Bosque El Programa de Teatro para Ni\u00f1as, Ni\u00f1os y J\u00f3venes de la Coordinaci\u00f3n Nacional de Teatro del Instituto [&hellip;]<\/p>\n","protected":false},"author":1,"featured_media":45834,"comment_status":"open","ping_status":"open","sticky":false,"template":"","format":"standard","meta":{"footnotes":""},"categories":[9,14],"tags":[],"_links":{"self":[{"href":"https:\/\/www.bitacoracdmx.com\/index.php?rest_route=\/wp\/v2\/posts\/45833"}],"collection":[{"href":"https:\/\/www.bitacoracdmx.com\/index.php?rest_route=\/wp\/v2\/posts"}],"about":[{"href":"https:\/\/www.bitacoracdmx.com\/index.php?rest_route=\/wp\/v2\/types\/post"}],"author":[{"embeddable":true,"href":"https:\/\/www.bitacoracdmx.com\/index.php?rest_route=\/wp\/v2\/users\/1"}],"replies":[{"embeddable":true,"href":"https:\/\/www.bitacoracdmx.com\/index.php?rest_route=%2Fwp%2Fv2%2Fcomments&post=45833"}],"version-history":[{"count":1,"href":"https:\/\/www.bitacoracdmx.com\/index.php?rest_route=\/wp\/v2\/posts\/45833\/revisions"}],"predecessor-version":[{"id":45835,"href":"https:\/\/www.bitacoracdmx.com\/index.php?rest_route=\/wp\/v2\/posts\/45833\/revisions\/45835"}],"wp:featuredmedia":[{"embeddable":true,"href":"https:\/\/www.bitacoracdmx.com\/index.php?rest_route=\/wp\/v2\/media\/45834"}],"wp:attachment":[{"href":"https:\/\/www.bitacoracdmx.com\/index.php?rest_route=%2Fwp%2Fv2%2Fmedia&parent=45833"}],"wp:term":[{"taxonomy":"category","embeddable":true,"href":"https:\/\/www.bitacoracdmx.com\/index.php?rest_route=%2Fwp%2Fv2%2Fcategories&post=45833"},{"taxonomy":"post_tag","embeddable":true,"href":"https:\/\/www.bitacoracdmx.com\/index.php?rest_route=%2Fwp%2Fv2%2Ftags&post=45833"}],"curies":[{"name":"wp","href":"https:\/\/api.w.org\/{rel}","templated":true}]}}