{"id":45842,"date":"2022-08-11T03:39:25","date_gmt":"2022-08-11T03:39:25","guid":{"rendered":"https:\/\/www.bitacoracdmx.com\/?p=45842"},"modified":"2022-08-11T03:39:25","modified_gmt":"2022-08-11T03:39:25","slug":"el-cine-de-terror-con-enmascarados-llega-al-museo-panteon-de-san-fernando-con-el-festival-macabro","status":"publish","type":"post","link":"https:\/\/www.bitacoracdmx.com\/?p=45842","title":{"rendered":"El cine de terror con enmascarados llega al MUSEO PANTE\u00d3N DE SAN FERNANDO con el FESTIVAL MACABRO"},"content":{"rendered":"<p>[fusion_builder_container hundred_percent=&#8221;no&#8221; equal_height_columns=&#8221;no&#8221; menu_anchor=&#8221;&#8221; hide_on_mobile=&#8221;small-visibility,medium-visibility,large-visibility&#8221; class=&#8221;&#8221; id=&#8221;&#8221; background_color=&#8221;&#8221; background_image=&#8221;&#8221; background_position=&#8221;center center&#8221; background_repeat=&#8221;no-repeat&#8221; fade=&#8221;no&#8221; background_parallax=&#8221;none&#8221; parallax_speed=&#8221;0.3&#8243; video_mp4=&#8221;&#8221; video_webm=&#8221;&#8221; video_ogv=&#8221;&#8221; video_url=&#8221;&#8221; video_aspect_ratio=&#8221;16:9&#8243; video_loop=&#8221;yes&#8221; video_mute=&#8221;yes&#8221; overlay_color=&#8221;&#8221; video_preview_image=&#8221;&#8221; border_size=&#8221;&#8221; border_color=&#8221;&#8221; border_style=&#8221;solid&#8221; padding_top=&#8221;&#8221; padding_bottom=&#8221;&#8221; padding_left=&#8221;&#8221; padding_right=&#8221;&#8221;][fusion_builder_row][fusion_builder_column type=&#8221;1_1&#8243; layout=&#8221;1_1&#8243; background_position=&#8221;left top&#8221; background_color=&#8221;&#8221; border_size=&#8221;&#8221; border_color=&#8221;&#8221; border_style=&#8221;solid&#8221; border_position=&#8221;all&#8221; spacing=&#8221;yes&#8221; background_image=&#8221;&#8221; background_repeat=&#8221;no-repeat&#8221; padding_top=&#8221;&#8221; padding_right=&#8221;&#8221; padding_bottom=&#8221;&#8221; padding_left=&#8221;&#8221; margin_top=&#8221;0px&#8221; margin_bottom=&#8221;0px&#8221; class=&#8221;&#8221; id=&#8221;&#8221; animation_type=&#8221;&#8221; animation_speed=&#8221;0.3&#8243; animation_direction=&#8221;left&#8221; hide_on_mobile=&#8221;small-visibility,medium-visibility,large-visibility&#8221; center_content=&#8221;no&#8221; last=&#8221;no&#8221; min_height=&#8221;&#8221; hover_type=&#8221;none&#8221; link=&#8221;&#8221;][fusion_text]<\/p>\n<p>REDACCI\u00d3N<\/p>\n<div class=\"cxmmr5t8 oygrvhab hcukyx3x c1et5uql o9v6fnle ii04i59q\">\n<div dir=\"auto\">\u25cf Este s\u00e1bado 13 de agosto se inaugurar\u00e1 la exposici\u00f3n \u201cRobots, aliens y luchadores. Ciencia ficci\u00f3n y cine B en M\u00e9xico\u201d, una serie de 10 pel\u00edculas ic\u00f3nicas del g\u00e9nero.<\/div>\n<div dir=\"auto\"><\/div>\n<\/div>\n<div class=\"cxmmr5t8 oygrvhab hcukyx3x c1et5uql o9v6fnle ii04i59q\">\n<div dir=\"auto\">\u25cf El recinto de arte funerario tambi\u00e9n presentar\u00e1 proyecciones, charlas y un concierto en el marco de este encuentro cinematogr\u00e1fico que se realizar\u00e1 del 17 al 28 de agosto.<\/div>\n<div dir=\"auto\"><\/div>\n<\/div>\n<div class=\"cxmmr5t8 oygrvhab hcukyx3x c1et5uql o9v6fnle ii04i59q\">\n<div dir=\"auto\">Los carteles de las m\u00e1s emblem\u00e1ticas cintas del h\u00edbrido cinematogr\u00e1fico nacional \u2014que mezcl\u00f3 monstruos, terror, ciencia ficci\u00f3n, thriller y espionaje con lucha libre\u2014 llegan al Museo Pante\u00f3n de San Fernando, recinto de la Secretar\u00eda de Cultura capitalina, con la inauguraci\u00f3n de la exposici\u00f3n \u201cRobots, aliens y luchadores. Ciencia ficci\u00f3n y cine B en M\u00e9xico\u201d, que ser\u00e1 inaugurada este s\u00e1bado 13 de agosto, a las 17:00 horas, en el marco de la XXI edici\u00f3n del Festival Internacional de Cine de Horror de la Ciudad de M\u00e9xico, Macabro.<\/div>\n<\/div>\n<div class=\"cxmmr5t8 oygrvhab hcukyx3x c1et5uql o9v6fnle ii04i59q\">\n<div dir=\"auto\"><\/div>\n<div dir=\"auto\">A trav\u00e9s de la exhibici\u00f3n de 10 carteles, provenientes del acervo de la Filmoteca UNAM y de la Cineteca Nacional, las y los visitantes podr\u00e1n conocer la iconograf\u00eda de terror de este g\u00e9nero, un hito taquillero en los a\u00f1os cincuenta y finales de los setenta; y que dejaron huella en la cultura popular no solo de M\u00e9xico sino de muchos otros pa\u00edses.<\/div>\n<\/div>\n<div class=\"cxmmr5t8 oygrvhab hcukyx3x c1et5uql o9v6fnle ii04i59q\">\n<div dir=\"auto\">Curada por el programador y la directora del Festival Macabro, Mario Valencia y Edna Campos Tenorio, la muestra comparte los enfrentamientos de diversos protagonistas de la lucha libre, como \u201cel Santo\u201d, \u201cel Enmascarado de Plata\u201d, \u201cBlue Demon\u201d, \u201cMil M\u00e1scaras\u201d y \u201cTinieblas\u201d, contra seres de otros planetas, monstruos, vampiros, zombies y cient\u00edficos que quer\u00edan conquistar el mundo.<\/div>\n<\/div>\n<div class=\"cxmmr5t8 oygrvhab hcukyx3x c1et5uql o9v6fnle ii04i59q\">\n<div dir=\"auto\"><\/div>\n<div dir=\"auto\">La exposici\u00f3n estar\u00e1 acompa\u00f1ada a las 17:30 horas de una conferencia sobre el cine de terror y el cine fant\u00e1stico nacional para abordar este g\u00e9nero realizado con poco presupuesto, a cargo del especialista Jos\u00e9 Luis Ortega Torres, quien conversar\u00e1 con el p\u00fablico sobre el cine B en M\u00e9xico de las d\u00e9cadas de 1950 hasta finales de los a\u00f1os sesentas<\/div>\n<\/div>\n<div class=\"cxmmr5t8 oygrvhab hcukyx3x c1et5uql o9v6fnle ii04i59q\">\n<div dir=\"auto\"><\/div>\n<div dir=\"auto\">La jornada inaugural concluir\u00e1 con un concierto a las 18:00 horas del tr\u00edo Los Mortum Surfer, integrado por Morgana (bajista), Lobo (bater\u00eda) y su fundador Mortum (guitarra), quienes se autodenominan como una banda mexicana de surf oscuro que interpreta m\u00fasica instrumental de rock surf (un g\u00e9nero relacionado con la playa por su inclusi\u00f3n de guitarras el\u00e9ctricas).<\/div>\n<\/div>\n<div class=\"cxmmr5t8 oygrvhab hcukyx3x c1et5uql o9v6fnle ii04i59q\">\n<div dir=\"auto\"><\/div>\n<div dir=\"auto\">Entre las cintas a conocer se encuentran Santo contra la invasi\u00f3n de los marcianos, Blue Demon y las invasoras, El robot humano, Las Luchadoras contra el m\u00e9dico asesino, El hombre que logr\u00f3 ser invisible y Santo contra los asesinos de otros mundos.<\/div>\n<\/div>\n<div class=\"cxmmr5t8 oygrvhab hcukyx3x c1et5uql o9v6fnle ii04i59q\">\n<div dir=\"auto\"><\/div>\n<div dir=\"auto\">Asimismo, como parte de este encuentro cinematogr\u00e1fico enfocado al cine de horror, el recinto capitalino, \u00edcono del arte funerario, proyectar\u00e1 tambi\u00e9n las cintas Blue Demon contra los cerebros infernales, el s\u00e1bado 20 de agosto, y Sat\u00e1nico Pandemonium, el mi\u00e9rcoles 24 de agosto, ambas a las 19:00 horas con entrada libre.<\/div>\n<\/div>\n<div class=\"cxmmr5t8 oygrvhab hcukyx3x c1et5uql o9v6fnle ii04i59q\">\n<div dir=\"auto\"><\/div>\n<div dir=\"auto\">El Festival Macabro, que se realizar\u00e1 del 17 al 28 de agosto, tambi\u00e9n llegar\u00e1 a la Red de F\u00e1bricas de Artes y Oficios (FAROS), al Teatro de la Ciudad Esperanza Iris, al Museo Archivo de la Fotograf\u00eda, a los Centros Culturales Xavier Villaurrutia, Jos\u00e9 Mart\u00ed, El Rule y La Pir\u00e1mide, espacios de la Secretar\u00eda de Cultura capitalina, entre otras sedes. Para conocer la programaci\u00f3n completa visite la p\u00e1gina del festival en macabro.mx\/.<\/div>\n<\/div>\n<div class=\"cxmmr5t8 oygrvhab hcukyx3x c1et5uql o9v6fnle ii04i59q\">\n<div dir=\"auto\"><\/div>\n<div dir=\"auto\">Las actividades de la Secretar\u00eda de Cultura de la Ciudad de M\u00e9xico se pueden conocer en su p\u00e1gina oficial (cultura.cdmx.gob.mx\/), en la Cartelera Cultural de la Ciudad de M\u00e9xico y a trav\u00e9s de sus redes sociales: Facebook, Twitter, Instagram y YouTube.<\/div>\n<\/div>\n<p>[\/fusion_text][fusion_imageframe image_id=&#8221;45843|medium&#8221; max_width=&#8221;&#8221; style_type=&#8221;&#8221; blur=&#8221;&#8221; stylecolor=&#8221;&#8221; hover_type=&#8221;none&#8221; bordersize=&#8221;&#8221; bordercolor=&#8221;&#8221; borderradius=&#8221;&#8221; align=&#8221;none&#8221; lightbox=&#8221;no&#8221; gallery_id=&#8221;&#8221; lightbox_image=&#8221;&#8221; lightbox_image_id=&#8221;&#8221; alt=&#8221;&#8221; link=&#8221;&#8221; linktarget=&#8221;_self&#8221; hide_on_mobile=&#8221;small-visibility,medium-visibility,large-visibility&#8221; class=&#8221;&#8221; id=&#8221;&#8221; animation_type=&#8221;&#8221; animation_direction=&#8221;left&#8221; animation_speed=&#8221;0.3&#8243; animation_offset=&#8221;&#8221;]https:\/\/www.bitacoracdmx.com\/wp-content\/uploads\/2022\/08\/298497086_2216333538526011_3179728896223281129_n-250&#215;300.jpg[\/fusion_imageframe][\/fusion_builder_column][\/fusion_builder_row][\/fusion_builder_container]<\/p>\n","protected":false},"excerpt":{"rendered":"<p>[fusion_builder_container hundred_percent=&#8221;no&#8221; equal_height_columns=&#8221;no&#8221; menu_anchor=&#8221;&#8221; hide_on_mobile=&#8221;small-visibility,medium-visibility,large-visibility&#8221; class=&#8221;&#8221; id=&#8221;&#8221; background_color=&#8221;&#8221; background_image=&#8221;&#8221; background_position=&#8221;center center&#8221; background_repeat=&#8221;no-repeat&#8221; fade=&#8221;no&#8221; background_parallax=&#8221;none&#8221; parallax_speed=&#8221;0.3&#8243; video_mp4=&#8221;&#8221; video_webm=&#8221;&#8221; video_ogv=&#8221;&#8221; video_url=&#8221;&#8221; video_aspect_ratio=&#8221;16:9&#8243; video_loop=&#8221;yes&#8221; video_mute=&#8221;yes&#8221; overlay_color=&#8221;&#8221; video_preview_image=&#8221;&#8221; border_size=&#8221;&#8221; border_color=&#8221;&#8221; border_style=&#8221;solid&#8221; padding_top=&#8221;&#8221; padding_bottom=&#8221;&#8221; padding_left=&#8221;&#8221; padding_right=&#8221;&#8221;][fusion_builder_row][fusion_builder_column type=&#8221;1_1&#8243; layout=&#8221;1_1&#8243; background_position=&#8221;left top&#8221; background_color=&#8221;&#8221; border_size=&#8221;&#8221; border_color=&#8221;&#8221; border_style=&#8221;solid&#8221; border_position=&#8221;all&#8221; spacing=&#8221;yes&#8221; background_image=&#8221;&#8221; background_repeat=&#8221;no-repeat&#8221; padding_top=&#8221;&#8221; padding_right=&#8221;&#8221; padding_bottom=&#8221;&#8221; padding_left=&#8221;&#8221; margin_top=&#8221;0px&#8221; margin_bottom=&#8221;0px&#8221; class=&#8221;&#8221; id=&#8221;&#8221; animation_type=&#8221;&#8221; animation_speed=&#8221;0.3&#8243; animation_direction=&#8221;left&#8221; hide_on_mobile=&#8221;small-visibility,medium-visibility,large-visibility&#8221; center_content=&#8221;no&#8221; last=&#8221;no&#8221; min_height=&#8221;&#8221; hover_type=&#8221;none&#8221; link=&#8221;&#8221;][fusion_text] REDACCI\u00d3N \u25cf Este s\u00e1bado 13 de agosto se inaugurar\u00e1 la exposici\u00f3n \u201cRobots, aliens y luchadores. Ciencia ficci\u00f3n y cine B en M\u00e9xico\u201d, una serie de 10 pel\u00edculas ic\u00f3nicas del g\u00e9nero. \u25cf El recinto de arte funerario tambi\u00e9n presentar\u00e1 proyecciones, charlas [&hellip;]<\/p>\n","protected":false},"author":1,"featured_media":45843,"comment_status":"open","ping_status":"open","sticky":false,"template":"","format":"standard","meta":{"footnotes":""},"categories":[3,9],"tags":[],"_links":{"self":[{"href":"https:\/\/www.bitacoracdmx.com\/index.php?rest_route=\/wp\/v2\/posts\/45842"}],"collection":[{"href":"https:\/\/www.bitacoracdmx.com\/index.php?rest_route=\/wp\/v2\/posts"}],"about":[{"href":"https:\/\/www.bitacoracdmx.com\/index.php?rest_route=\/wp\/v2\/types\/post"}],"author":[{"embeddable":true,"href":"https:\/\/www.bitacoracdmx.com\/index.php?rest_route=\/wp\/v2\/users\/1"}],"replies":[{"embeddable":true,"href":"https:\/\/www.bitacoracdmx.com\/index.php?rest_route=%2Fwp%2Fv2%2Fcomments&post=45842"}],"version-history":[{"count":1,"href":"https:\/\/www.bitacoracdmx.com\/index.php?rest_route=\/wp\/v2\/posts\/45842\/revisions"}],"predecessor-version":[{"id":45844,"href":"https:\/\/www.bitacoracdmx.com\/index.php?rest_route=\/wp\/v2\/posts\/45842\/revisions\/45844"}],"wp:featuredmedia":[{"embeddable":true,"href":"https:\/\/www.bitacoracdmx.com\/index.php?rest_route=\/wp\/v2\/media\/45843"}],"wp:attachment":[{"href":"https:\/\/www.bitacoracdmx.com\/index.php?rest_route=%2Fwp%2Fv2%2Fmedia&parent=45842"}],"wp:term":[{"taxonomy":"category","embeddable":true,"href":"https:\/\/www.bitacoracdmx.com\/index.php?rest_route=%2Fwp%2Fv2%2Fcategories&post=45842"},{"taxonomy":"post_tag","embeddable":true,"href":"https:\/\/www.bitacoracdmx.com\/index.php?rest_route=%2Fwp%2Fv2%2Ftags&post=45842"}],"curies":[{"name":"wp","href":"https:\/\/api.w.org\/{rel}","templated":true}]}}