{"id":45845,"date":"2022-08-11T03:47:04","date_gmt":"2022-08-11T03:47:04","guid":{"rendered":"https:\/\/www.bitacoracdmx.com\/?p=45845"},"modified":"2022-08-11T03:47:04","modified_gmt":"2022-08-11T03:47:04","slug":"primer-playoff-el-aguila-de-veracruz-vs-diablos-rojos-del-mexico","status":"publish","type":"post","link":"https:\/\/www.bitacoracdmx.com\/?p=45845","title":{"rendered":"Primer Playoff: EL \u00c1GUILA DE VERACRUZ VS DIABLOS ROJOS DEL M\u00c9XICO"},"content":{"rendered":"<p>[fusion_builder_container hundred_percent=&#8221;no&#8221; equal_height_columns=&#8221;no&#8221; menu_anchor=&#8221;&#8221; hide_on_mobile=&#8221;small-visibility,medium-visibility,large-visibility&#8221; class=&#8221;&#8221; id=&#8221;&#8221; background_color=&#8221;&#8221; background_image=&#8221;&#8221; background_position=&#8221;center center&#8221; background_repeat=&#8221;no-repeat&#8221; fade=&#8221;no&#8221; background_parallax=&#8221;none&#8221; parallax_speed=&#8221;0.3&#8243; video_mp4=&#8221;&#8221; video_webm=&#8221;&#8221; video_ogv=&#8221;&#8221; video_url=&#8221;&#8221; video_aspect_ratio=&#8221;16:9&#8243; video_loop=&#8221;yes&#8221; video_mute=&#8221;yes&#8221; overlay_color=&#8221;&#8221; video_preview_image=&#8221;&#8221; border_size=&#8221;&#8221; border_color=&#8221;&#8221; border_style=&#8221;solid&#8221; padding_top=&#8221;&#8221; padding_bottom=&#8221;&#8221; padding_left=&#8221;&#8221; padding_right=&#8221;&#8221;][fusion_builder_row][fusion_builder_column type=&#8221;1_1&#8243; layout=&#8221;1_1&#8243; background_position=&#8221;left top&#8221; background_color=&#8221;&#8221; border_size=&#8221;&#8221; border_color=&#8221;&#8221; border_style=&#8221;solid&#8221; border_position=&#8221;all&#8221; spacing=&#8221;yes&#8221; background_image=&#8221;&#8221; background_repeat=&#8221;no-repeat&#8221; padding_top=&#8221;&#8221; padding_right=&#8221;&#8221; padding_bottom=&#8221;&#8221; padding_left=&#8221;&#8221; margin_top=&#8221;0px&#8221; margin_bottom=&#8221;0px&#8221; class=&#8221;&#8221; id=&#8221;&#8221; animation_type=&#8221;&#8221; animation_speed=&#8221;0.3&#8243; animation_direction=&#8221;left&#8221; hide_on_mobile=&#8221;small-visibility,medium-visibility,large-visibility&#8221; center_content=&#8221;no&#8221; last=&#8221;no&#8221; min_height=&#8221;&#8221; hover_type=&#8221;none&#8221; link=&#8221;&#8221;][fusion_text]<\/p>\n<p>REDACCI\u00d3N<\/p>\n<div>Los Diablos Rojos del M\u00e9xico iniciar\u00e1n este mi\u00e9rcoles su participaci\u00f3n #45 en la historia en los playoffs de la Liga Mexicana de Beisbol, cuando sean anfitriones de El \u00c1guila de Veracruz.<\/div>\n<div aria-hidden=\"true\"><\/div>\n<div>La \u2018Pandilla Escarlata\u2019 termin\u00f3 la campa\u00f1a regular con un r\u00e9cord de 50-34, con lo que se qued\u00f3 con el primer lugar de la Zona Sur por tercera campa\u00f1a consecutiva, asegurando tener la ventaja de local\u00eda para toda la postemporada.<\/div>\n<div aria-hidden=\"true\"><\/div>\n<div>\u201cMe siento muy orgulloso de la manera en que las cosas han pasado a trav\u00e9s de la temporada, ellos (los jugadores) tambi\u00e9n se sienten de esa manera\u201d, explic\u00f3 el manager de los capitalinos, Juan Gabriel Castro. \u201cPara nosotros empieza otra etapa, mucho m\u00e1s importante todav\u00eda, y vamos con toda la carne al asador para enfrentar esta etapa\u201d.<\/div>\n<div aria-hidden=\"true\"><\/div>\n<div>El camino en el Primer Playoff inicia frente a El \u00c1guila, sembrado #6 del pelot\u00f3n con marca de 41-48, a 11.5 juegos de distancia de Diablos. Durante la temporada, estas novenas se vieron las caras en seis veces, con un balance de 5-1 a favor de los Diablos.<\/div>\n<div aria-hidden=\"true\"><\/div>\n<div><strong>SERIE ANUAL<\/strong><\/div>\n<div>22\/Julio: Veracruz 8-13 M\u00e9xico<\/div>\n<div>23\/Julio: Veracruz 4-6 M\u00e9xico<\/div>\n<div>24\/Julio: Veracruz 6-11 M\u00e9xico<\/div>\n<div>29\/Julio: M\u00e9xico 12-0 Veracruz<\/div>\n<div>30\/Julio: M\u00e9xico 8-1 Veracruz<\/div>\n<div>31\/Julio: M\u00e9xico 3-6 Veracruz<\/div>\n<div aria-hidden=\"true\"><\/div>\n<div>Esta es la quinta campa\u00f1a al hilo en que los Diablos Rojos avanzan a los playoffs, y desde que la Liga Mexicana instaur\u00f3 los playoffs en la campa\u00f1a de 1973, los capitalino est\u00e1n llegando a su participaci\u00f3n n\u00famero 45.<\/div>\n<div aria-hidden=\"true\"><\/div>\n<div>\u201cRecuerdo bien lo que dijimos en la conferencia de presentaci\u00f3n y la verdad fue una temporada en la que hubo cosas buena y no tan buenas pero lo m\u00e1s importante es la manera en que los muchachos no han bajado la cara. Estuvimos en situaciones muy dif\u00edciles, incluso en \u00faltimo lugar pero no dejamos de trabajar y al final obtuvimos la recompensa\u201d.<\/div>\n<div aria-hidden=\"true\"><\/div>\n<div>El manejador de los pingos anunci\u00f3 que los abridores probables para los dos primeros juegos de la serie son el dominicano Henry Sosa para el mi\u00e9rcoles, mientras que Bernardo Flores estar\u00e1 en el centro del diamante para el choque del jueves.<\/div>\n<div aria-hidden=\"true\"><\/div>\n<div>Para la postemporada, todos los encuentros que se realizar\u00e1n son a nueve entradas, y en el caso de los juegos de local, los duelos en el Estadio Alfredo Harp Hel\u00fa a media semana comenzar\u00e1n a las 19 horas.<\/div>\n<p>[\/fusion_text][fusion_imageframe image_id=&#8221;45847|medium&#8221; max_width=&#8221;&#8221; style_type=&#8221;&#8221; blur=&#8221;&#8221; stylecolor=&#8221;&#8221; hover_type=&#8221;none&#8221; bordersize=&#8221;&#8221; bordercolor=&#8221;&#8221; borderradius=&#8221;&#8221; align=&#8221;none&#8221; lightbox=&#8221;no&#8221; gallery_id=&#8221;&#8221; lightbox_image=&#8221;&#8221; lightbox_image_id=&#8221;&#8221; alt=&#8221;&#8221; link=&#8221;&#8221; linktarget=&#8221;_self&#8221; hide_on_mobile=&#8221;small-visibility,medium-visibility,large-visibility&#8221; class=&#8221;&#8221; id=&#8221;&#8221; animation_type=&#8221;&#8221; animation_direction=&#8221;left&#8221; animation_speed=&#8221;0.3&#8243; animation_offset=&#8221;&#8221;]https:\/\/www.bitacoracdmx.com\/wp-content\/uploads\/2022\/08\/JUAN-CASTRO-CONFERENCIA-PREVIA-PLAYOFFS-1-300&#215;200.jpg[\/fusion_imageframe][\/fusion_builder_column][\/fusion_builder_row][\/fusion_builder_container]<\/p>\n","protected":false},"excerpt":{"rendered":"<p>[fusion_builder_container hundred_percent=&#8221;no&#8221; equal_height_columns=&#8221;no&#8221; menu_anchor=&#8221;&#8221; hide_on_mobile=&#8221;small-visibility,medium-visibility,large-visibility&#8221; class=&#8221;&#8221; id=&#8221;&#8221; background_color=&#8221;&#8221; background_image=&#8221;&#8221; background_position=&#8221;center center&#8221; background_repeat=&#8221;no-repeat&#8221; fade=&#8221;no&#8221; background_parallax=&#8221;none&#8221; parallax_speed=&#8221;0.3&#8243; video_mp4=&#8221;&#8221; video_webm=&#8221;&#8221; video_ogv=&#8221;&#8221; video_url=&#8221;&#8221; video_aspect_ratio=&#8221;16:9&#8243; video_loop=&#8221;yes&#8221; video_mute=&#8221;yes&#8221; overlay_color=&#8221;&#8221; video_preview_image=&#8221;&#8221; border_size=&#8221;&#8221; border_color=&#8221;&#8221; border_style=&#8221;solid&#8221; padding_top=&#8221;&#8221; padding_bottom=&#8221;&#8221; padding_left=&#8221;&#8221; padding_right=&#8221;&#8221;][fusion_builder_row][fusion_builder_column type=&#8221;1_1&#8243; layout=&#8221;1_1&#8243; background_position=&#8221;left top&#8221; background_color=&#8221;&#8221; border_size=&#8221;&#8221; border_color=&#8221;&#8221; border_style=&#8221;solid&#8221; border_position=&#8221;all&#8221; spacing=&#8221;yes&#8221; background_image=&#8221;&#8221; background_repeat=&#8221;no-repeat&#8221; padding_top=&#8221;&#8221; padding_right=&#8221;&#8221; padding_bottom=&#8221;&#8221; padding_left=&#8221;&#8221; margin_top=&#8221;0px&#8221; margin_bottom=&#8221;0px&#8221; class=&#8221;&#8221; id=&#8221;&#8221; animation_type=&#8221;&#8221; animation_speed=&#8221;0.3&#8243; animation_direction=&#8221;left&#8221; hide_on_mobile=&#8221;small-visibility,medium-visibility,large-visibility&#8221; center_content=&#8221;no&#8221; last=&#8221;no&#8221; min_height=&#8221;&#8221; hover_type=&#8221;none&#8221; link=&#8221;&#8221;][fusion_text] REDACCI\u00d3N Los Diablos Rojos del M\u00e9xico iniciar\u00e1n este mi\u00e9rcoles su participaci\u00f3n #45 en la historia en los playoffs de la Liga Mexicana de Beisbol, cuando sean anfitriones de El \u00c1guila de Veracruz. La \u2018Pandilla Escarlata\u2019 termin\u00f3 la campa\u00f1a regular con [&hellip;]<\/p>\n","protected":false},"author":1,"featured_media":45847,"comment_status":"open","ping_status":"open","sticky":false,"template":"","format":"standard","meta":{"footnotes":""},"categories":[6,9],"tags":[],"_links":{"self":[{"href":"https:\/\/www.bitacoracdmx.com\/index.php?rest_route=\/wp\/v2\/posts\/45845"}],"collection":[{"href":"https:\/\/www.bitacoracdmx.com\/index.php?rest_route=\/wp\/v2\/posts"}],"about":[{"href":"https:\/\/www.bitacoracdmx.com\/index.php?rest_route=\/wp\/v2\/types\/post"}],"author":[{"embeddable":true,"href":"https:\/\/www.bitacoracdmx.com\/index.php?rest_route=\/wp\/v2\/users\/1"}],"replies":[{"embeddable":true,"href":"https:\/\/www.bitacoracdmx.com\/index.php?rest_route=%2Fwp%2Fv2%2Fcomments&post=45845"}],"version-history":[{"count":1,"href":"https:\/\/www.bitacoracdmx.com\/index.php?rest_route=\/wp\/v2\/posts\/45845\/revisions"}],"predecessor-version":[{"id":45848,"href":"https:\/\/www.bitacoracdmx.com\/index.php?rest_route=\/wp\/v2\/posts\/45845\/revisions\/45848"}],"wp:featuredmedia":[{"embeddable":true,"href":"https:\/\/www.bitacoracdmx.com\/index.php?rest_route=\/wp\/v2\/media\/45847"}],"wp:attachment":[{"href":"https:\/\/www.bitacoracdmx.com\/index.php?rest_route=%2Fwp%2Fv2%2Fmedia&parent=45845"}],"wp:term":[{"taxonomy":"category","embeddable":true,"href":"https:\/\/www.bitacoracdmx.com\/index.php?rest_route=%2Fwp%2Fv2%2Fcategories&post=45845"},{"taxonomy":"post_tag","embeddable":true,"href":"https:\/\/www.bitacoracdmx.com\/index.php?rest_route=%2Fwp%2Fv2%2Ftags&post=45845"}],"curies":[{"name":"wp","href":"https:\/\/api.w.org\/{rel}","templated":true}]}}