{"id":45849,"date":"2022-08-11T03:53:37","date_gmt":"2022-08-11T03:53:37","guid":{"rendered":"https:\/\/www.bitacoracdmx.com\/?p=45849"},"modified":"2022-08-11T03:53:37","modified_gmt":"2022-08-11T03:53:37","slug":"jovenes-creadores-de-procinecdmx-participaran-en-la-residencia-huellas-verdes-en-los-pinos","status":"publish","type":"post","link":"https:\/\/www.bitacoracdmx.com\/?p=45849","title":{"rendered":"J\u00f3venes creadores de PROCINECDMX participar\u00e1n en la residencia \u201cHUELLAS VERDES\u201d en los Pinos"},"content":{"rendered":"<p>[fusion_builder_container hundred_percent=&#8221;no&#8221; equal_height_columns=&#8221;no&#8221; menu_anchor=&#8221;&#8221; hide_on_mobile=&#8221;small-visibility,medium-visibility,large-visibility&#8221; class=&#8221;&#8221; id=&#8221;&#8221; background_color=&#8221;&#8221; background_image=&#8221;&#8221; background_position=&#8221;center center&#8221; background_repeat=&#8221;no-repeat&#8221; fade=&#8221;no&#8221; background_parallax=&#8221;none&#8221; parallax_speed=&#8221;0.3&#8243; video_mp4=&#8221;&#8221; video_webm=&#8221;&#8221; video_ogv=&#8221;&#8221; video_url=&#8221;&#8221; video_aspect_ratio=&#8221;16:9&#8243; video_loop=&#8221;yes&#8221; video_mute=&#8221;yes&#8221; overlay_color=&#8221;&#8221; video_preview_image=&#8221;&#8221; border_size=&#8221;&#8221; border_color=&#8221;&#8221; border_style=&#8221;solid&#8221; padding_top=&#8221;&#8221; padding_bottom=&#8221;&#8221; padding_left=&#8221;&#8221; padding_right=&#8221;&#8221;][fusion_builder_row][fusion_builder_column type=&#8221;1_1&#8243; layout=&#8221;1_1&#8243; background_position=&#8221;left top&#8221; background_color=&#8221;&#8221; border_size=&#8221;&#8221; border_color=&#8221;&#8221; border_style=&#8221;solid&#8221; border_position=&#8221;all&#8221; spacing=&#8221;yes&#8221; background_image=&#8221;&#8221; background_repeat=&#8221;no-repeat&#8221; padding_top=&#8221;&#8221; padding_right=&#8221;&#8221; padding_bottom=&#8221;&#8221; padding_left=&#8221;&#8221; margin_top=&#8221;0px&#8221; margin_bottom=&#8221;0px&#8221; class=&#8221;&#8221; id=&#8221;&#8221; animation_type=&#8221;&#8221; animation_speed=&#8221;0.3&#8243; animation_direction=&#8221;left&#8221; hide_on_mobile=&#8221;small-visibility,medium-visibility,large-visibility&#8221; center_content=&#8221;no&#8221; last=&#8221;no&#8221; min_height=&#8221;&#8221; hover_type=&#8221;none&#8221; link=&#8221;&#8221;][fusion_text]<\/p>\n<p>REDACCI\u00d3N<\/p>\n<div class=\"cxmmr5t8 oygrvhab hcukyx3x c1et5uql o9v6fnle ii04i59q\">\n<div dir=\"auto\">\u25cf Nueve j\u00f3venes del Ciclo de Formaci\u00f3n de Productores Audiovisuales Comunitarios, de PROCINECDMX, y 10 participantes de los Semilleros Creativos, se integrar\u00e1n por una semana a los 20 concursantes de la convocatoria Huellas Verdes.<\/div>\n<div dir=\"auto\"><\/div>\n<\/div>\n<div class=\"cxmmr5t8 oygrvhab hcukyx3x c1et5uql o9v6fnle ii04i59q\">\n<div dir=\"auto\">\u25cf La residencia tendr\u00e1 lugar en el Complejo Cultural Los Pinos, donde los creadores recibir\u00e1n asesor\u00edas, talleres, mesas de trabajo y charlas enfocadas a la producci\u00f3n cinematogr\u00e1fica con mejores pr\u00e1cticas para reducir el impacto ambiental.<\/div>\n<div dir=\"auto\"><\/div>\n<\/div>\n<div class=\"cxmmr5t8 oygrvhab hcukyx3x c1et5uql o9v6fnle ii04i59q\">\n<div dir=\"auto\">Nueve j\u00f3venes integrantes del Ciclo de Formaci\u00f3n de Productores Audiovisuales Comunitarios, programa del Fideicomiso para la Promoci\u00f3n y Desarrollo del Cine Mexicano en la Ciudad de M\u00e9xico (PROCINECdMx), adscrito a la Secretar\u00eda de Cultura de la Ciudad de M\u00e9xico, participar\u00e1n en la segunda etapa de la convocatoria Huellas Verdes, que inici\u00f3 este lunes 8 de agosto en el Complejo Cultural Los Pinos.<\/div>\n<div dir=\"auto\"><\/div>\n<\/div>\n<div class=\"cxmmr5t8 oygrvhab hcukyx3x c1et5uql o9v6fnle ii04i59q\">\n<div dir=\"auto\">La convocatoria Huellas Verdes es un concurso de creaci\u00f3n de cortometrajes con mejores pr\u00e1cticas para reducir su impacto ambiental, emitida por la Secretar\u00eda de Cultura del Gobierno de M\u00e9xico a trav\u00e9s del Centro de Capacitaci\u00f3n Cinematogr\u00e1fica A.C. (CCC), como parte del proyecto prioritario Chapultepec, Naturaleza y Cultura.<\/div>\n<\/div>\n<div class=\"cxmmr5t8 oygrvhab hcukyx3x c1et5uql o9v6fnle ii04i59q\">\n<div dir=\"auto\"><\/div>\n<div dir=\"auto\">Para este concurso fueron elegidas 20 personas dedicadas a la creaci\u00f3n cinematogr\u00e1fica, provenientes de 17 entidades del pa\u00eds, quienes en un primer momento recibieron asesor\u00edas en l\u00ednea para la realizaci\u00f3n de sus guiones. Dichos participantes se integrar\u00e1n, durante la primera semana de la residencia en el Complejo Cultural Los Pinos, a otros nueve elegidos por el Ciclo de Formaci\u00f3n de Productores Audiovisuales Comunitarios de PROCINECdMx; y a este conjunto se sumar\u00e1n tambi\u00e9n 10 integrantes de los Semilleros Creativos del programa Cultura Comunitaria de la Secretar\u00eda de Cultura del Gobierno de M\u00e9xico.<\/div>\n<\/div>\n<div class=\"cxmmr5t8 oygrvhab hcukyx3x c1et5uql o9v6fnle ii04i59q\">\n<div dir=\"auto\"><\/div>\n<div dir=\"auto\">Las actividades de formaci\u00f3n en la residencia ser\u00e1n talleres, asesor\u00edas, mesas de trabajo y charlas destinadas a la creaci\u00f3n de una carpeta de preproducci\u00f3n que tome en cuenta mejores pr\u00e1cticas para reducir el impacto ambiental de los proyectos.<\/div>\n<\/div>\n<div class=\"cxmmr5t8 oygrvhab hcukyx3x c1et5uql o9v6fnle ii04i59q\">\n<div dir=\"auto\"><\/div>\n<div dir=\"auto\">Durante el arranque del evento, el director del CCC, Alfredo Loaeza, felicit\u00f3 a los seleccionados y destac\u00f3 el gran desaf\u00edo que conlleva realizar una convocatoria con representaci\u00f3n de todas las regiones del pa\u00eds, as\u00ed como el enfoque sustentable, las pr\u00e1cticas formativas actualizadas y el aprovechamiento de espacios p\u00fablicos con la finalidad de concretar proyectos f\u00edlmicos.<\/div>\n<\/div>\n<div class=\"cxmmr5t8 oygrvhab hcukyx3x c1et5uql o9v6fnle ii04i59q\">\n<div dir=\"auto\"><\/div>\n<div dir=\"auto\">Por su parte, Cristi\u00e1n Cal\u00f3nico, titular de PROCINECdMx, agradeci\u00f3 a las instituciones organizadoras el brindar nueve espacios a las y los j\u00f3venes del Ciclo de Formaci\u00f3n de Productores Audiovisuales Comunitarios, quienes no pueden acceder a una educaci\u00f3n superior de cine, brind\u00e1ndoles la oportunidad de capacitarse e insertarse en el medio laboral cinematogr\u00e1fico.<\/div>\n<\/div>\n<div class=\"cxmmr5t8 oygrvhab hcukyx3x c1et5uql o9v6fnle ii04i59q\">\n<div dir=\"auto\"><\/div>\n<div dir=\"auto\">Asimismo, puntualiz\u00f3 que de los nueve proyectos que resulten, dos ser\u00e1n seleccionados y recibir\u00e1n un apoyo de cien mil pesos para la realizaci\u00f3n de sus cortometrajes, que esperan ser presentados en el mes de diciembre en el Bosque de Chapultepec junto a los otros cinco proyectos finalistas de la convocatoria Huellas Verdes.<\/div>\n<\/div>\n<div class=\"cxmmr5t8 oygrvhab hcukyx3x c1et5uql o9v6fnle ii04i59q\">\n<div dir=\"auto\"><\/div>\n<div dir=\"auto\">Las actividades de la Secretar\u00eda de Cultura de la Ciudad de M\u00e9xico se pueden conocer en su p\u00e1gina oficial (<a class=\"oajrlxb2 g5ia77u1 qu0x051f esr5mh6w e9989ue4 r7d6kgcz rq0escxv nhd2j8a9 nc684nl6 p7hjln8o kvgmc6g5 cxmmr5t8 oygrvhab hcukyx3x jb3vyjys rz4wbd8a qt6c0cv9 a8nywdso i1ao9s8h esuyzwwr f1sip0of lzcic4wl gpro0wi8 py34i1dx\" tabindex=\"0\" role=\"link\" href=\"https:\/\/l.facebook.com\/l.php?u=https%3A%2F%2Fcultura.cdmx.gob.mx%2F%3Ffbclid%3DIwAR2sb9V8hKcbOQ5jBeivaGybEXjvjOHWtgFyTnNYv5yIEHlWZKbpp4xrt1s&amp;h=AT1dewg8-To0q6WtHhBFVS-bRMN83qSf6_soQ_CkwplYz5aLKCuvXPHj8KBnEQAOVmnnrJAHuT6vohenCCQyjXSPUhc3r2nEIejL3mnf2uUHWZup_KjPBJ_n600schaG-CCJF2vW8gKqnW7FXwR7&amp;__tn__=-UK-R&amp;c[0]=AT0qamfNvpCck8wc-8M3IEmtxzDetijOVILxKAlOpEas3gR7pbtXH5SqASIdn5IBNJM1EUwCWP4z5K_C9N0plO67kyvNIKH178jiiz-GcDspOd0s3a5Te9IeveY--dyYpqUdiEzFESVbv1-Gi6LGfI5xgpxfQfBnRnfd99jRiRviROuV35wGqIu3Jzp2FFDQ9DV0_04sXJdEKZwfvxcQ9e0Y9GsaDvLioJU\" target=\"_blank\" rel=\"nofollow noopener noreferrer\">https:\/\/cultura.cdmx.gob.mx\/<\/a>), en la Cartelera Cultural de la Ciudad de M\u00e9xico y a trav\u00e9s de sus redes sociales: Facebook, Twitter, Instagram y YouTube.<\/div>\n<\/div>\n<p>[\/fusion_text][fusion_imageframe image_id=&#8221;45850|medium&#8221; max_width=&#8221;&#8221; style_type=&#8221;&#8221; blur=&#8221;&#8221; stylecolor=&#8221;&#8221; hover_type=&#8221;none&#8221; bordersize=&#8221;&#8221; bordercolor=&#8221;&#8221; borderradius=&#8221;&#8221; align=&#8221;none&#8221; lightbox=&#8221;no&#8221; gallery_id=&#8221;&#8221; lightbox_image=&#8221;&#8221; lightbox_image_id=&#8221;&#8221; alt=&#8221;&#8221; link=&#8221;&#8221; linktarget=&#8221;_self&#8221; hide_on_mobile=&#8221;small-visibility,medium-visibility,large-visibility&#8221; class=&#8221;&#8221; id=&#8221;&#8221; animation_type=&#8221;&#8221; animation_direction=&#8221;left&#8221; animation_speed=&#8221;0.3&#8243; animation_offset=&#8221;&#8221;]https:\/\/www.bitacoracdmx.com\/wp-content\/uploads\/2022\/08\/298988200_2216584385167593_4949326221048143568_n-1-300&#215;220.jpg[\/fusion_imageframe][\/fusion_builder_column][\/fusion_builder_row][\/fusion_builder_container]<\/p>\n","protected":false},"excerpt":{"rendered":"<p>[fusion_builder_container hundred_percent=&#8221;no&#8221; equal_height_columns=&#8221;no&#8221; menu_anchor=&#8221;&#8221; hide_on_mobile=&#8221;small-visibility,medium-visibility,large-visibility&#8221; class=&#8221;&#8221; id=&#8221;&#8221; background_color=&#8221;&#8221; background_image=&#8221;&#8221; background_position=&#8221;center center&#8221; background_repeat=&#8221;no-repeat&#8221; fade=&#8221;no&#8221; background_parallax=&#8221;none&#8221; parallax_speed=&#8221;0.3&#8243; video_mp4=&#8221;&#8221; video_webm=&#8221;&#8221; video_ogv=&#8221;&#8221; video_url=&#8221;&#8221; video_aspect_ratio=&#8221;16:9&#8243; video_loop=&#8221;yes&#8221; video_mute=&#8221;yes&#8221; overlay_color=&#8221;&#8221; video_preview_image=&#8221;&#8221; border_size=&#8221;&#8221; border_color=&#8221;&#8221; border_style=&#8221;solid&#8221; padding_top=&#8221;&#8221; padding_bottom=&#8221;&#8221; padding_left=&#8221;&#8221; padding_right=&#8221;&#8221;][fusion_builder_row][fusion_builder_column type=&#8221;1_1&#8243; layout=&#8221;1_1&#8243; background_position=&#8221;left top&#8221; background_color=&#8221;&#8221; border_size=&#8221;&#8221; border_color=&#8221;&#8221; border_style=&#8221;solid&#8221; border_position=&#8221;all&#8221; spacing=&#8221;yes&#8221; background_image=&#8221;&#8221; background_repeat=&#8221;no-repeat&#8221; padding_top=&#8221;&#8221; padding_right=&#8221;&#8221; padding_bottom=&#8221;&#8221; padding_left=&#8221;&#8221; margin_top=&#8221;0px&#8221; margin_bottom=&#8221;0px&#8221; class=&#8221;&#8221; id=&#8221;&#8221; animation_type=&#8221;&#8221; animation_speed=&#8221;0.3&#8243; animation_direction=&#8221;left&#8221; hide_on_mobile=&#8221;small-visibility,medium-visibility,large-visibility&#8221; center_content=&#8221;no&#8221; last=&#8221;no&#8221; min_height=&#8221;&#8221; hover_type=&#8221;none&#8221; link=&#8221;&#8221;][fusion_text] REDACCI\u00d3N \u25cf Nueve j\u00f3venes del Ciclo de Formaci\u00f3n de Productores Audiovisuales Comunitarios, de PROCINECDMX, y 10 participantes de los Semilleros Creativos, se integrar\u00e1n por una semana a los 20 concursantes de la convocatoria Huellas Verdes. \u25cf La residencia tendr\u00e1 lugar [&hellip;]<\/p>\n","protected":false},"author":1,"featured_media":45850,"comment_status":"open","ping_status":"open","sticky":false,"template":"","format":"standard","meta":{"footnotes":""},"categories":[3,9],"tags":[],"_links":{"self":[{"href":"https:\/\/www.bitacoracdmx.com\/index.php?rest_route=\/wp\/v2\/posts\/45849"}],"collection":[{"href":"https:\/\/www.bitacoracdmx.com\/index.php?rest_route=\/wp\/v2\/posts"}],"about":[{"href":"https:\/\/www.bitacoracdmx.com\/index.php?rest_route=\/wp\/v2\/types\/post"}],"author":[{"embeddable":true,"href":"https:\/\/www.bitacoracdmx.com\/index.php?rest_route=\/wp\/v2\/users\/1"}],"replies":[{"embeddable":true,"href":"https:\/\/www.bitacoracdmx.com\/index.php?rest_route=%2Fwp%2Fv2%2Fcomments&post=45849"}],"version-history":[{"count":1,"href":"https:\/\/www.bitacoracdmx.com\/index.php?rest_route=\/wp\/v2\/posts\/45849\/revisions"}],"predecessor-version":[{"id":45851,"href":"https:\/\/www.bitacoracdmx.com\/index.php?rest_route=\/wp\/v2\/posts\/45849\/revisions\/45851"}],"wp:featuredmedia":[{"embeddable":true,"href":"https:\/\/www.bitacoracdmx.com\/index.php?rest_route=\/wp\/v2\/media\/45850"}],"wp:attachment":[{"href":"https:\/\/www.bitacoracdmx.com\/index.php?rest_route=%2Fwp%2Fv2%2Fmedia&parent=45849"}],"wp:term":[{"taxonomy":"category","embeddable":true,"href":"https:\/\/www.bitacoracdmx.com\/index.php?rest_route=%2Fwp%2Fv2%2Fcategories&post=45849"},{"taxonomy":"post_tag","embeddable":true,"href":"https:\/\/www.bitacoracdmx.com\/index.php?rest_route=%2Fwp%2Fv2%2Ftags&post=45849"}],"curies":[{"name":"wp","href":"https:\/\/api.w.org\/{rel}","templated":true}]}}