{"id":45852,"date":"2022-08-11T04:02:42","date_gmt":"2022-08-11T04:02:42","guid":{"rendered":"https:\/\/www.bitacoracdmx.com\/?p=45852"},"modified":"2022-08-11T04:02:42","modified_gmt":"2022-08-11T04:02:42","slug":"canacine-puebla-y-set-firman-convenio","status":"publish","type":"post","link":"https:\/\/www.bitacoracdmx.com\/?p=45852","title":{"rendered":"Canacine Puebla y SET firman convenio*"},"content":{"rendered":"<p>[fusion_builder_container hundred_percent=&#8221;no&#8221; equal_height_columns=&#8221;no&#8221; menu_anchor=&#8221;&#8221; hide_on_mobile=&#8221;small-visibility,medium-visibility,large-visibility&#8221; class=&#8221;&#8221; id=&#8221;&#8221; background_color=&#8221;&#8221; background_image=&#8221;&#8221; background_position=&#8221;center center&#8221; background_repeat=&#8221;no-repeat&#8221; fade=&#8221;no&#8221; background_parallax=&#8221;none&#8221; parallax_speed=&#8221;0.3&#8243; video_mp4=&#8221;&#8221; video_webm=&#8221;&#8221; video_ogv=&#8221;&#8221; video_url=&#8221;&#8221; video_aspect_ratio=&#8221;16:9&#8243; video_loop=&#8221;yes&#8221; video_mute=&#8221;yes&#8221; overlay_color=&#8221;&#8221; video_preview_image=&#8221;&#8221; border_size=&#8221;&#8221; border_color=&#8221;&#8221; border_style=&#8221;solid&#8221; padding_top=&#8221;&#8221; padding_bottom=&#8221;&#8221; padding_left=&#8221;&#8221; padding_right=&#8221;&#8221;][fusion_builder_row][fusion_builder_column type=&#8221;1_1&#8243; layout=&#8221;1_1&#8243; background_position=&#8221;left top&#8221; background_color=&#8221;&#8221; border_size=&#8221;&#8221; border_color=&#8221;&#8221; border_style=&#8221;solid&#8221; border_position=&#8221;all&#8221; spacing=&#8221;yes&#8221; background_image=&#8221;&#8221; background_repeat=&#8221;no-repeat&#8221; padding_top=&#8221;&#8221; padding_right=&#8221;&#8221; padding_bottom=&#8221;&#8221; padding_left=&#8221;&#8221; margin_top=&#8221;0px&#8221; margin_bottom=&#8221;0px&#8221; class=&#8221;&#8221; id=&#8221;&#8221; animation_type=&#8221;&#8221; animation_speed=&#8221;0.3&#8243; animation_direction=&#8221;left&#8221; hide_on_mobile=&#8221;small-visibility,medium-visibility,large-visibility&#8221; center_content=&#8221;no&#8221; last=&#8221;no&#8221; min_height=&#8221;&#8221; hover_type=&#8221;none&#8221; link=&#8221;&#8221;][fusion_text]<\/p>\n<p>REDACCI\u00d3N<\/p>\n<div class=\"cxmmr5t8 oygrvhab hcukyx3x c1et5uql o9v6fnle ii04i59q\">\n<div dir=\"auto\">\u2022 *Fernando S\u00e1nchez Mejorada y Arturo Tay encabezaron la ceremonia*<\/div>\n<div dir=\"auto\"><\/div>\n<div dir=\"auto\">\u2022 *Permitir\u00e1 que ambos organismos fomenten la producci\u00f3n audiovisual en el estado*<\/div>\n<div dir=\"auto\"><\/div>\n<div dir=\"auto\">\u2022 *Las productoras agremiadas podr\u00e1n crear nuevos contenidos y tener exposici\u00f3n en TV*<\/div>\n<div dir=\"auto\"><\/div>\n<\/div>\n<div class=\"cxmmr5t8 oygrvhab hcukyx3x c1et5uql o9v6fnle ii04i59q\">\n<div dir=\"auto\">*GP Gerencia de prensa y Producci\u00f3n ejecutiva. CDMX*.- Para fomentar espacios, crear p\u00fablicos, promover proyectos y crear un v\u00ednculo entre los agremiados a la *C\u00e1mara Nacional de Cinematograf\u00eda, Delegaci\u00f3n Puebla* y la *Red de Televisi\u00f3n y Radio Cultural del Estado*, este mi\u00e9rcoles 10 de agosto, en Puebla Capital se firm\u00f3 un acuerdo entre el Director General de SET, *Fernando S\u00e1nchez Mejorada*; y el Delegado de *Canacine Puebla*, *Arturo Tay*.<\/div>\n<\/div>\n<div class=\"cxmmr5t8 oygrvhab hcukyx3x c1et5uql o9v6fnle ii04i59q\">\n<div dir=\"auto\"><\/div>\n<div dir=\"auto\">La firma de convenio entre *Canacine Puebla* y *SET Sistema Estatal de Telecomunicaciones* permitir\u00e1 que ambos organismos fomenten la producci\u00f3n audiovisual en el estado, as\u00ed como la creaci\u00f3n de p\u00fablicos y fomentos culturales de cine filmado dentro del mismo.<\/div>\n<\/div>\n<div class=\"cxmmr5t8 oygrvhab hcukyx3x c1et5uql o9v6fnle ii04i59q\">\n<div dir=\"auto\"><\/div>\n<div dir=\"auto\">*Arturo Tay*, Delegado de *Canacine Puebla*, recalc\u00f3 la importancia de tener un espacio p\u00fablico para hablar de cultura cinematogr\u00e1fica y sobretodo del cine local.<\/div>\n<\/div>\n<div class=\"cxmmr5t8 oygrvhab hcukyx3x c1et5uql o9v6fnle ii04i59q\">\n<div dir=\"auto\"><\/div>\n<div dir=\"auto\">_&#8221;Creo que es importante hablar de los nuestro. Dicen que Nueva York es primer mundo, porque habla de Nueva York. Que Par\u00eds es primer mundo, porque habla de Par\u00eds. M\u00e9xico es tercer mundo, porque habla de Nueva York_.<\/div>\n<\/div>\n<div class=\"cxmmr5t8 oygrvhab hcukyx3x c1et5uql o9v6fnle ii04i59q\">\n<div dir=\"auto\"><\/div>\n<div dir=\"auto\">_\u201cPor eso, para m\u00ed es importante que tengamos un espacio p\u00fablico, para conocer el cine que se hace en todo el mundo y tambi\u00e9n dar a conocer de lo que hacemos aqu\u00ed. Es important\u00edsimo conocer ambos\u201d_, dijo.<\/div>\n<\/div>\n<div class=\"cxmmr5t8 oygrvhab hcukyx3x c1et5uql o9v6fnle ii04i59q\">\n<div dir=\"auto\"><\/div>\n<div dir=\"auto\">Por su parte, *Fernando S\u00e1nchez Mejorada*, Director General de *SET*, mostr\u00f3 tambi\u00e9n su entusiasmo en poder abrir un espacio al cine documental e ind\u00edgena que se est\u00e1 haciendo en todo el estado, as\u00ed como mostrar y difundir el trabajo de j\u00f3venes que buscan entrar a los medios audiovisuales.<\/div>\n<\/div>\n<div class=\"cxmmr5t8 oygrvhab hcukyx3x c1et5uql o9v6fnle ii04i59q\">\n<div dir=\"auto\"><\/div>\n<div dir=\"auto\">C\u00f3mo parte del convenio, las productoras agremiadas a la *C\u00e1mara Nacional de Cinematograf\u00eda* podr\u00e1n contar con oportunidades de crear nuevos contenidos y lograr una exposici\u00f3n televisiva.<\/div>\n<\/div>\n<p>[\/fusion_text][fusion_imageframe image_id=&#8221;45853|medium&#8221; max_width=&#8221;&#8221; style_type=&#8221;&#8221; blur=&#8221;&#8221; stylecolor=&#8221;&#8221; hover_type=&#8221;none&#8221; bordersize=&#8221;&#8221; bordercolor=&#8221;&#8221; borderradius=&#8221;&#8221; align=&#8221;none&#8221; lightbox=&#8221;no&#8221; gallery_id=&#8221;&#8221; lightbox_image=&#8221;&#8221; lightbox_image_id=&#8221;&#8221; alt=&#8221;&#8221; link=&#8221;&#8221; linktarget=&#8221;_self&#8221; hide_on_mobile=&#8221;small-visibility,medium-visibility,large-visibility&#8221; class=&#8221;&#8221; id=&#8221;&#8221; animation_type=&#8221;&#8221; animation_direction=&#8221;left&#8221; animation_speed=&#8221;0.3&#8243; animation_offset=&#8221;&#8221;]https:\/\/www.bitacoracdmx.com\/wp-content\/uploads\/2022\/08\/298370291_2216590125167019_2818296141709071378_n-300&#215;169.jpg[\/fusion_imageframe][\/fusion_builder_column][\/fusion_builder_row][\/fusion_builder_container]<\/p>\n","protected":false},"excerpt":{"rendered":"<p>[fusion_builder_container hundred_percent=&#8221;no&#8221; equal_height_columns=&#8221;no&#8221; menu_anchor=&#8221;&#8221; hide_on_mobile=&#8221;small-visibility,medium-visibility,large-visibility&#8221; class=&#8221;&#8221; id=&#8221;&#8221; background_color=&#8221;&#8221; background_image=&#8221;&#8221; background_position=&#8221;center center&#8221; background_repeat=&#8221;no-repeat&#8221; fade=&#8221;no&#8221; background_parallax=&#8221;none&#8221; parallax_speed=&#8221;0.3&#8243; video_mp4=&#8221;&#8221; video_webm=&#8221;&#8221; video_ogv=&#8221;&#8221; video_url=&#8221;&#8221; video_aspect_ratio=&#8221;16:9&#8243; video_loop=&#8221;yes&#8221; video_mute=&#8221;yes&#8221; overlay_color=&#8221;&#8221; video_preview_image=&#8221;&#8221; border_size=&#8221;&#8221; border_color=&#8221;&#8221; border_style=&#8221;solid&#8221; padding_top=&#8221;&#8221; padding_bottom=&#8221;&#8221; padding_left=&#8221;&#8221; padding_right=&#8221;&#8221;][fusion_builder_row][fusion_builder_column type=&#8221;1_1&#8243; layout=&#8221;1_1&#8243; background_position=&#8221;left top&#8221; background_color=&#8221;&#8221; border_size=&#8221;&#8221; border_color=&#8221;&#8221; border_style=&#8221;solid&#8221; border_position=&#8221;all&#8221; spacing=&#8221;yes&#8221; background_image=&#8221;&#8221; background_repeat=&#8221;no-repeat&#8221; padding_top=&#8221;&#8221; padding_right=&#8221;&#8221; padding_bottom=&#8221;&#8221; padding_left=&#8221;&#8221; margin_top=&#8221;0px&#8221; margin_bottom=&#8221;0px&#8221; class=&#8221;&#8221; id=&#8221;&#8221; animation_type=&#8221;&#8221; animation_speed=&#8221;0.3&#8243; animation_direction=&#8221;left&#8221; hide_on_mobile=&#8221;small-visibility,medium-visibility,large-visibility&#8221; center_content=&#8221;no&#8221; last=&#8221;no&#8221; min_height=&#8221;&#8221; hover_type=&#8221;none&#8221; link=&#8221;&#8221;][fusion_text] REDACCI\u00d3N \u2022 *Fernando S\u00e1nchez Mejorada y Arturo Tay encabezaron la ceremonia* \u2022 *Permitir\u00e1 que ambos organismos fomenten la producci\u00f3n audiovisual en el estado* \u2022 *Las productoras agremiadas podr\u00e1n crear nuevos contenidos y tener exposici\u00f3n en TV* *GP Gerencia de prensa [&hellip;]<\/p>\n","protected":false},"author":1,"featured_media":45853,"comment_status":"open","ping_status":"open","sticky":false,"template":"","format":"standard","meta":{"footnotes":""},"categories":[3,9],"tags":[],"_links":{"self":[{"href":"https:\/\/www.bitacoracdmx.com\/index.php?rest_route=\/wp\/v2\/posts\/45852"}],"collection":[{"href":"https:\/\/www.bitacoracdmx.com\/index.php?rest_route=\/wp\/v2\/posts"}],"about":[{"href":"https:\/\/www.bitacoracdmx.com\/index.php?rest_route=\/wp\/v2\/types\/post"}],"author":[{"embeddable":true,"href":"https:\/\/www.bitacoracdmx.com\/index.php?rest_route=\/wp\/v2\/users\/1"}],"replies":[{"embeddable":true,"href":"https:\/\/www.bitacoracdmx.com\/index.php?rest_route=%2Fwp%2Fv2%2Fcomments&post=45852"}],"version-history":[{"count":1,"href":"https:\/\/www.bitacoracdmx.com\/index.php?rest_route=\/wp\/v2\/posts\/45852\/revisions"}],"predecessor-version":[{"id":45854,"href":"https:\/\/www.bitacoracdmx.com\/index.php?rest_route=\/wp\/v2\/posts\/45852\/revisions\/45854"}],"wp:featuredmedia":[{"embeddable":true,"href":"https:\/\/www.bitacoracdmx.com\/index.php?rest_route=\/wp\/v2\/media\/45853"}],"wp:attachment":[{"href":"https:\/\/www.bitacoracdmx.com\/index.php?rest_route=%2Fwp%2Fv2%2Fmedia&parent=45852"}],"wp:term":[{"taxonomy":"category","embeddable":true,"href":"https:\/\/www.bitacoracdmx.com\/index.php?rest_route=%2Fwp%2Fv2%2Fcategories&post=45852"},{"taxonomy":"post_tag","embeddable":true,"href":"https:\/\/www.bitacoracdmx.com\/index.php?rest_route=%2Fwp%2Fv2%2Ftags&post=45852"}],"curies":[{"name":"wp","href":"https:\/\/api.w.org\/{rel}","templated":true}]}}