{"id":45865,"date":"2022-08-11T04:41:14","date_gmt":"2022-08-11T04:41:14","guid":{"rendered":"https:\/\/www.bitacoracdmx.com\/?p=45865"},"modified":"2022-08-11T04:50:52","modified_gmt":"2022-08-11T04:50:52","slug":"llega-el-festival-pixelatl-a-guadalajara","status":"publish","type":"post","link":"https:\/\/www.bitacoracdmx.com\/?p=45865","title":{"rendered":"\u00a1Llega El Festival Pixelatl a Guadalajara!"},"content":{"rendered":"<p>[fusion_builder_container hundred_percent=&#8221;no&#8221; equal_height_columns=&#8221;no&#8221; menu_anchor=&#8221;&#8221; hide_on_mobile=&#8221;small-visibility,medium-visibility,large-visibility&#8221; class=&#8221;&#8221; id=&#8221;&#8221; background_color=&#8221;&#8221; background_image=&#8221;&#8221; background_position=&#8221;center center&#8221; background_repeat=&#8221;no-repeat&#8221; fade=&#8221;no&#8221; background_parallax=&#8221;none&#8221; parallax_speed=&#8221;0.3&#8243; video_mp4=&#8221;&#8221; video_webm=&#8221;&#8221; video_ogv=&#8221;&#8221; video_url=&#8221;&#8221; video_aspect_ratio=&#8221;16:9&#8243; video_loop=&#8221;yes&#8221; video_mute=&#8221;yes&#8221; overlay_color=&#8221;&#8221; video_preview_image=&#8221;&#8221; border_size=&#8221;&#8221; border_color=&#8221;&#8221; border_style=&#8221;solid&#8221; padding_top=&#8221;&#8221; padding_bottom=&#8221;&#8221; padding_left=&#8221;&#8221; padding_right=&#8221;&#8221;][fusion_builder_row][fusion_builder_column type=&#8221;1_1&#8243; layout=&#8221;1_1&#8243; background_position=&#8221;left top&#8221; background_color=&#8221;&#8221; border_size=&#8221;&#8221; border_color=&#8221;&#8221; border_style=&#8221;solid&#8221; border_position=&#8221;all&#8221; spacing=&#8221;yes&#8221; background_image=&#8221;&#8221; background_repeat=&#8221;no-repeat&#8221; padding_top=&#8221;&#8221; padding_right=&#8221;&#8221; padding_bottom=&#8221;&#8221; padding_left=&#8221;&#8221; margin_top=&#8221;0px&#8221; margin_bottom=&#8221;0px&#8221; class=&#8221;&#8221; id=&#8221;&#8221; animation_type=&#8221;&#8221; animation_speed=&#8221;0.3&#8243; animation_direction=&#8221;left&#8221; hide_on_mobile=&#8221;small-visibility,medium-visibility,large-visibility&#8221; center_content=&#8221;no&#8221; last=&#8221;no&#8221; min_height=&#8221;&#8221; hover_type=&#8221;none&#8221; link=&#8221;&#8221;][fusion_text]<\/p>\n<p>REDACCI\u00d3N<\/p>\n<p>Foto: Audrey Guardado<\/p>\n<div class=\"cxmmr5t8 oygrvhab hcukyx3x c1et5uql o9v6fnle ii04i59q\">\n<div dir=\"auto\">Se present\u00f3 la decimoprimera edici\u00f3n de El Festival Pixelatl, que por primera vez en su historia se llevar\u00e1 a cabo en Guadalajara, Jalisco, del seis al 10 de septiembre de este a\u00f1o. Recientemente, El Festival Pixelatl se ha convertido en el referente de las industrias creativas en Am\u00e9rica Latina, debido a que es el \u00fanico evento de videojuego, c\u00f3mic y animaci\u00f3n en el que estos encuentran su realizaci\u00f3n por grandes casas productoras y estudios de todo el orbe.<\/div>\n<\/div>\n<div class=\"cxmmr5t8 oygrvhab hcukyx3x c1et5uql o9v6fnle ii04i59q\">\n<div dir=\"auto\"><\/div>\n<div dir=\"auto\">Creadores de shows animados de moda en el mundo, como Matt Braly (Amphibia) y Dana Terrace (La casa del B\u00faho), vicepresidentes de cadenas internacionales como Nickelodeon, Cartoon Network, Adult Swim, Warner, PBS; distribuidores de contenido de diversos pa\u00edses como 9 Story Media (Irlanda), Polygon (Jap\u00f3n) o Miyu (Francia); as\u00ed como ejecutivos de Netflix, Amazon, Disney y Discovery, son algunos de los m\u00e1s de 140 invitados que se dar\u00e1n cita en Ciudad Creativa Digital en Guadalajara para fomentar el intercambio de conocimientos y experiencias y promover los proyectos creativos emergentes de Latinoam\u00e9rica.<\/div>\n<\/div>\n<div class=\"cxmmr5t8 oygrvhab hcukyx3x c1et5uql o9v6fnle ii04i59q\">\n<div dir=\"auto\"><\/div>\n<div dir=\"auto\">Al festival acudir\u00e1n delegaciones con los estudios de animaci\u00f3n y videojuegos m\u00e1s importantes de Per\u00fa, Ecuador, Espa\u00f1a, Canad\u00e1, Chile y Argentina.<\/div>\n<\/div>\n<div class=\"cxmmr5t8 oygrvhab hcukyx3x c1et5uql o9v6fnle ii04i59q\">\n<div dir=\"auto\"><\/div>\n<div dir=\"auto\">Como pr\u00e1ctica com\u00fan, El Festival Pixelatl re\u00fane bajo su techo a los m\u00e1s importantes creadores y ejecutivos de la industria de todas las disciplinas para fomentar el intercambio de conocimientos y experiencias, promover proyectos emergentes, crear nuevas audiencias y fomentar el esp\u00edritu de comunidad, a trav\u00e9s de la red de colaboraci\u00f3n internacional creada por El Festival a lo largo de los \u00faltimos 10 a\u00f1os y que, adem\u00e1s, comparte con los aficionados y entusiastas.<\/div>\n<\/div>\n<div class=\"cxmmr5t8 oygrvhab hcukyx3x c1et5uql o9v6fnle ii04i59q\">\n<div dir=\"auto\"><\/div>\n<div dir=\"auto\">Este esta ocasi\u00f3n, Argentina es el pa\u00eds invitado de honor dada la constante participaci\u00f3n de los artistas, creativos y productores de aquel pa\u00eds durante las ediciones anteriores de El Festival. Debido a la participaci\u00f3n argentina en El Festival se han signado acuerdos comerciales que han originado la producci\u00f3n de siete propiedades intelectuales, reflejo de que la industria argentina de animaci\u00f3n y videojuegos ha sido la de mayor crecimiento reci\u00e9n.<\/div>\n<\/div>\n<div class=\"cxmmr5t8 oygrvhab hcukyx3x c1et5uql o9v6fnle ii04i59q\">\n<div dir=\"auto\"><\/div>\n<div dir=\"auto\">Carlos Alfonso Tomada, embajador de la Rep\u00fablica Argentina se\u00f1al\u00f3: \u201cArgentina tiene una gran tradici\u00f3n en la animaci\u00f3n que comenz\u00f3 en 1917 de la mano del genial Quirino Cristiani, animador y director de \u201cEl Ap\u00f3stol\u201d, primer largometraje animado del mundo. As\u00ed, para Argentina, sus profesionales y artistas es una gran oportunidad y un privilegio participar en un evento clave de la industria como Pixelatl y ser recibidos como pa\u00eds invitado de honor.\u201d<\/div>\n<\/div>\n<div class=\"cxmmr5t8 oygrvhab hcukyx3x c1et5uql o9v6fnle ii04i59q\">\n<div dir=\"auto\"><\/div>\n<div dir=\"auto\">Un viejo conocido y veterano de El Festival funge ahora como socio creativo en esta edici\u00f3n, responsable de la realizaci\u00f3n del cineminuto: Mighty Animation, estudio de animaci\u00f3n tapat\u00edo \u2013el de mayor crecimiento actualmente- y que cuenta entre sus clientes a gigantes como Disney, Cartoon Network y Netflix, entre otros.<\/div>\n<\/div>\n<div class=\"cxmmr5t8 oygrvhab hcukyx3x c1et5uql o9v6fnle ii04i59q\">\n<div dir=\"auto\"><\/div>\n<div dir=\"auto\">Salvador Villase\u00f1or Aldama, coordinador general de Desarrollo econ\u00f3mico y combate a la desigualdad del ayuntamiento de Zapopan dijo que tienen grandes expectativas para Pixelatl que se celebrar\u00e1 en dos marcos, la Ciudad Creativa Digital y la Casa del Autor donde tiene injerencia directa el municipio. \u201cRealizaremos un evento en 3D, con venta de comics, stickers y arte org\u00e1nico de los autores de la Casa del Autor. Tambi\u00e9n habr\u00e1 charlas y talleres sobre las industrias creativas\u201d.<\/div>\n<\/div>\n<div class=\"cxmmr5t8 oygrvhab hcukyx3x c1et5uql o9v6fnle ii04i59q\">\n<div dir=\"auto\"><\/div>\n<div dir=\"auto\">Por su parte, Alfredo Aceves Fern\u00e1ndez, coordinador general de Desarrollo econ\u00f3mico del gobierno de Guadalajara explic\u00f3 que el compromiso que tiene el gobierno de Guadalajara, con el desarrollo del sector creativo en la ciudad, se manifiesta a trav\u00e9s de distintas acciones, entre ellas, la materializaci\u00f3n de El Festival Pixelatl en Guadalajara, el festival m\u00e1s importante de su tipo en Iberoam\u00e9rica. \u201cEn Guadalajara, Pixelatl encontrar\u00e1 un lugar \u00f3ptimo para potencializar su crecimiento y generar m\u00e1s oportunidades para las personas del sector creativo, siendo un ecosistema creativo pujante, que con la atracci\u00f3n de este tipo de eventos y festivales de primer mundo, lograr\u00e1 consolidarse como la capital latinoamericana de las industrias creativas y la innovaci\u00f3n\u201d.<\/div>\n<\/div>\n<div class=\"cxmmr5t8 oygrvhab hcukyx3x c1et5uql o9v6fnle ii04i59q\">\n<div dir=\"auto\"><\/div>\n<div dir=\"auto\">En tanto, Jos\u00e9 I\u00f1esta, director general de Pixelatl dijo: \u201c\u201cDespu\u00e9s de dos a\u00f1os de vivir El Festival online, la comunidad audiovisual se vuelve a reunir presencialmente. Para Pixelatl, la animaci\u00f3n es una industria que puede detonar el desarrollo econ\u00f3mico del pa\u00eds y adem\u00e1s favorecer la cohesi\u00f3n social de una sociedad que empieza a reconocerse en la pantalla. Nuestra apuesta para impulsar la industria audiovisual ha sido fomentar un esp\u00edritu de comunidad, como el ingrediente que permitir\u00eda fortalecer las capacidades para desarrollar el sector. Despu\u00e9s de 11 a\u00f1os se empiezan a ver los resultados y M\u00e9xico es pa\u00eds invitado de honor en el Festival de Animaci\u00f3n de Annecy en 2023 as\u00ed que hay mucho que celebrar en este Festival en Guadalajara\u201d.<\/div>\n<\/div>\n<div class=\"cxmmr5t8 oygrvhab hcukyx3x c1et5uql o9v6fnle ii04i59q\">\n<div dir=\"auto\"><\/div>\n<div dir=\"auto\">Finalmente, I\u00f1esta expres\u00f3 que este a\u00f1o, el Festival Pixelatl reunir\u00e1 m\u00e1s de tres mil participantes de 24 pa\u00edses, que realizar\u00e1n m\u00e1s de 150 actividades con m\u00e1s de 600 encuentros de negocios.<\/div>\n<\/div>\n<div class=\"cxmmr5t8 oygrvhab hcukyx3x c1et5uql o9v6fnle ii04i59q\">\n<div dir=\"auto\"><\/div>\n<div dir=\"auto\">Asistentes a la conferencia de prensa: Carlos Alfonso Tomada, embajador de la Rep\u00fablica Argentina; Jos\u00e9 I\u00f1esta, director general de Pixelatl; Salvador Villase\u00f1or Aldama, coordinador general de Desarrollo econ\u00f3mico y combate a la desigualdad del ayuntamiento de Zapopan; Alfredo Aceves Fern\u00e1ndez, coordinador general de Desarrollo econ\u00f3mico del gobierno de Guadalajara y Carlos Monroy Villalobos, responsable del impulso al sector audiovisual en la Secretar\u00eda de Econom\u00eda.<\/div>\n<\/div>\n<div class=\"cxmmr5t8 oygrvhab hcukyx3x c1et5uql o9v6fnle ii04i59q\">\n<div dir=\"auto\"><\/div>\n<div dir=\"auto\">Sobre Pixelatl<\/div>\n<\/div>\n<div class=\"cxmmr5t8 oygrvhab hcukyx3x c1et5uql o9v6fnle ii04i59q\">\n<div dir=\"auto\"><\/div>\n<div dir=\"auto\">Pixelatl es una plataforma para promover las industrias creativas de Latinoam\u00e9rica y el desarrollo de propiedades intelectuales originales. Inici\u00f3 en 2011 con el objetivo de profesionalizar y vincular internacionalmente la industria mexicana para convertirla en una palanca de dignificaci\u00f3n, desarrollo y reconciliaci\u00f3n para M\u00e9xico. Algunas de sus iniciativas son el Festival Pixelatl (10 ediciones), Ideatoon (6 Propiedades Intelectuales en producci\u00f3n y m\u00e1s de 60 acuerdos de opci\u00f3n o servicios), y SecuenciArte (23 t\u00edtulos de c\u00f3mic independientes publicados).<\/div>\n<\/div>\n<div class=\"cxmmr5t8 oygrvhab hcukyx3x c1et5uql o9v6fnle ii04i59q\">\n<div dir=\"auto\"><\/div>\n<div dir=\"auto\">M\u00e1s informaci\u00f3n en: <a class=\"oajrlxb2 g5ia77u1 qu0x051f esr5mh6w e9989ue4 r7d6kgcz rq0escxv nhd2j8a9 nc684nl6 p7hjln8o kvgmc6g5 cxmmr5t8 oygrvhab hcukyx3x jb3vyjys rz4wbd8a qt6c0cv9 a8nywdso i1ao9s8h esuyzwwr f1sip0of lzcic4wl gpro0wi8 py34i1dx\" tabindex=\"0\" role=\"link\" href=\"http:\/\/www.elfestival.mx\/?fbclid=IwAR3Y66RzfzvCTdfFUFSFeiDv0OyaAmJIxGT3tqYEddUwfHUp4dj-nPHhHUw\" target=\"_blank\" rel=\"nofollow noopener noreferrer\">www.elfestival.mx<\/a> | <a class=\"oajrlxb2 g5ia77u1 qu0x051f esr5mh6w e9989ue4 r7d6kgcz rq0escxv nhd2j8a9 nc684nl6 p7hjln8o kvgmc6g5 cxmmr5t8 oygrvhab hcukyx3x jb3vyjys rz4wbd8a qt6c0cv9 a8nywdso i1ao9s8h esuyzwwr f1sip0of lzcic4wl gpro0wi8 py34i1dx\" tabindex=\"0\" role=\"link\" href=\"https:\/\/l.facebook.com\/l.php?u=http%3A%2F%2Fwww.pixelatl.com%2F%3Ffbclid%3DIwAR2YcarQDbGknq8wmkJeYoxa7dLbw46YcDwrO5oreSrpSiFHtXpk12NFZ3c&amp;h=AT3aiH25BVaUWR0_qbNyWabPiBbnPAnz1Y9ud2d2Li9dgub03E-tOh2xcfkjxB-GvFxMxSH5OS-R2otvlTkAWeTi7lxsK_h9ic4ptju8pk3zN843U7ksJMmdeweLgo_oL1mosSDoJJOVEJWOZvOp&amp;__tn__=-UK-R&amp;c[0]=AT1n7JuwHvzSTcvUtkWRh2R6Awvm68NVx3K6tkeU1zLWluW6hwdyeo61LRmnSnJm70i-A-cb_UIGEjY5w5FQJ_1DYig3DD5eln6hlSkVqn-l04CMJS49VlU-APjYu21D9HZrZ6PJkLMDLWJJ7DsYghvQXTLh2Az379IgVeEi6TqjyavwFxhEB8IYtROnKaB1ngahy2PyoA\" target=\"_blank\" rel=\"nofollow noopener noreferrer\">www.pixelatl.com<\/a><\/div>\n<\/div>\n<div class=\"cxmmr5t8 oygrvhab hcukyx3x c1et5uql o9v6fnle ii04i59q\">\n<div dir=\"auto\">Facebook | <a class=\"oajrlxb2 g5ia77u1 qu0x051f esr5mh6w e9989ue4 r7d6kgcz rq0escxv nhd2j8a9 nc684nl6 p7hjln8o kvgmc6g5 cxmmr5t8 oygrvhab hcukyx3x jb3vyjys rz4wbd8a qt6c0cv9 a8nywdso i1ao9s8h esuyzwwr f1sip0of lzcic4wl gpro0wi8 q66pz984 b1v8xokw\" tabindex=\"0\" role=\"link\" href=\"https:\/\/www.facebook.com\/Pixelatl\/?__cft__[0]=AZUPhSaPg2v7un5LDTeFTlp0Tost0yBAeXpBFkmiEBvocUVoEagXGSeHgwo-GwS4BbX2Z4Z_mgBKkGRrfYwVhltVmYB6cBfC-ZXwWBw75M51Lb5IQlFWt0r1K0VwZqhxO46KqLMlVpB3Xe8w0W2gzGEprZMfACx0qazYTLg1g6BAIEpbjE4ZrXHVaJy2TlWTZew&amp;__tn__=kK-R\"><span class=\"nc684nl6\">https:\/\/www.facebook.com\/Pixelatl\/<\/span><\/a><\/div>\n<\/div>\n<div class=\"cxmmr5t8 oygrvhab hcukyx3x c1et5uql o9v6fnle ii04i59q\">\n<div dir=\"auto\">Instagram | <a class=\"oajrlxb2 g5ia77u1 qu0x051f esr5mh6w e9989ue4 r7d6kgcz rq0escxv nhd2j8a9 nc684nl6 p7hjln8o kvgmc6g5 cxmmr5t8 oygrvhab hcukyx3x jb3vyjys rz4wbd8a qt6c0cv9 a8nywdso i1ao9s8h esuyzwwr f1sip0of lzcic4wl gpro0wi8 py34i1dx\" tabindex=\"0\" role=\"link\" href=\"https:\/\/www.instagram.com\/pixelatl\/?fbclid=IwAR30kh9YDek3M3BXUlYdfgu2t2iZT-fq6-YuI_-Jfenjx-JIUdqqhbjeGp0\" target=\"_blank\" rel=\"nofollow noopener noreferrer\">https:\/\/www.instagram.com\/pixelatl\/<\/a><\/div>\n<\/div>\n<p>[\/fusion_text][fusion_imageframe image_id=&#8221;45867|medium&#8221; max_width=&#8221;&#8221; style_type=&#8221;&#8221; blur=&#8221;&#8221; stylecolor=&#8221;&#8221; hover_type=&#8221;none&#8221; bordersize=&#8221;&#8221; bordercolor=&#8221;&#8221; borderradius=&#8221;&#8221; align=&#8221;none&#8221; lightbox=&#8221;no&#8221; gallery_id=&#8221;&#8221; lightbox_image=&#8221;&#8221; lightbox_image_id=&#8221;&#8221; alt=&#8221;&#8221; link=&#8221;&#8221; linktarget=&#8221;_self&#8221; hide_on_mobile=&#8221;small-visibility,medium-visibility,large-visibility&#8221; class=&#8221;&#8221; id=&#8221;&#8221; animation_type=&#8221;&#8221; animation_direction=&#8221;left&#8221; animation_speed=&#8221;0.3&#8243; animation_offset=&#8221;&#8221;]https:\/\/www.bitacoracdmx.com\/wp-content\/uploads\/2022\/08\/61549a81-d797-4b83-900e-2fb3b6ab2273-300&#215;225.jpg[\/fusion_imageframe][\/fusion_builder_column][\/fusion_builder_row][\/fusion_builder_container]<\/p>\n","protected":false},"excerpt":{"rendered":"<p>[fusion_builder_container hundred_percent=&#8221;no&#8221; equal_height_columns=&#8221;no&#8221; menu_anchor=&#8221;&#8221; hide_on_mobile=&#8221;small-visibility,medium-visibility,large-visibility&#8221; class=&#8221;&#8221; id=&#8221;&#8221; background_color=&#8221;&#8221; background_image=&#8221;&#8221; background_position=&#8221;center center&#8221; background_repeat=&#8221;no-repeat&#8221; fade=&#8221;no&#8221; background_parallax=&#8221;none&#8221; parallax_speed=&#8221;0.3&#8243; video_mp4=&#8221;&#8221; video_webm=&#8221;&#8221; video_ogv=&#8221;&#8221; video_url=&#8221;&#8221; video_aspect_ratio=&#8221;16:9&#8243; video_loop=&#8221;yes&#8221; video_mute=&#8221;yes&#8221; overlay_color=&#8221;&#8221; video_preview_image=&#8221;&#8221; border_size=&#8221;&#8221; border_color=&#8221;&#8221; border_style=&#8221;solid&#8221; padding_top=&#8221;&#8221; padding_bottom=&#8221;&#8221; padding_left=&#8221;&#8221; padding_right=&#8221;&#8221;][fusion_builder_row][fusion_builder_column type=&#8221;1_1&#8243; layout=&#8221;1_1&#8243; background_position=&#8221;left top&#8221; background_color=&#8221;&#8221; border_size=&#8221;&#8221; border_color=&#8221;&#8221; border_style=&#8221;solid&#8221; border_position=&#8221;all&#8221; spacing=&#8221;yes&#8221; background_image=&#8221;&#8221; background_repeat=&#8221;no-repeat&#8221; padding_top=&#8221;&#8221; padding_right=&#8221;&#8221; padding_bottom=&#8221;&#8221; padding_left=&#8221;&#8221; margin_top=&#8221;0px&#8221; margin_bottom=&#8221;0px&#8221; class=&#8221;&#8221; id=&#8221;&#8221; animation_type=&#8221;&#8221; animation_speed=&#8221;0.3&#8243; animation_direction=&#8221;left&#8221; hide_on_mobile=&#8221;small-visibility,medium-visibility,large-visibility&#8221; center_content=&#8221;no&#8221; last=&#8221;no&#8221; min_height=&#8221;&#8221; hover_type=&#8221;none&#8221; link=&#8221;&#8221;][fusion_text] REDACCI\u00d3N Foto: Audrey Guardado Se present\u00f3 la decimoprimera edici\u00f3n de El Festival Pixelatl, que por primera vez en su historia se llevar\u00e1 a cabo en Guadalajara, Jalisco, del seis al 10 de septiembre de este a\u00f1o. Recientemente, El Festival Pixelatl [&hellip;]<\/p>\n","protected":false},"author":1,"featured_media":45867,"comment_status":"open","ping_status":"open","sticky":false,"template":"","format":"standard","meta":{"footnotes":""},"categories":[4,9],"tags":[],"_links":{"self":[{"href":"https:\/\/www.bitacoracdmx.com\/index.php?rest_route=\/wp\/v2\/posts\/45865"}],"collection":[{"href":"https:\/\/www.bitacoracdmx.com\/index.php?rest_route=\/wp\/v2\/posts"}],"about":[{"href":"https:\/\/www.bitacoracdmx.com\/index.php?rest_route=\/wp\/v2\/types\/post"}],"author":[{"embeddable":true,"href":"https:\/\/www.bitacoracdmx.com\/index.php?rest_route=\/wp\/v2\/users\/1"}],"replies":[{"embeddable":true,"href":"https:\/\/www.bitacoracdmx.com\/index.php?rest_route=%2Fwp%2Fv2%2Fcomments&post=45865"}],"version-history":[{"count":3,"href":"https:\/\/www.bitacoracdmx.com\/index.php?rest_route=\/wp\/v2\/posts\/45865\/revisions"}],"predecessor-version":[{"id":45870,"href":"https:\/\/www.bitacoracdmx.com\/index.php?rest_route=\/wp\/v2\/posts\/45865\/revisions\/45870"}],"wp:featuredmedia":[{"embeddable":true,"href":"https:\/\/www.bitacoracdmx.com\/index.php?rest_route=\/wp\/v2\/media\/45867"}],"wp:attachment":[{"href":"https:\/\/www.bitacoracdmx.com\/index.php?rest_route=%2Fwp%2Fv2%2Fmedia&parent=45865"}],"wp:term":[{"taxonomy":"category","embeddable":true,"href":"https:\/\/www.bitacoracdmx.com\/index.php?rest_route=%2Fwp%2Fv2%2Fcategories&post=45865"},{"taxonomy":"post_tag","embeddable":true,"href":"https:\/\/www.bitacoracdmx.com\/index.php?rest_route=%2Fwp%2Fv2%2Ftags&post=45865"}],"curies":[{"name":"wp","href":"https:\/\/api.w.org\/{rel}","templated":true}]}}