{"id":45983,"date":"2022-08-16T00:27:01","date_gmt":"2022-08-16T00:27:01","guid":{"rendered":"https:\/\/www.bitacoracdmx.com\/?p=45983"},"modified":"2022-08-16T00:27:01","modified_gmt":"2022-08-16T00:27:01","slug":"emir-kusturica-the-no-smoking-orchestra-regresan-a-mexico-para-despedirse-con-su-ultima-gira-farewell-tour","status":"publish","type":"post","link":"https:\/\/www.bitacoracdmx.com\/?p=45983","title":{"rendered":"Emir Kusturica &#038; The No Smoking Orchestra \u00a1Regresan a M\u00e9xico para despedirse con su \u00faltima gira: Farewell Tour!"},"content":{"rendered":"<p>[fusion_builder_container hundred_percent=&#8221;no&#8221; equal_height_columns=&#8221;no&#8221; menu_anchor=&#8221;&#8221; hide_on_mobile=&#8221;small-visibility,medium-visibility,large-visibility&#8221; class=&#8221;&#8221; id=&#8221;&#8221; background_color=&#8221;&#8221; background_image=&#8221;&#8221; background_position=&#8221;center center&#8221; background_repeat=&#8221;no-repeat&#8221; fade=&#8221;no&#8221; background_parallax=&#8221;none&#8221; parallax_speed=&#8221;0.3&#8243; video_mp4=&#8221;&#8221; video_webm=&#8221;&#8221; video_ogv=&#8221;&#8221; video_url=&#8221;&#8221; video_aspect_ratio=&#8221;16:9&#8243; video_loop=&#8221;yes&#8221; video_mute=&#8221;yes&#8221; overlay_color=&#8221;&#8221; video_preview_image=&#8221;&#8221; border_size=&#8221;&#8221; border_color=&#8221;&#8221; border_style=&#8221;solid&#8221; padding_top=&#8221;&#8221; padding_bottom=&#8221;&#8221; padding_left=&#8221;&#8221; padding_right=&#8221;&#8221;][fusion_builder_row][fusion_builder_column type=&#8221;1_1&#8243; layout=&#8221;1_1&#8243; background_position=&#8221;left top&#8221; background_color=&#8221;&#8221; border_size=&#8221;&#8221; border_color=&#8221;&#8221; border_style=&#8221;solid&#8221; border_position=&#8221;all&#8221; spacing=&#8221;yes&#8221; background_image=&#8221;&#8221; background_repeat=&#8221;no-repeat&#8221; padding_top=&#8221;&#8221; padding_right=&#8221;&#8221; padding_bottom=&#8221;&#8221; padding_left=&#8221;&#8221; margin_top=&#8221;0px&#8221; margin_bottom=&#8221;0px&#8221; class=&#8221;&#8221; id=&#8221;&#8221; animation_type=&#8221;&#8221; animation_speed=&#8221;0.3&#8243; animation_direction=&#8221;left&#8221; hide_on_mobile=&#8221;small-visibility,medium-visibility,large-visibility&#8221; center_content=&#8221;no&#8221; last=&#8221;no&#8221; min_height=&#8221;&#8221; hover_type=&#8221;none&#8221; link=&#8221;&#8221;][fusion_text]<\/p>\n<p>REDACCI\u00d3N<\/p>\n<div class=\"pr-story--element-space\">\n<div class=\"pr-story-subheader\">\n<h3 class=\"pr-story--subheader text--wrap pr-font--sans\">6 de octubre \u2013 Pabell\u00f3n Oeste del Palacio de los Deportes<\/h3>\n<\/div>\n<\/div>\n<div class=\"pr-story--element-space\">\n<div class=\"pr-story-subheader\">\n<h3 class=\"pr-story--subheader text--wrap pr-font--sans\">Preventa Citibanamex: 17 y 18 de agosto<\/h3>\n<\/div>\n<\/div>\n<div class=\"pr-story--element-space\">\n<div class=\"pr-story-paragraph\">\n<div class=\"pr-story--text\"><b>Emir Kusturica\u00a0<\/b>y su banda\u00a0<b>The No Smoking Orchestra\u00a0<\/b>ofrecer\u00e1n su \u00faltima presentaci\u00f3n en la\u00a0<b>Ciudad de M\u00e9xico\u00a0<\/b>este\u00a0<b>6 de octubre\u00a0<\/b>en el\u00a0<b>Pabell\u00f3n Oeste del Palacio de los Deportes<\/b>\u00a0con el show\u00a0<b><i>Farewell Tour<\/i><\/b>, su gira de despedida de los conciertos en vivo. No te pierdas la oportunidad de vivir uno de los shows vers\u00e1tiles m\u00e1s aclamados en el mundo y adquiere tus entradas en la\u00a0<b>Preventa Citibanamex\u00a0<\/b>el\u00a0<b>17 y 18 de agosto<\/b>,<b>\u00a0<\/b>a trav\u00e9s de la Red\u00a0<b>Ticketmaster<\/b>.<\/div>\n<\/div>\n<\/div>\n<div class=\"pr-story--element-space\">\n<div class=\"pr-story-paragraph\">\n<div><\/div>\n<div class=\"pr-story--text\">Desvinculados de cualquier iglesia o dogma del mundo del espect\u00e1culo,\u00a0<b>Emir Kusturica &amp; The No Smoking Orchestra\u00a0<\/b>son un fen\u00f3meno significativo del movimiento antiglobalizaci\u00f3n, el entorno de una paradoja de la que han surgido. Son m\u00e1s famosos y reconocidos en el panorama internacional que en su pa\u00eds, Serbia, cuyo renombre han impulsado con \u00e9xito.<\/div>\n<\/div>\n<\/div>\n<div class=\"pr-story--element-space\">\n<div class=\"pr-story-paragraph\">\n<div><\/div>\n<div class=\"pr-story--text\"><b>Emir Kusturica &amp; The No Smoking Orchestra\u00a0<\/b>se despide de los escenarios con\u00a0<b><i>Farewell Tour<\/i><\/b>. Un cierre muy a su estilo \u201cunza unza\u201d, que mezcla punk, rock, sonidos aut\u00f3ctonos balc\u00e1nicos y gitanos, fusionados con elementos de m\u00fasica griega, \u00e1rabe, rusa e italiana; adem\u00e1s de su tan famosa y aplaudida parafernalia esc\u00e9nica, llena de alegr\u00eda e inagotable vitalidad.<\/div>\n<\/div>\n<\/div>\n<div class=\"pr-story--element-space\">\n<div class=\"pr-story-paragraph\">\n<div><\/div>\n<div class=\"pr-story--text\"><b>Adem\u00e1s de m\u00fasico, Emir Kusturica es un importante director de cine, guionista, escritor y ha ganado dos veces la Palma de Oro en el Festival de Cine de Cannes.<\/b><\/div>\n<\/div>\n<\/div>\n<div class=\"pr-story--element-space\">\n<div class=\"pr-story-paragraph\">\n<div><\/div>\n<div class=\"pr-story--text\">A trav\u00e9s de la imagen y el sonido, esta banda se ha caracterizado por conquistar a su audiencia sin importar su lugar de origen. Como si se tratara de una utop\u00eda musical, la frecuencia de\u00a0<b>Emir Kusturica &amp; The No Smoking Orchestra\u00a0<\/b>se expande sin l\u00edmites de g\u00e9nero o pensamiento, para compartir educaci\u00f3n y conocimiento usando la m\u00fasica como mensaje revolucionario.<\/div>\n<\/div>\n<\/div>\n<div class=\"pr-story--element-space\">\n<div class=\"pr-story-paragraph\">\n<div><\/div>\n<div class=\"pr-story--text\">La experiencia de una mezcla explosiva de nitroglicerina a trav\u00e9s de sonidos har\u00e1 que sea imposible mantenerte sentado en tu asiento, sin importar si eres de Par\u00eds, Buenos Aires, Tokio, Nueva York, Kiev, Reikiavik, S\u00eddney, Tel Aviv, Montreal, Sao Paulo, Viena, Mosc\u00fa, Berl\u00edn, Madrid, Bruselas o la Ciudad de M\u00e9xico, donde podremos verlos por \u00faltima vez con su\u00a0<b><i>Farewell Tour<\/i><\/b>\u00a0el\u00a0<b>6 de octubre en el Pabell\u00f3n Oeste del Palacio de los Deportes;<\/b>\u00a0adem\u00e1s de su participaci\u00f3n en el festival Tecate Coordenada en Guadalajara.<\/div>\n<\/div>\n<\/div>\n<div class=\"pr-story--element-space\">\n<div class=\"pr-story-paragraph\">\n<div><\/div>\n<div class=\"pr-story--text\">Adquiere tus entradas en la venta general a partir del 19 de agosto a trav\u00e9s de<b>\u00a0<\/b><a href=\"http:\/\/www.ticketmaster.com.mx\/\">www.ticketmaster.com.mx<\/a>\u00a0y en la taquilla del inmueble.<\/div>\n<\/div>\n<\/div>\n<p>[\/fusion_text][fusion_imageframe image_id=&#8221;45984|medium&#8221; max_width=&#8221;&#8221; style_type=&#8221;&#8221; blur=&#8221;&#8221; stylecolor=&#8221;&#8221; hover_type=&#8221;none&#8221; bordersize=&#8221;&#8221; bordercolor=&#8221;&#8221; borderradius=&#8221;&#8221; align=&#8221;none&#8221; lightbox=&#8221;no&#8221; gallery_id=&#8221;&#8221; lightbox_image=&#8221;&#8221; lightbox_image_id=&#8221;&#8221; alt=&#8221;&#8221; link=&#8221;&#8221; linktarget=&#8221;_self&#8221; hide_on_mobile=&#8221;small-visibility,medium-visibility,large-visibility&#8221; class=&#8221;&#8221; id=&#8221;&#8221; animation_type=&#8221;&#8221; animation_direction=&#8221;left&#8221; animation_speed=&#8221;0.3&#8243; animation_offset=&#8221;&#8221;]https:\/\/www.bitacoracdmx.com\/wp-content\/uploads\/2022\/08\/image_processing20220815-1887998-mvxtsf-300&#215;213.jpg[\/fusion_imageframe][\/fusion_builder_column][\/fusion_builder_row][\/fusion_builder_container]<\/p>\n","protected":false},"excerpt":{"rendered":"<p>[fusion_builder_container hundred_percent=&#8221;no&#8221; equal_height_columns=&#8221;no&#8221; menu_anchor=&#8221;&#8221; hide_on_mobile=&#8221;small-visibility,medium-visibility,large-visibility&#8221; class=&#8221;&#8221; id=&#8221;&#8221; background_color=&#8221;&#8221; background_image=&#8221;&#8221; background_position=&#8221;center center&#8221; background_repeat=&#8221;no-repeat&#8221; fade=&#8221;no&#8221; background_parallax=&#8221;none&#8221; parallax_speed=&#8221;0.3&#8243; video_mp4=&#8221;&#8221; video_webm=&#8221;&#8221; video_ogv=&#8221;&#8221; video_url=&#8221;&#8221; video_aspect_ratio=&#8221;16:9&#8243; video_loop=&#8221;yes&#8221; video_mute=&#8221;yes&#8221; overlay_color=&#8221;&#8221; video_preview_image=&#8221;&#8221; border_size=&#8221;&#8221; border_color=&#8221;&#8221; border_style=&#8221;solid&#8221; padding_top=&#8221;&#8221; padding_bottom=&#8221;&#8221; padding_left=&#8221;&#8221; padding_right=&#8221;&#8221;][fusion_builder_row][fusion_builder_column type=&#8221;1_1&#8243; layout=&#8221;1_1&#8243; background_position=&#8221;left top&#8221; background_color=&#8221;&#8221; border_size=&#8221;&#8221; border_color=&#8221;&#8221; border_style=&#8221;solid&#8221; border_position=&#8221;all&#8221; spacing=&#8221;yes&#8221; background_image=&#8221;&#8221; background_repeat=&#8221;no-repeat&#8221; padding_top=&#8221;&#8221; padding_right=&#8221;&#8221; padding_bottom=&#8221;&#8221; padding_left=&#8221;&#8221; margin_top=&#8221;0px&#8221; margin_bottom=&#8221;0px&#8221; class=&#8221;&#8221; id=&#8221;&#8221; animation_type=&#8221;&#8221; animation_speed=&#8221;0.3&#8243; animation_direction=&#8221;left&#8221; hide_on_mobile=&#8221;small-visibility,medium-visibility,large-visibility&#8221; center_content=&#8221;no&#8221; last=&#8221;no&#8221; min_height=&#8221;&#8221; hover_type=&#8221;none&#8221; link=&#8221;&#8221;][fusion_text] REDACCI\u00d3N 6 de octubre \u2013 Pabell\u00f3n Oeste del Palacio de los Deportes Preventa Citibanamex: 17 y 18 de agosto Emir Kusturica\u00a0y su banda\u00a0The No Smoking Orchestra\u00a0ofrecer\u00e1n su \u00faltima presentaci\u00f3n en la\u00a0Ciudad de M\u00e9xico\u00a0este\u00a06 de octubre\u00a0en el\u00a0Pabell\u00f3n Oeste del Palacio de [&hellip;]<\/p>\n","protected":false},"author":1,"featured_media":45984,"comment_status":"open","ping_status":"open","sticky":false,"template":"","format":"standard","meta":{"footnotes":""},"categories":[9,11],"tags":[],"_links":{"self":[{"href":"https:\/\/www.bitacoracdmx.com\/index.php?rest_route=\/wp\/v2\/posts\/45983"}],"collection":[{"href":"https:\/\/www.bitacoracdmx.com\/index.php?rest_route=\/wp\/v2\/posts"}],"about":[{"href":"https:\/\/www.bitacoracdmx.com\/index.php?rest_route=\/wp\/v2\/types\/post"}],"author":[{"embeddable":true,"href":"https:\/\/www.bitacoracdmx.com\/index.php?rest_route=\/wp\/v2\/users\/1"}],"replies":[{"embeddable":true,"href":"https:\/\/www.bitacoracdmx.com\/index.php?rest_route=%2Fwp%2Fv2%2Fcomments&post=45983"}],"version-history":[{"count":1,"href":"https:\/\/www.bitacoracdmx.com\/index.php?rest_route=\/wp\/v2\/posts\/45983\/revisions"}],"predecessor-version":[{"id":45985,"href":"https:\/\/www.bitacoracdmx.com\/index.php?rest_route=\/wp\/v2\/posts\/45983\/revisions\/45985"}],"wp:featuredmedia":[{"embeddable":true,"href":"https:\/\/www.bitacoracdmx.com\/index.php?rest_route=\/wp\/v2\/media\/45984"}],"wp:attachment":[{"href":"https:\/\/www.bitacoracdmx.com\/index.php?rest_route=%2Fwp%2Fv2%2Fmedia&parent=45983"}],"wp:term":[{"taxonomy":"category","embeddable":true,"href":"https:\/\/www.bitacoracdmx.com\/index.php?rest_route=%2Fwp%2Fv2%2Fcategories&post=45983"},{"taxonomy":"post_tag","embeddable":true,"href":"https:\/\/www.bitacoracdmx.com\/index.php?rest_route=%2Fwp%2Fv2%2Ftags&post=45983"}],"curies":[{"name":"wp","href":"https:\/\/api.w.org\/{rel}","templated":true}]}}