{"id":45999,"date":"2022-08-18T05:30:03","date_gmt":"2022-08-18T05:30:03","guid":{"rendered":"https:\/\/www.bitacoracdmx.com\/?p=45999"},"modified":"2022-08-18T05:30:03","modified_gmt":"2022-08-18T05:30:03","slug":"silvana-estrada-lanza-brindo-primer-adelanto-de-su-proximo-ep","status":"publish","type":"post","link":"https:\/\/www.bitacoracdmx.com\/?p=45999","title":{"rendered":"SILVANA ESTRADA lanza &#8220;Brindo&#8221;, primer adelanto de su pr\u00f3ximo EP"},"content":{"rendered":"<p>[fusion_builder_container hundred_percent=&#8221;no&#8221; equal_height_columns=&#8221;no&#8221; menu_anchor=&#8221;&#8221; hide_on_mobile=&#8221;small-visibility,medium-visibility,large-visibility&#8221; class=&#8221;&#8221; id=&#8221;&#8221; background_color=&#8221;&#8221; background_image=&#8221;&#8221; background_position=&#8221;center center&#8221; background_repeat=&#8221;no-repeat&#8221; fade=&#8221;no&#8221; background_parallax=&#8221;none&#8221; parallax_speed=&#8221;0.3&#8243; video_mp4=&#8221;&#8221; video_webm=&#8221;&#8221; video_ogv=&#8221;&#8221; video_url=&#8221;&#8221; video_aspect_ratio=&#8221;16:9&#8243; video_loop=&#8221;yes&#8221; video_mute=&#8221;yes&#8221; overlay_color=&#8221;&#8221; video_preview_image=&#8221;&#8221; border_size=&#8221;&#8221; border_color=&#8221;&#8221; border_style=&#8221;solid&#8221; padding_top=&#8221;&#8221; padding_bottom=&#8221;&#8221; padding_left=&#8221;&#8221; padding_right=&#8221;&#8221;][fusion_builder_row][fusion_builder_column type=&#8221;1_1&#8243; layout=&#8221;1_1&#8243; background_position=&#8221;left top&#8221; background_color=&#8221;&#8221; border_size=&#8221;&#8221; border_color=&#8221;&#8221; border_style=&#8221;solid&#8221; border_position=&#8221;all&#8221; spacing=&#8221;yes&#8221; background_image=&#8221;&#8221; background_repeat=&#8221;no-repeat&#8221; padding_top=&#8221;&#8221; padding_right=&#8221;&#8221; padding_bottom=&#8221;&#8221; padding_left=&#8221;&#8221; margin_top=&#8221;0px&#8221; margin_bottom=&#8221;0px&#8221; class=&#8221;&#8221; id=&#8221;&#8221; animation_type=&#8221;&#8221; animation_speed=&#8221;0.3&#8243; animation_direction=&#8221;left&#8221; hide_on_mobile=&#8221;small-visibility,medium-visibility,large-visibility&#8221; center_content=&#8221;no&#8221; last=&#8221;no&#8221; min_height=&#8221;&#8221; hover_type=&#8221;none&#8221; link=&#8221;&#8221;][fusion_text]<\/p>\n<p>REDACCI\u00d3N<\/p>\n<h1><em>El EP incluir\u00e1 el lanzamiento oficial de \u201cSe Me Ocurre\u201d y \u201cSi Me Matan\u201d y el corte in\u00e9dito \u201cAqu\u00ed\u201d<br aria-hidden=\"true\" \/>Agot\u00f3 en 4 d\u00edas un show en el Teatro Metrop\u00f3litan para diciembre y abri\u00f3 un segundo para febrero<\/em><\/h1>\n<p><strong>&#8220;Brindo&#8221; de Silvana Estrada, \u00a0disponible\u00a0 en Plataformas digitales<\/strong><\/p>\n<p>Luego de que la cantante, compositora y multi instrumentista\u00a0<strong>Silvana Estrada<\/strong>\u00a0publicara en enero su disco\u00a0<strong><em>\u201cMarchita\u201d,<\/em><\/strong>\u00a0creado despu\u00e9s de enamorarse por primera vez y de una ruptura que finalmente la llev\u00f3 a abrazarse a s\u00ed misma y defender ferozmente su voz \u00fanica, y que el material fuera elogiado por la prensa internacional como uno de los mejores \u00e1lbumes de 2022, se alista para el<em>\u00a0lanzamiento del\u00a0<\/em><strong><em>EP \u201cAbrazo\u201d<\/em><\/strong><em>, en el que incluir\u00e1 temas que quedaron fuera de \u201cMarchita\u201d.<\/em><\/p>\n<p><strong>\u201cBrindo\u201d<\/strong>\u00a0es el primer sencillo del EP \u201cAbrazo\u201d y estar\u00e1 disponible a partir del 17 de agosto en todas las plataformas digitales. Estar\u00e1 acompa\u00f1ado de un video realizado en Par\u00eds por el prestigiado medio La Blogotheque. \u201c<strong>Abrazo\u201d<\/strong>\u00a0tambi\u00e9n incluir\u00e1 dos temas que ya se han escuchado en concierto: \u201cSe Me Ocurre\u201d y \u201cSi me Matan\u201d -contundente himno contra la violencia hacia la mujer- as\u00ed como el corte in\u00e9dito \u201cAqu\u00ed\u201d.<\/p>\n<p><strong>\u201cBrindo\u201d<\/strong>\u00a0es un tema que nace de la alegr\u00eda y la gratitud. Silvana explica que\u00a0<em>\u201c<\/em><strong><em>necesitaba una canci\u00f3n que englobara el sentimiento que me inunda cada vez que pienso en mi camino y en mi trabajo. La idea de crear conexiones humanas a trav\u00e9s de la m\u00fasica. Para m\u00ed, la acci\u00f3n de brindar es de los gestos m\u00e1s felices, amorosos y esperanzadores que tenemos en nuestro d\u00eda a d\u00eda. Implica comunidad y celebraci\u00f3n, a veces ni siquiera necesitamos una raz\u00f3n para brindar, s\u00f3lo celebramos el hecho de estar juntos y vivos\u201d.\u00a0<\/em><\/strong>Para la cancionista, este tema\u00a0<strong><em>\u201ces un constante himno a la esperanza de vivir todos juntos en armon\u00eda, encontr\u00e1ndonos y desencontr\u00e1ndonos con la promesa de celebrar el volver a ver a los amigos\u201d.<\/em><\/strong><\/p>\n<p>Silvana Estrada es distribuida por\u00a0<strong>Altafonte<\/strong>\u00a0en Latinoam\u00e9rica, y es la primera artista latina en ser parte del sello\u00a0<strong>Glassnote<\/strong>\u00a0Records (Phoenix, CHVRCHES, Two Door Cinema Club). Fue nombrada por el diario espa\u00f1ol El Pa\u00eds como \u201cla nueva gran voz de la m\u00fasica mexicana\u201d y por Billboard como Latin Artist on The Rise 2022) que a sus 25 a\u00f1os ha logrado consolidar un s\u00f3lido camino art\u00edstico en el que ya ha compartido estudio y escenario con figuras como Devendra Banhart, Natalia Lafourcade, Silvia P\u00e9rez Cruz, Mon Laferte, Aurora, Leiva y Andrew Bird.<\/p>\n<p>En\u00a0<strong>Marchita<\/strong>\u00a0ha embotellado tanto sabidur\u00eda emocional como su don para una est\u00e9tica cautivante e \u00edntima, convirti\u00e9ndose en un tierno retrato de una joven que lucha contra el dolor del amor perdido. Medios como The Guardian, NPR, Spin y Billboard han catalogado el \u00e1lbum como uno de los mejores discos de este 2022.<\/p>\n<p>Realiz\u00f3 una reciente y exitosa gira de m\u00e1s de 15 fechas por Europa (con boletos agotados en Lisboa, \u00c1msterdam, Par\u00eds y Londres y algunos m\u00e1s junto a Andrew Bird) y EU, fue parte de Canto en Resistencia, con la Filarm\u00f3nica de Los \u00c1ngeles, dirigida por Gustavo Dudamel, y cant\u00f3 el 3 de agosto en el SummerStage en el Central Park, de Nueva York. Otra cita importante es el festival Vive Latino en Zaragoza, Espa\u00f1a, el 2 de septiembre. Como guinda a todos estos hitos, agot\u00f3 en 4 d\u00edas los boletos de su concierto del 7 de diciembre en el Teatro Metrop\u00f3litan de la CDMX, y abri\u00f3 una segunda fecha para el 16 de febrero de 2023.<\/p>\n<h4><strong><a href=\"https:\/\/altafonte.us5.list-manage.com\/track\/click?u=57df021279ee3a7ccf23bd83a&amp;id=e6780bd056&amp;e=6e1193d40a\" target=\"_blank\" rel=\"noreferrer noopener\" data-auth=\"NotApplicable\" data-linkindex=\"1\">GIRA<\/a>\u00a0MARCHITA\u00a0(EUROPA\/USA)<br aria-hidden=\"true\" \/>VERANO 2022<\/strong><\/h4>\n<p><strong>Agosto 10<\/strong><\/p>\n<p>Marquis Theatre \u2014 Denver, CO<\/p>\n<p>\u2192\u00a0<a href=\"https:\/\/altafonte.us5.list-manage.com\/track\/click?u=57df021279ee3a7ccf23bd83a&amp;id=dad2eb9e1a&amp;e=6e1193d40a\" target=\"_blank\" rel=\"noreferrer noopener\" data-auth=\"NotApplicable\" data-linkindex=\"2\">Entradas \/ Tickets<\/a><\/p>\n<p><strong>Agosto 11<\/strong><\/p>\n<p>Kilby Court \u2014 Salt Lake City, UT<\/p>\n<p>\u2192\u00a0<a href=\"https:\/\/altafonte.us5.list-manage.com\/track\/click?u=57df021279ee3a7ccf23bd83a&amp;id=08da97ce7c&amp;e=6e1193d40a\" target=\"_blank\" rel=\"noreferrer noopener\" data-auth=\"NotApplicable\" data-linkindex=\"3\">Entradas \/ Tickets<\/a><\/p>\n<p><strong>Agosto 13<\/strong><\/p>\n<p>San Jos\u00e9 Jazz \u2014 San Jos\u00e9, CA<\/p>\n<p>\u2192\u00a0<a href=\"https:\/\/altafonte.us5.list-manage.com\/track\/click?u=57df021279ee3a7ccf23bd83a&amp;id=512500541b&amp;e=6e1193d40a\" target=\"_blank\" rel=\"noreferrer noopener\" data-auth=\"NotApplicable\" data-linkindex=\"4\">Entradas \/ Tickets<\/a><\/p>\n<p><strong>Agosto 27<\/strong><\/p>\n<p>Mujeres World Fest \u2014 Tenerife, ES<\/p>\n<p><a href=\"https:\/\/altafonte.us5.list-manage.com\/track\/click?u=57df021279ee3a7ccf23bd83a&amp;id=bfb2411823&amp;e=6e1193d40a\" target=\"_blank\" rel=\"noreferrer noopener\" data-auth=\"NotApplicable\" data-linkindex=\"5\">\u2192 Entradas \/ Tickets<\/a><\/p>\n<p><strong>Septiembre 2<\/strong><\/p>\n<p>Vive Latino Zaragoza \u2014 Zaragoza, ES<\/p>\n<p>\u2192\u00a0<a href=\"https:\/\/altafonte.us5.list-manage.com\/track\/click?u=57df021279ee3a7ccf23bd83a&amp;id=41123f6c97&amp;e=6e1193d40a\" target=\"_blank\" rel=\"noreferrer noopener\" data-auth=\"NotApplicable\" data-linkindex=\"6\">Entradas \/ Tickets<\/a><\/p>\n<p><strong>Septiembre 3<\/strong><\/p>\n<p>Centro Bot\u00edn \u2014 Santander, ES<\/p>\n<p>\u2192\u00a0<a href=\"https:\/\/altafonte.us5.list-manage.com\/track\/click?u=57df021279ee3a7ccf23bd83a&amp;id=235a59d8b8&amp;e=6e1193d40a\" target=\"_blank\" rel=\"noreferrer noopener\" data-auth=\"NotApplicable\" data-linkindex=\"7\">Entradas \/ Tickets<\/a><\/p>\n<p><strong>Septiembre 16<\/strong><\/p>\n<p>Tribu Festival \u2014 Burgos, ES<\/p>\n<p>\u2192\u00a0<a href=\"https:\/\/altafonte.us5.list-manage.com\/track\/click?u=57df021279ee3a7ccf23bd83a&amp;id=70413890ce&amp;e=6e1193d40a\" target=\"_blank\" rel=\"noreferrer noopener\" data-auth=\"NotApplicable\" data-linkindex=\"8\">Entradas \/ Tickets<\/a><\/p>\n<p><strong>Septiembre 17<\/strong><\/p>\n<p>Mujeres Patrimonio \u2014 Sig\u00fcenza, ES<\/p>\n<p>\u2192\u00a0<a href=\"https:\/\/altafonte.us5.list-manage.com\/track\/click?u=57df021279ee3a7ccf23bd83a&amp;id=9be29a8ad8&amp;e=6e1193d40a\" target=\"_blank\" rel=\"noreferrer noopener\" data-auth=\"NotApplicable\" data-linkindex=\"9\">Entradas \/ Tickets<\/a><\/p>\n<p><strong>Septiembre 18<\/strong><\/p>\n<p>Teatro Cervantes \u2014 M\u00e1laga, ES<\/p>\n<p>\u2192\u00a0<a href=\"https:\/\/altafonte.us5.list-manage.com\/track\/click?u=57df021279ee3a7ccf23bd83a&amp;id=b189fb0a83&amp;e=6e1193d40a\" target=\"_blank\" rel=\"noreferrer noopener\" data-auth=\"NotApplicable\" data-linkindex=\"10\">Entradas \/ Tickets<\/a><\/p>\n<p><strong>Octubre 22<\/strong><\/p>\n<p>Bing Studio (Stanford Live) \u2014 Stanford, CA<\/p>\n<p>\u2192\u00a0<a href=\"https:\/\/altafonte.us5.list-manage.com\/track\/click?u=57df021279ee3a7ccf23bd83a&amp;id=5e2c2bff37&amp;e=6e1193d40a\" target=\"_blank\" rel=\"noreferrer noopener\" data-auth=\"NotApplicable\" data-linkindex=\"11\">Entradas \/ Tickets<\/a><\/p>\n<p><strong>Octubre 23<\/strong><\/p>\n<p>The FORD \u2014 Los Angeles, CA (con GEPE)<\/p>\n<p>\u2192\u00a0<a href=\"https:\/\/altafonte.us5.list-manage.com\/track\/click?u=57df021279ee3a7ccf23bd83a&amp;id=c4b4259e47&amp;e=6e1193d40a\" target=\"_blank\" rel=\"noreferrer noopener\" data-auth=\"NotApplicable\" data-linkindex=\"12\">Entradas \/ Tickets<\/a><\/p>\n<p><strong>Diciembre 7<\/strong><\/p>\n<p>Teatro Metrop\u00f3litan \u2014 CDMX, M\u00e9xico<\/p>\n<p>\u2192\u00a0<a href=\"https:\/\/altafonte.us5.list-manage.com\/track\/click?u=57df021279ee3a7ccf23bd83a&amp;id=f6564ebbc8&amp;e=6e1193d40a\" target=\"_blank\" rel=\"noreferrer noopener\" data-auth=\"NotApplicable\" data-linkindex=\"13\">Agotado<\/a><\/p>\n<p><strong>2023:<\/strong><\/p>\n<p><strong>Febrero 16,\u00a0<\/strong><\/p>\n<p>Teatro Metrop\u00f3litan \u2014 CDMX, M\u00e9xico<\/p>\n<p>\u2192\u00a0<a href=\"https:\/\/altafonte.us5.list-manage.com\/track\/click?u=57df021279ee3a7ccf23bd83a&amp;id=90324d2b25&amp;e=6e1193d40a\" target=\"_blank\" rel=\"noreferrer noopener\" data-auth=\"NotApplicable\" data-linkindex=\"14\">Entradas \/ Tickets<\/a><\/p>\n<p>[\/fusion_text][fusion_imageframe image_id=&#8221;46000|medium&#8221; max_width=&#8221;&#8221; style_type=&#8221;&#8221; blur=&#8221;&#8221; stylecolor=&#8221;&#8221; hover_type=&#8221;none&#8221; bordersize=&#8221;&#8221; bordercolor=&#8221;&#8221; borderradius=&#8221;&#8221; align=&#8221;none&#8221; lightbox=&#8221;no&#8221; gallery_id=&#8221;&#8221; lightbox_image=&#8221;&#8221; lightbox_image_id=&#8221;&#8221; alt=&#8221;&#8221; link=&#8221;&#8221; linktarget=&#8221;_self&#8221; hide_on_mobile=&#8221;small-visibility,medium-visibility,large-visibility&#8221; class=&#8221;&#8221; id=&#8221;&#8221; animation_type=&#8221;&#8221; animation_direction=&#8221;left&#8221; animation_speed=&#8221;0.3&#8243; animation_offset=&#8221;&#8221;]https:\/\/www.bitacoracdmx.com\/wp-content\/uploads\/2022\/08\/300197729_2221872077972157_2087945546097695715_n-300&#215;200.jpg[\/fusion_imageframe][\/fusion_builder_column][\/fusion_builder_row][\/fusion_builder_container]<\/p>\n","protected":false},"excerpt":{"rendered":"<p>[fusion_builder_container hundred_percent=&#8221;no&#8221; equal_height_columns=&#8221;no&#8221; menu_anchor=&#8221;&#8221; hide_on_mobile=&#8221;small-visibility,medium-visibility,large-visibility&#8221; class=&#8221;&#8221; id=&#8221;&#8221; background_color=&#8221;&#8221; background_image=&#8221;&#8221; background_position=&#8221;center center&#8221; background_repeat=&#8221;no-repeat&#8221; fade=&#8221;no&#8221; background_parallax=&#8221;none&#8221; parallax_speed=&#8221;0.3&#8243; video_mp4=&#8221;&#8221; video_webm=&#8221;&#8221; video_ogv=&#8221;&#8221; video_url=&#8221;&#8221; video_aspect_ratio=&#8221;16:9&#8243; video_loop=&#8221;yes&#8221; video_mute=&#8221;yes&#8221; overlay_color=&#8221;&#8221; video_preview_image=&#8221;&#8221; border_size=&#8221;&#8221; border_color=&#8221;&#8221; border_style=&#8221;solid&#8221; padding_top=&#8221;&#8221; padding_bottom=&#8221;&#8221; padding_left=&#8221;&#8221; padding_right=&#8221;&#8221;][fusion_builder_row][fusion_builder_column type=&#8221;1_1&#8243; layout=&#8221;1_1&#8243; background_position=&#8221;left top&#8221; background_color=&#8221;&#8221; border_size=&#8221;&#8221; border_color=&#8221;&#8221; border_style=&#8221;solid&#8221; border_position=&#8221;all&#8221; spacing=&#8221;yes&#8221; background_image=&#8221;&#8221; background_repeat=&#8221;no-repeat&#8221; padding_top=&#8221;&#8221; padding_right=&#8221;&#8221; padding_bottom=&#8221;&#8221; padding_left=&#8221;&#8221; margin_top=&#8221;0px&#8221; margin_bottom=&#8221;0px&#8221; class=&#8221;&#8221; id=&#8221;&#8221; animation_type=&#8221;&#8221; animation_speed=&#8221;0.3&#8243; animation_direction=&#8221;left&#8221; hide_on_mobile=&#8221;small-visibility,medium-visibility,large-visibility&#8221; center_content=&#8221;no&#8221; last=&#8221;no&#8221; min_height=&#8221;&#8221; hover_type=&#8221;none&#8221; link=&#8221;&#8221;][fusion_text] REDACCI\u00d3N El EP incluir\u00e1 el lanzamiento oficial de \u201cSe Me Ocurre\u201d y \u201cSi Me Matan\u201d y el corte in\u00e9dito \u201cAqu\u00ed\u201dAgot\u00f3 en 4 d\u00edas un show en el Teatro Metrop\u00f3litan para diciembre y abri\u00f3 un segundo para febrero &#8220;Brindo&#8221; de Silvana [&hellip;]<\/p>\n","protected":false},"author":1,"featured_media":46000,"comment_status":"open","ping_status":"open","sticky":false,"template":"","format":"standard","meta":{"footnotes":""},"categories":[9,11],"tags":[],"_links":{"self":[{"href":"https:\/\/www.bitacoracdmx.com\/index.php?rest_route=\/wp\/v2\/posts\/45999"}],"collection":[{"href":"https:\/\/www.bitacoracdmx.com\/index.php?rest_route=\/wp\/v2\/posts"}],"about":[{"href":"https:\/\/www.bitacoracdmx.com\/index.php?rest_route=\/wp\/v2\/types\/post"}],"author":[{"embeddable":true,"href":"https:\/\/www.bitacoracdmx.com\/index.php?rest_route=\/wp\/v2\/users\/1"}],"replies":[{"embeddable":true,"href":"https:\/\/www.bitacoracdmx.com\/index.php?rest_route=%2Fwp%2Fv2%2Fcomments&post=45999"}],"version-history":[{"count":1,"href":"https:\/\/www.bitacoracdmx.com\/index.php?rest_route=\/wp\/v2\/posts\/45999\/revisions"}],"predecessor-version":[{"id":46001,"href":"https:\/\/www.bitacoracdmx.com\/index.php?rest_route=\/wp\/v2\/posts\/45999\/revisions\/46001"}],"wp:featuredmedia":[{"embeddable":true,"href":"https:\/\/www.bitacoracdmx.com\/index.php?rest_route=\/wp\/v2\/media\/46000"}],"wp:attachment":[{"href":"https:\/\/www.bitacoracdmx.com\/index.php?rest_route=%2Fwp%2Fv2%2Fmedia&parent=45999"}],"wp:term":[{"taxonomy":"category","embeddable":true,"href":"https:\/\/www.bitacoracdmx.com\/index.php?rest_route=%2Fwp%2Fv2%2Fcategories&post=45999"},{"taxonomy":"post_tag","embeddable":true,"href":"https:\/\/www.bitacoracdmx.com\/index.php?rest_route=%2Fwp%2Fv2%2Ftags&post=45999"}],"curies":[{"name":"wp","href":"https:\/\/api.w.org\/{rel}","templated":true}]}}