{"id":46002,"date":"2022-08-18T05:36:04","date_gmt":"2022-08-18T05:36:04","guid":{"rendered":"https:\/\/www.bitacoracdmx.com\/?p=46002"},"modified":"2022-08-18T05:36:04","modified_gmt":"2022-08-18T05:36:04","slug":"funcion-de-gala-de-crimen-pasion-y-boleros-en-el-teatro-de-la-ciudad","status":"publish","type":"post","link":"https:\/\/www.bitacoracdmx.com\/?p=46002","title":{"rendered":"Funci\u00f3n de gala de Crimen, pasi\u00f3n y boleros en el Teatro de la Ciudad"},"content":{"rendered":"<p>[fusion_builder_container hundred_percent=&#8221;no&#8221; equal_height_columns=&#8221;no&#8221; menu_anchor=&#8221;&#8221; hide_on_mobile=&#8221;small-visibility,medium-visibility,large-visibility&#8221; class=&#8221;&#8221; id=&#8221;&#8221; background_color=&#8221;&#8221; background_image=&#8221;&#8221; background_position=&#8221;center center&#8221; background_repeat=&#8221;no-repeat&#8221; fade=&#8221;no&#8221; background_parallax=&#8221;none&#8221; parallax_speed=&#8221;0.3&#8243; video_mp4=&#8221;&#8221; video_webm=&#8221;&#8221; video_ogv=&#8221;&#8221; video_url=&#8221;&#8221; video_aspect_ratio=&#8221;16:9&#8243; video_loop=&#8221;yes&#8221; video_mute=&#8221;yes&#8221; overlay_color=&#8221;&#8221; video_preview_image=&#8221;&#8221; border_size=&#8221;&#8221; border_color=&#8221;&#8221; border_style=&#8221;solid&#8221; padding_top=&#8221;&#8221; padding_bottom=&#8221;&#8221; padding_left=&#8221;&#8221; padding_right=&#8221;&#8221;][fusion_builder_row][fusion_builder_column type=&#8221;1_1&#8243; layout=&#8221;1_1&#8243; background_position=&#8221;left top&#8221; background_color=&#8221;&#8221; border_size=&#8221;&#8221; border_color=&#8221;&#8221; border_style=&#8221;solid&#8221; border_position=&#8221;all&#8221; spacing=&#8221;yes&#8221; background_image=&#8221;&#8221; background_repeat=&#8221;no-repeat&#8221; padding_top=&#8221;&#8221; padding_right=&#8221;&#8221; padding_bottom=&#8221;&#8221; padding_left=&#8221;&#8221; margin_top=&#8221;0px&#8221; margin_bottom=&#8221;0px&#8221; class=&#8221;&#8221; id=&#8221;&#8221; animation_type=&#8221;&#8221; animation_speed=&#8221;0.3&#8243; animation_direction=&#8221;left&#8221; hide_on_mobile=&#8221;small-visibility,medium-visibility,large-visibility&#8221; center_content=&#8221;no&#8221; last=&#8221;no&#8221; min_height=&#8221;&#8221; hover_type=&#8221;none&#8221; link=&#8221;&#8221;][fusion_text]<\/p>\n<p>REDACCI\u00d3N<\/p>\n<p class=\"x_MsoNormal\"><b>\u2022 Se llevar\u00e1 a cabo una \u00fanica funci\u00f3n el pr\u00f3ximo jueves 8 de septiembre a las 20:30 horas<\/b><\/p>\n<p class=\"x_MsoNormal\"><b>\u2022 La propuesta homenajea la llegada de la radio y del bolero a M\u00e9xico<\/b><\/p>\n<p class=\"x_MsoNormal\"><b>\u2022 Se develar\u00e1 una placa alusiva con una reconocida figura sorpresa como testigo de honor<\/b><\/p>\n<p class=\"x_MsoNormal\">Ser\u00e1 el pr\u00f3ximo jueves 8 de septiembre, a las 20:30 horas, cuando el musical mexicano\u00a0<b><i>Crimen, pasi\u00f3n y boleros: La radionovela de M\u00e9xico<\/i><\/b>, dirigido por\u00a0<b>Luz Mar\u00eda Meza<\/b>\u00a0\u2013sobre una adaptaci\u00f3n, realizada tambi\u00e9n por ella de\u00a0<b><i>Las canciones de ayer y siempre\u2026 y un crimen<\/i><\/b>, de\u00a0<b>Mario Casta\u00f1eda<\/b>\u00a0y\u00a0<b>David Ar\u00e9izaga<\/b>\u2013 reinicie transmisiones con una Funci\u00f3n de Gala, que tendr\u00e1 como escenario el Teatro de la Ciudad Esperanza Iris, que celebra una importante etapa en su historia, desde su estreno en 2019.<\/p>\n<p class=\"x_MsoNormal\">En dicha funci\u00f3n, para cuyos boletos ya est\u00e1n disponibles (lo mismo en las taquillas del inmueble, ubicado en la calle de Donceles 36, en el Centro Hist\u00f3rico, como en el sistema Ticketmaster), se realizar\u00e1 un homenaje al nacimiento de la radio a M\u00e9xico, gracias al trabajo y dedicaci\u00f3n de los hermanos\u00a0<b>Pedro<\/b>\u00a0y\u00a0<b>Adolfo G\u00f3mez Fern\u00e1ndez<\/b>; as\u00ed como a la llegada al pa\u00eds del g\u00e9nero del bolero, a trav\u00e9s del compositor\u00a0<b>Armando Villarreal Lozano<\/b>.<\/p>\n<p class=\"x_MsoNormal\">En conmemoraci\u00f3n de estos sucesos, adem\u00e1s de celebrar el \u00e9xito que\u00a0<b><i>Crimen, pasi\u00f3n y boleros: La radionovela de M\u00e9xico<\/i><\/b>, la puesta realizar\u00e1 un homenaje a una luminaria de gran importancia en la cultura y el espect\u00e1culo mexicano, cuyo nombre ser\u00e1 dado a conocer en los pr\u00f3ximos d\u00edas; adem\u00e1s de ser quien atestig\u00fce la develaci\u00f3n de una placa alusiva a este momento.<\/p>\n<p class=\"x_MsoNormal\">La llegada del musical mexicano de producci\u00f3n independiente, con la direcci\u00f3n esc\u00e9nica de la primera actriz de teatro y radio\u00a0<b>Luz Mar\u00eda Meza<\/b>\u00a0y la direcci\u00f3n musical de\u00a0<b>Mario Cass\u00e1n<\/b>\u00a0y\u00a0<b>Adri\u00e1n Mej\u00eda<\/b>; al\u00a0<b>Teatro de la Ciudad\u00a0<i>Esperanza Iris<\/i><\/b>, se logr\u00f3 con el apoyo de la\u00a0<b>Direcci\u00f3n del Sistema de Teatros de la Secretar\u00eda de Cultura de la Ciudad de M\u00e9xico<\/b>.<\/p>\n<p class=\"x_MsoNormal\">Situada en 1958,\u00a0<b><i>Crimen, pasi\u00f3n y boleros: La radionovela de M\u00e9xico<\/i><\/b>\u00a0es una ventana a nuestro entra\u00f1able pasado, que cuenta con la participaci\u00f3n de un elenco con amplia trayectoria y reconocimiento en el \u00e1mbito del g\u00e9nero musical mexicano y tambi\u00e9n de la radio, para conformar un excelente ensamble vocal de repertorio.<\/p>\n<p class=\"x_MsoNormal\">Ellos son:\u00a0<b>Jos\u00e9 Antonio L\u00f3pez Tercero<\/b>,\u00a0<b>Karina Luna<\/b>,\u00a0<b>Tzaitel Santini<\/b>,\u00a0<b>Rebeca Castillejos<\/b>,\u00a0<b>Carlos Rodea<\/b>,\u00a0<b>Enrique Herranz<\/b>,\u00a0<b>Mario Cass\u00e1n<\/b>,\u00a0<b>Adri\u00e1n Mej\u00eda<\/b>,\u00a0<b>H\u00e9ctor Aguilar<\/b>,\u00a0<b>Jorge Mej\u00eda<\/b>,\u00a0<b>Mariana Pamplona<\/b>,\u00a0<b>Dietrich Martens<\/b>,\u00a0<b>Yuri Martz<\/b>,\u00a0<b>Magdalena Bar\u00f3n<\/b>,\u00a0<b>Alejandro Membrillo<\/b>\u00a0y la propia\u00a0<b>Luz Mar\u00eda Meza<\/b>.<\/p>\n<p class=\"x_MsoNormal\">La est\u00e9tica, galanura, m\u00fasica y esencia que conect\u00f3 a los mexicanos con la \u00c9poca de Oro de la Radio y con el romanticismo de ese entonces, son recordados y transmitidos en este musical de rocola, que tiene como escenario principal una cabina de radio de la d\u00e9cada de los a\u00f1os cincuenta del siglo pasado y que cuenta en su repertorio con boleros compuestos por grandes autores.<\/p>\n<p class=\"x_MsoNormal\">Algunos temas son:\u00a0<i>B\u00e9same mucho<\/i>,\u00a0<i>La puerta<\/i>,\u00a0<i>La mentira<\/i>,\u00a0<i>Voy a apagar la luz<\/i>,\u00a0<i>La Gloria eres t\u00fa<\/i>,\u00a0<i>Qui\u00e9reme mucho<\/i>,\u00a0<i>Vereda tropical<\/i>,\u00a0<i>Piel canela<\/i>,\u00a0<i>Nosotros<\/i>\u00a0y\u00a0<i>Reloj<\/i>, entre otros.<\/p>\n<p class=\"x_MsoNormal\"><b><i>Crimen, pasi\u00f3n y boleros: La radionovela de M\u00e9xico<\/i>\u00a0<\/b>se llevar\u00e1 a cabo, una \u00fanica funci\u00f3n, el d\u00eda jueves 8 de septiembre a las 20:30 horas, en el\u00a0<b>Teatro de la Ciudad\u00a0<i>Esperanza Iris<\/i>\u00a0<\/b>(Donceles 36, Centro Hist\u00f3rico, Metro Allende), con los cuidados sanitarios necesarios: uso permanente de cubre-bocas y de gel anti-bacterial, tanto de parte del personal del teatro como de los espectadores.<\/p>\n<p class=\"x_MsoNormal\"><b>Admisi\u00f3n<\/b>: Luneta y Primer Piso Central, $350; Primer Piso Lateral, $300; Anfiteatro, $250, y Galer\u00eda, $150. Los boletos se pueden adquirir en la taquilla del teatro y en las plataformas digitales de\u00a0<b>Ticketmaster<\/b>.<\/p>\n<p class=\"x_MsoNormal\">Para conocer la programaci\u00f3n de la\u00a0<b>Direcci\u00f3n del Sistema de Teatros de la Ciudad de M\u00e9xico\u00a0<\/b>visite las redes sociales:\u00a0<b>Facebook<\/b>\u00a0@TeatrosCdMexico,\u00a0<b>Twitter<\/b>\u00a0@TeatrosCdMexico e\u00a0<b>Instagram<\/b>\u00a0@teatroscdmexico.<\/p>\n<p class=\"x_MsoNormal\">Siga a la\u00a0<b>Secretar\u00eda de Cultura de la Ciudad de M\u00e9xico<\/b>\u00a0a trav\u00e9s de su p\u00e1gina oficial (<a href=\"https:\/\/cultura.cdmx.gob.mx\/\" target=\"_blank\" rel=\"noopener noreferrer\" data-auth=\"NotApplicable\" data-linkindex=\"0\">https:\/\/cultura.cdmx.gob.mx\/<\/a>), sus\u00a0<b>redes sociales<\/b>\u00a0(Facebook, Twitter, Instagram y YouTube) y en la plataforma digital Capital Cultural en Nuestra Casa.<\/p>\n<p>[\/fusion_text][fusion_imageframe image_id=&#8221;46003|medium&#8221; max_width=&#8221;&#8221; style_type=&#8221;&#8221; blur=&#8221;&#8221; stylecolor=&#8221;&#8221; hover_type=&#8221;none&#8221; bordersize=&#8221;&#8221; bordercolor=&#8221;&#8221; borderradius=&#8221;&#8221; align=&#8221;none&#8221; lightbox=&#8221;no&#8221; gallery_id=&#8221;&#8221; lightbox_image=&#8221;&#8221; lightbox_image_id=&#8221;&#8221; alt=&#8221;&#8221; link=&#8221;&#8221; linktarget=&#8221;_self&#8221; hide_on_mobile=&#8221;small-visibility,medium-visibility,large-visibility&#8221; class=&#8221;&#8221; id=&#8221;&#8221; animation_type=&#8221;&#8221; animation_direction=&#8221;left&#8221; animation_speed=&#8221;0.3&#8243; animation_offset=&#8221;&#8221;]https:\/\/www.bitacoracdmx.com\/wp-content\/uploads\/2022\/08\/CRIMEN-PASION-ECARD-01-1-200&#215;300.jpeg[\/fusion_imageframe][\/fusion_builder_column][\/fusion_builder_row][\/fusion_builder_container]<\/p>\n","protected":false},"excerpt":{"rendered":"<p>[fusion_builder_container hundred_percent=&#8221;no&#8221; equal_height_columns=&#8221;no&#8221; menu_anchor=&#8221;&#8221; hide_on_mobile=&#8221;small-visibility,medium-visibility,large-visibility&#8221; class=&#8221;&#8221; id=&#8221;&#8221; background_color=&#8221;&#8221; background_image=&#8221;&#8221; background_position=&#8221;center center&#8221; background_repeat=&#8221;no-repeat&#8221; fade=&#8221;no&#8221; background_parallax=&#8221;none&#8221; parallax_speed=&#8221;0.3&#8243; video_mp4=&#8221;&#8221; video_webm=&#8221;&#8221; video_ogv=&#8221;&#8221; video_url=&#8221;&#8221; video_aspect_ratio=&#8221;16:9&#8243; video_loop=&#8221;yes&#8221; video_mute=&#8221;yes&#8221; overlay_color=&#8221;&#8221; video_preview_image=&#8221;&#8221; border_size=&#8221;&#8221; border_color=&#8221;&#8221; border_style=&#8221;solid&#8221; padding_top=&#8221;&#8221; padding_bottom=&#8221;&#8221; padding_left=&#8221;&#8221; padding_right=&#8221;&#8221;][fusion_builder_row][fusion_builder_column type=&#8221;1_1&#8243; layout=&#8221;1_1&#8243; background_position=&#8221;left top&#8221; background_color=&#8221;&#8221; border_size=&#8221;&#8221; border_color=&#8221;&#8221; border_style=&#8221;solid&#8221; border_position=&#8221;all&#8221; spacing=&#8221;yes&#8221; background_image=&#8221;&#8221; background_repeat=&#8221;no-repeat&#8221; padding_top=&#8221;&#8221; padding_right=&#8221;&#8221; padding_bottom=&#8221;&#8221; padding_left=&#8221;&#8221; margin_top=&#8221;0px&#8221; margin_bottom=&#8221;0px&#8221; class=&#8221;&#8221; id=&#8221;&#8221; animation_type=&#8221;&#8221; animation_speed=&#8221;0.3&#8243; animation_direction=&#8221;left&#8221; hide_on_mobile=&#8221;small-visibility,medium-visibility,large-visibility&#8221; center_content=&#8221;no&#8221; last=&#8221;no&#8221; min_height=&#8221;&#8221; hover_type=&#8221;none&#8221; link=&#8221;&#8221;][fusion_text] REDACCI\u00d3N \u2022 Se llevar\u00e1 a cabo una \u00fanica funci\u00f3n el pr\u00f3ximo jueves 8 de septiembre a las 20:30 horas \u2022 La propuesta homenajea la llegada de la radio y del bolero a M\u00e9xico \u2022 Se develar\u00e1 una placa alusiva con [&hellip;]<\/p>\n","protected":false},"author":1,"featured_media":46003,"comment_status":"open","ping_status":"open","sticky":false,"template":"","format":"standard","meta":{"footnotes":""},"categories":[9,14],"tags":[],"_links":{"self":[{"href":"https:\/\/www.bitacoracdmx.com\/index.php?rest_route=\/wp\/v2\/posts\/46002"}],"collection":[{"href":"https:\/\/www.bitacoracdmx.com\/index.php?rest_route=\/wp\/v2\/posts"}],"about":[{"href":"https:\/\/www.bitacoracdmx.com\/index.php?rest_route=\/wp\/v2\/types\/post"}],"author":[{"embeddable":true,"href":"https:\/\/www.bitacoracdmx.com\/index.php?rest_route=\/wp\/v2\/users\/1"}],"replies":[{"embeddable":true,"href":"https:\/\/www.bitacoracdmx.com\/index.php?rest_route=%2Fwp%2Fv2%2Fcomments&post=46002"}],"version-history":[{"count":1,"href":"https:\/\/www.bitacoracdmx.com\/index.php?rest_route=\/wp\/v2\/posts\/46002\/revisions"}],"predecessor-version":[{"id":46004,"href":"https:\/\/www.bitacoracdmx.com\/index.php?rest_route=\/wp\/v2\/posts\/46002\/revisions\/46004"}],"wp:featuredmedia":[{"embeddable":true,"href":"https:\/\/www.bitacoracdmx.com\/index.php?rest_route=\/wp\/v2\/media\/46003"}],"wp:attachment":[{"href":"https:\/\/www.bitacoracdmx.com\/index.php?rest_route=%2Fwp%2Fv2%2Fmedia&parent=46002"}],"wp:term":[{"taxonomy":"category","embeddable":true,"href":"https:\/\/www.bitacoracdmx.com\/index.php?rest_route=%2Fwp%2Fv2%2Fcategories&post=46002"},{"taxonomy":"post_tag","embeddable":true,"href":"https:\/\/www.bitacoracdmx.com\/index.php?rest_route=%2Fwp%2Fv2%2Ftags&post=46002"}],"curies":[{"name":"wp","href":"https:\/\/api.w.org\/{rel}","templated":true}]}}