{"id":46005,"date":"2022-08-18T05:48:08","date_gmt":"2022-08-18T05:48:08","guid":{"rendered":"https:\/\/www.bitacoracdmx.com\/?p=46005"},"modified":"2022-08-18T05:48:08","modified_gmt":"2022-08-18T05:48:08","slug":"trasfrontera-celebrara-70-anos-de-ciudad-universitaria-con-seis-grandes-propuestas-musicales","status":"publish","type":"post","link":"https:\/\/www.bitacoracdmx.com\/?p=46005","title":{"rendered":"TRASFRONTERA celebrar\u00e1 70 a\u00f1os de CIUDAD UNIVERSITARIA con seis grandes propuestas musicales"},"content":{"rendered":"<p>[fusion_builder_container hundred_percent=&#8221;no&#8221; equal_height_columns=&#8221;no&#8221; menu_anchor=&#8221;&#8221; hide_on_mobile=&#8221;small-visibility,medium-visibility,large-visibility&#8221; class=&#8221;&#8221; id=&#8221;&#8221; background_color=&#8221;&#8221; background_image=&#8221;&#8221; background_position=&#8221;center center&#8221; background_repeat=&#8221;no-repeat&#8221; fade=&#8221;no&#8221; background_parallax=&#8221;none&#8221; parallax_speed=&#8221;0.3&#8243; video_mp4=&#8221;&#8221; video_webm=&#8221;&#8221; video_ogv=&#8221;&#8221; video_url=&#8221;&#8221; video_aspect_ratio=&#8221;16:9&#8243; video_loop=&#8221;yes&#8221; video_mute=&#8221;yes&#8221; overlay_color=&#8221;&#8221; video_preview_image=&#8221;&#8221; border_size=&#8221;&#8221; border_color=&#8221;&#8221; border_style=&#8221;solid&#8221; padding_top=&#8221;&#8221; padding_bottom=&#8221;&#8221; padding_left=&#8221;&#8221; padding_right=&#8221;&#8221;][fusion_builder_row][fusion_builder_column type=&#8221;1_1&#8243; layout=&#8221;1_1&#8243; background_position=&#8221;left top&#8221; background_color=&#8221;&#8221; border_size=&#8221;&#8221; border_color=&#8221;&#8221; border_style=&#8221;solid&#8221; border_position=&#8221;all&#8221; spacing=&#8221;yes&#8221; background_image=&#8221;&#8221; background_repeat=&#8221;no-repeat&#8221; padding_top=&#8221;&#8221; padding_right=&#8221;&#8221; padding_bottom=&#8221;&#8221; padding_left=&#8221;&#8221; margin_top=&#8221;0px&#8221; margin_bottom=&#8221;0px&#8221; class=&#8221;&#8221; id=&#8221;&#8221; animation_type=&#8221;&#8221; animation_speed=&#8221;0.3&#8243; animation_direction=&#8221;left&#8221; hide_on_mobile=&#8221;small-visibility,medium-visibility,large-visibility&#8221; center_content=&#8221;no&#8221; last=&#8221;no&#8221; min_height=&#8221;&#8221; hover_type=&#8221;none&#8221; link=&#8221;&#8221;][fusion_text]<\/p>\n<p>REDACCI\u00d3N<\/p>\n<p>\u25cf El acordeonista Jair Alcal\u00e1, el arpista Celso Duarte, la banda Klezmerzon, Carina L\u00f3pez, Leika Moch\u00e1n y Gustavo Nandayapa, y Gabriel \u201cQueso\u201d Bronfman forman el cartel del concierto.<\/p>\n<p>\u25cf Se llevar\u00e1 a cabo el pr\u00f3ximo s\u00e1bado 10 de septiembre en las Islas de Ciudad Universitaria, y se trata del primer concierto masivo despu\u00e9s de la contingencia sanitaria por el COVID-19.<\/p>\n<p>\u25cf El proyecto inici\u00f3 como respuesta a la pandemia con la transmisi\u00f3n de conciertos desde diversas ciudades del mundo, y ha contado con la participaci\u00f3n de m\u00fasicos de talla internacional como Marc Ribot, John Medesk, Jen Shyu y Yuka Honda (Cibo Matto)<\/p>\n<p>La Secretar\u00eda de Cultura de la Ciudad de M\u00e9xico, la Coordinaci\u00f3n de Difusi\u00f3n Cultural de la Universidad Nacional Aut\u00f3noma de M\u00e9xico (UNAM) y la Direcci\u00f3n General de M\u00fasica de la instituci\u00f3n presentaron este martes Trasfrontera CU, concierto masivo que se llevar\u00e1 a cabo el pr\u00f3ximo 10 de septiembre en las Islas de Ciudad Universitaria, el primero que se realizar\u00e1 de manera presencial desde que inici\u00f3 la propuesta en 2020.<\/p>\n<p>Claudia Curiel de Icaza, titular de la Secretar\u00eda de Cultura capitalina, explic\u00f3 que Trasfrontera surgi\u00f3 como una respuesta al confinamiento por COVID-19 durante su etapa en la Direcci\u00f3n General de M\u00fasica, en el que m\u00fasicos de las escenas de nueve ciudades, hasta ahora, compartieron digitalmente su arte renombrados estudios alrededor del mundo, con el objetivo de crear un archivo de este momento hist\u00f3rico, y que tuvo como visi\u00f3n inicial la creaci\u00f3n un repositorio sobre el quehacer musical en la pandemia.<\/p>\n<p>\u201cIniciamos con John Medeski, quien se ofreci\u00f3 a prestar su estudio en Woodstock, Nueva York, y con ello se empez\u00f3 a armar el proyecto con escenas locales de distintas ciudades del mundo, que se fueron entusiasmando por tocar tras no poder reunirse durante alg\u00fan tiempo con sus m\u00fasicos\u201d, expres\u00f3 Curiel de Icaza.<\/p>\n<p>Lo que inici\u00f3 como un proyecto internacional, que desde su primera edici\u00f3n cont\u00f3 con talento mexicano en el c\u00e9lebre estudio Abbey Road, en Londres, se aterriz\u00f3 despu\u00e9s a un contexto latinoamericano \u201cpara ense\u00f1ar que los artistas mexicanos tienen el nivel de Marc Ribot y de John Medeski; todos nuestros artistas mexicanos tienen un alt\u00edsimo perfil\u201d, dijo la secretaria de Cultura de la Ciudad de M\u00e9xico.<\/p>\n<p>Las primeras ediciones de Trasfrontera contaron con sedes como Nueva York y Londres, en donde participaron talentos como el guitarrista Marc Ribot, la cantante y multiinstrumentista Jen Shyu, la compositora y productora Yuka Honda (Cibo Matto), el ensamble Snowtet, el productor e ingeniero de sonido Marc Urselli, entre otros.<\/p>\n<p>Jos\u00e9 Wolffer, titular de la Direcci\u00f3n General de M\u00fasica de la UNAM, destac\u00f3 que Trasfrontera \u201ces una idea de Claudia Curiel cuando trabaj\u00f3 en la Direcci\u00f3n General de M\u00fasica y es muy afortunado que esta cristalizaci\u00f3n en un espacio presencial se realice nuevamente con su colaboraci\u00f3n, ahora desde la Secretar\u00eda de Cultura\u201d.<\/p>\n<p>Por su parte, Rosa Beltr\u00e1n, coordinadora de Difusi\u00f3n Cultural de la UNAM, se congratul\u00f3 de que la nueva edici\u00f3n de Trasfrontera sirva como una bienvenida a las y los alumnos a las aulas, y que con el evento se conmemoren los 70 a\u00f1os del inicio de la construcci\u00f3n de Ciudad Universitaria y 15 aniversario de su designaci\u00f3n como Patrimonio Cultural de la Humanidad por parte de la Unesco.<\/p>\n<p>\u201cEs un lujo tener un lugar como este y es un lujo tener este concierto al aire libre, gratuito y abierto para todos. La Universidad y Cultura UNAM se esmeran en producir cultura en los distintos campus universitarios y para quienes est\u00e1n afuera de la Universidad\u201d, asegur\u00f3 Beltr\u00e1n.<\/p>\n<p>Acerca de la propuesta de Trasfrontera CU, la coordinadora de Difusi\u00f3n Cultural expres\u00f3 que \u201cva a ser muy interesante escuchar esta fusi\u00f3n de m\u00fasica tradicional con los nuevos saberes, entender a qu\u00e9 suena M\u00e9xico\u201d.<\/p>\n<p>El factor com\u00fan de los diferentes proyectos es el paso libre y fluido entre distintos g\u00e9neros como el jazz, el rock, la m\u00fasica experimental y la tradicional, en el que participar\u00e1n el acordeonista Jair Alcal\u00e1, el arpista Celso Duarte, la banda Klezmerson, Carina L\u00f3pez, Leika Moch\u00e1n y Gustavo Nandayapa, y Gabriel \u201cQueso\u201d Bronfman.<\/p>\n<p>La bajista Carina L\u00f3pez se mostr\u00f3 contenta por formar parte de este concierto que tendr\u00e1 una apertura para los artistas con diferentes estilos y caminos musicales, adem\u00e1s expres\u00f3: \u201cEstoy muy emocionada tambi\u00e9n por el espacio que se nos est\u00e1 dando a las mujeres. Me encanta que cada vez haya m\u00e1s espacios en el que participen mujeres\u201d, dijo L\u00f3pez.<\/p>\n<p>Paralelamente, Celso Duarte agradeci\u00f3 la iniciativa conjunta entre la Secretar\u00eda de Cultura y la UNAM, toda vez que \u201ceste proyecto ha sido un incentivo para mi m\u00fasica. Participar en Trasfrontera fue, para m\u00ed, redise\u00f1ar un poco lo que ven\u00eda haciendo para llevarlo al formato digital, lo que nos exigi\u00f3 como m\u00fasicos buscar una buena producci\u00f3n\u201d.<\/p>\n<p>En tanto, Benjam\u00edn Schwartz, director musical de Klezmerson y curador del programa de Trasfrontera, habl\u00f3 de la diversidad de su propuesta: \u201cPara m\u00ed fue un gran honor que me invitar\u00e1n a curar, fue una labor reducir a una cantidad tan peque\u00f1a de m\u00fasicos la gran calidad con la cuenta este pa\u00eds\u201d.<\/p>\n<p>\u201cDel Norte elegimos a Jair Alcal\u00e1, que es uno de los representantes m\u00e1s importantes de la m\u00fasica norte\u00f1a; de Celso es impresionante la forma en la que cubre una cantidad inmensa de g\u00e9neros; Carina L\u00f3pez representa un lenguaje m\u00e1s contempor\u00e1neo del bajo; Gabriel \u201cEl Queso\u201d Bronfman es un personaje que tiene un g\u00e9nero muy particular que representa al rock y al jazz en M\u00e9xico; Leika Moch\u00e1n y Gustavo Nandayapa representan todo lo que tiene que ver con improvisaci\u00f3n y libertad; y Klezmerson es una representaci\u00f3n musical de lo que sucede en la Ciudad de M\u00e9xico\u201d, dijo Schwartz sobre la elecci\u00f3n para esta edici\u00f3n de Trasfrontera CU.<\/p>\n<p>El concierto cuenta con el apoyo del Comit\u00e9 de An\u00e1lisis para las Intervenciones Urbanas, Arquitect\u00f3nicas y de las Ingenier\u00edas en el campus Ciudad Universitaria y los campi de la UNAM, as\u00ed como de la Facultad de Arquitectura de la UNAM.<\/p>\n<p>Trasfrontera tendr\u00e1 lugar el s\u00e1bado 10 de septiembre de 12:00 a 16:30 horas en Las Islas de Ciudad Universitaria, donde adem\u00e1s de la gran propuesta musical habr\u00e1 venta de comida y bebidas.<\/p>\n<p>Las actividades de la Secretar\u00eda de Cultura de la Ciudad de M\u00e9xico pueden conocerse en su p\u00e1gina oficial (<a href=\"https:\/\/www.cultura.cdmx.gob.mx\/\">https:\/\/cultura.cdmx.gob.mx\/<\/a>), en la Cartelera Cultural de la Ciudad de M\u00e9xico y a trav\u00e9s de sus redes sociales: Facebook, Twitter, Instagram y YouTube.<\/p>\n<p>[\/fusion_text][fusion_imageframe image_id=&#8221;46006|medium&#8221; max_width=&#8221;&#8221; style_type=&#8221;&#8221; blur=&#8221;&#8221; stylecolor=&#8221;&#8221; hover_type=&#8221;none&#8221; bordersize=&#8221;&#8221; bordercolor=&#8221;&#8221; borderradius=&#8221;&#8221; align=&#8221;none&#8221; lightbox=&#8221;no&#8221; gallery_id=&#8221;&#8221; lightbox_image=&#8221;&#8221; lightbox_image_id=&#8221;&#8221; alt=&#8221;&#8221; link=&#8221;&#8221; linktarget=&#8221;_self&#8221; hide_on_mobile=&#8221;small-visibility,medium-visibility,large-visibility&#8221; class=&#8221;&#8221; id=&#8221;&#8221; animation_type=&#8221;&#8221; animation_direction=&#8221;left&#8221; animation_speed=&#8221;0.3&#8243; animation_offset=&#8221;&#8221;]https:\/\/www.bitacoracdmx.com\/wp-content\/uploads\/2022\/08\/WhatsApp-Image-2022-08-16-at-2.53.51-PM-300&#215;200.jpeg[\/fusion_imageframe][\/fusion_builder_column][\/fusion_builder_row][\/fusion_builder_container]<\/p>\n","protected":false},"excerpt":{"rendered":"<p>[fusion_builder_container hundred_percent=&#8221;no&#8221; equal_height_columns=&#8221;no&#8221; menu_anchor=&#8221;&#8221; hide_on_mobile=&#8221;small-visibility,medium-visibility,large-visibility&#8221; class=&#8221;&#8221; id=&#8221;&#8221; background_color=&#8221;&#8221; background_image=&#8221;&#8221; background_position=&#8221;center center&#8221; background_repeat=&#8221;no-repeat&#8221; fade=&#8221;no&#8221; background_parallax=&#8221;none&#8221; parallax_speed=&#8221;0.3&#8243; video_mp4=&#8221;&#8221; video_webm=&#8221;&#8221; video_ogv=&#8221;&#8221; video_url=&#8221;&#8221; video_aspect_ratio=&#8221;16:9&#8243; video_loop=&#8221;yes&#8221; video_mute=&#8221;yes&#8221; overlay_color=&#8221;&#8221; video_preview_image=&#8221;&#8221; border_size=&#8221;&#8221; border_color=&#8221;&#8221; border_style=&#8221;solid&#8221; padding_top=&#8221;&#8221; padding_bottom=&#8221;&#8221; padding_left=&#8221;&#8221; padding_right=&#8221;&#8221;][fusion_builder_row][fusion_builder_column type=&#8221;1_1&#8243; layout=&#8221;1_1&#8243; background_position=&#8221;left top&#8221; background_color=&#8221;&#8221; border_size=&#8221;&#8221; border_color=&#8221;&#8221; border_style=&#8221;solid&#8221; border_position=&#8221;all&#8221; spacing=&#8221;yes&#8221; background_image=&#8221;&#8221; background_repeat=&#8221;no-repeat&#8221; padding_top=&#8221;&#8221; padding_right=&#8221;&#8221; padding_bottom=&#8221;&#8221; padding_left=&#8221;&#8221; margin_top=&#8221;0px&#8221; margin_bottom=&#8221;0px&#8221; class=&#8221;&#8221; id=&#8221;&#8221; animation_type=&#8221;&#8221; animation_speed=&#8221;0.3&#8243; animation_direction=&#8221;left&#8221; hide_on_mobile=&#8221;small-visibility,medium-visibility,large-visibility&#8221; center_content=&#8221;no&#8221; last=&#8221;no&#8221; min_height=&#8221;&#8221; hover_type=&#8221;none&#8221; link=&#8221;&#8221;][fusion_text] REDACCI\u00d3N \u25cf El acordeonista Jair Alcal\u00e1, el arpista Celso Duarte, la banda Klezmerzon, Carina L\u00f3pez, Leika Moch\u00e1n y Gustavo Nandayapa, y Gabriel \u201cQueso\u201d Bronfman forman el cartel del concierto. \u25cf Se llevar\u00e1 a cabo el pr\u00f3ximo s\u00e1bado 10 de septiembre [&hellip;]<\/p>\n","protected":false},"author":1,"featured_media":46006,"comment_status":"open","ping_status":"open","sticky":false,"template":"","format":"standard","meta":{"footnotes":""},"categories":[5,9,11],"tags":[],"_links":{"self":[{"href":"https:\/\/www.bitacoracdmx.com\/index.php?rest_route=\/wp\/v2\/posts\/46005"}],"collection":[{"href":"https:\/\/www.bitacoracdmx.com\/index.php?rest_route=\/wp\/v2\/posts"}],"about":[{"href":"https:\/\/www.bitacoracdmx.com\/index.php?rest_route=\/wp\/v2\/types\/post"}],"author":[{"embeddable":true,"href":"https:\/\/www.bitacoracdmx.com\/index.php?rest_route=\/wp\/v2\/users\/1"}],"replies":[{"embeddable":true,"href":"https:\/\/www.bitacoracdmx.com\/index.php?rest_route=%2Fwp%2Fv2%2Fcomments&post=46005"}],"version-history":[{"count":1,"href":"https:\/\/www.bitacoracdmx.com\/index.php?rest_route=\/wp\/v2\/posts\/46005\/revisions"}],"predecessor-version":[{"id":46007,"href":"https:\/\/www.bitacoracdmx.com\/index.php?rest_route=\/wp\/v2\/posts\/46005\/revisions\/46007"}],"wp:featuredmedia":[{"embeddable":true,"href":"https:\/\/www.bitacoracdmx.com\/index.php?rest_route=\/wp\/v2\/media\/46006"}],"wp:attachment":[{"href":"https:\/\/www.bitacoracdmx.com\/index.php?rest_route=%2Fwp%2Fv2%2Fmedia&parent=46005"}],"wp:term":[{"taxonomy":"category","embeddable":true,"href":"https:\/\/www.bitacoracdmx.com\/index.php?rest_route=%2Fwp%2Fv2%2Fcategories&post=46005"},{"taxonomy":"post_tag","embeddable":true,"href":"https:\/\/www.bitacoracdmx.com\/index.php?rest_route=%2Fwp%2Fv2%2Ftags&post=46005"}],"curies":[{"name":"wp","href":"https:\/\/api.w.org\/{rel}","templated":true}]}}