{"id":46008,"date":"2022-08-18T05:55:09","date_gmt":"2022-08-18T05:55:09","guid":{"rendered":"https:\/\/www.bitacoracdmx.com\/?p=46008"},"modified":"2022-08-18T05:55:09","modified_gmt":"2022-08-18T05:55:09","slug":"el-romanticismo-del-vii-festival-mundial-del-bolero-llegara-al-teatro-de-la-ciudad-esperanza-iris","status":"publish","type":"post","link":"https:\/\/www.bitacoracdmx.com\/?p=46008","title":{"rendered":"El romanticismo del VII FESTIVAL MUNDIAL DEL BOLERO llegar\u00e1 al TEATRO DE LA CIUDAD ESPERANZA IRIS"},"content":{"rendered":"<p>[fusion_builder_container hundred_percent=&#8221;no&#8221; equal_height_columns=&#8221;no&#8221; menu_anchor=&#8221;&#8221; hide_on_mobile=&#8221;small-visibility,medium-visibility,large-visibility&#8221; class=&#8221;&#8221; id=&#8221;&#8221; background_color=&#8221;&#8221; background_image=&#8221;&#8221; background_position=&#8221;center center&#8221; background_repeat=&#8221;no-repeat&#8221; fade=&#8221;no&#8221; background_parallax=&#8221;none&#8221; parallax_speed=&#8221;0.3&#8243; video_mp4=&#8221;&#8221; video_webm=&#8221;&#8221; video_ogv=&#8221;&#8221; video_url=&#8221;&#8221; video_aspect_ratio=&#8221;16:9&#8243; video_loop=&#8221;yes&#8221; video_mute=&#8221;yes&#8221; overlay_color=&#8221;&#8221; video_preview_image=&#8221;&#8221; border_size=&#8221;&#8221; border_color=&#8221;&#8221; border_style=&#8221;solid&#8221; padding_top=&#8221;&#8221; padding_bottom=&#8221;&#8221; padding_left=&#8221;&#8221; padding_right=&#8221;&#8221;][fusion_builder_row][fusion_builder_column type=&#8221;1_1&#8243; layout=&#8221;1_1&#8243; background_position=&#8221;left top&#8221; background_color=&#8221;&#8221; border_size=&#8221;&#8221; border_color=&#8221;&#8221; border_style=&#8221;solid&#8221; border_position=&#8221;all&#8221; spacing=&#8221;yes&#8221; background_image=&#8221;&#8221; background_repeat=&#8221;no-repeat&#8221; padding_top=&#8221;&#8221; padding_right=&#8221;&#8221; padding_bottom=&#8221;&#8221; padding_left=&#8221;&#8221; margin_top=&#8221;0px&#8221; margin_bottom=&#8221;0px&#8221; class=&#8221;&#8221; id=&#8221;&#8221; animation_type=&#8221;&#8221; animation_speed=&#8221;0.3&#8243; animation_direction=&#8221;left&#8221; hide_on_mobile=&#8221;small-visibility,medium-visibility,large-visibility&#8221; center_content=&#8221;no&#8221; last=&#8221;no&#8221; min_height=&#8221;&#8221; hover_type=&#8221;none&#8221; link=&#8221;&#8221;][fusion_text]<\/p>\n<p>REDACCI\u00d3N<\/p>\n<p>\u25cf La m\u00e1s reciente edici\u00f3n del festival tendr\u00e1 a Gabriel Vargas, Meme Sol\u00eds, Malena Burke y Alejandro Ja\u00e9n con destacados tr\u00edos y reconocidos int\u00e9rpretes provenientes de 15 pa\u00edses.<\/p>\n<p>\u25cf Los conciertos reunir\u00e1n a m\u00e1s de 80 artistas de Am\u00e9rica y Europa para dar una muestra de lo m\u00e1s representativo del bolero cl\u00e1sico y actual.<\/p>\n<p>La\u00a0<strong>Direcci\u00f3n del Sistema de Teatros<\/strong>\u00a0de la\u00a0<strong>Secretar\u00eda de Cultura de la Ciudad de M\u00e9xico<\/strong>\u00a0anunci\u00f3 este martes la presentaci\u00f3n de m\u00e1s de 80 artistas provenientes de 15 pa\u00edses que participar\u00e1n en el\u00a0<strong>VII Festival Mundial del Bolero<\/strong>, el cual se realizar\u00e1 del viernes 26 al domingo 28 de agosto en el\u00a0<strong>Teatro de la Ciudad Esperanza Iris<\/strong>.<\/p>\n<p>\u201cLa finalidad de este festival es rendir un homenaje cada noche a las leyendas vivientes del g\u00e9nero\u201d, extern\u00f3 el director y creador del Festival, el conductor, pianista y compositor Rodrigo de la Cadena, quien precis\u00f3 que este a\u00f1o se rendir\u00e1 homenaje a Gabriel Vargas, Meme Sol\u00eds, Malena Burke y Alejandro Ja\u00e9n.<\/p>\n<p>Se trata, agreg\u00f3, de una aut\u00e9ntica fiesta del bolero rom\u00e1ntico para compartir lo m\u00e1s representativo del g\u00e9nero desde sus or\u00edgenes hasta su quehacer contempor\u00e1neo, que recibir\u00e1 a los m\u00e1s destacados tr\u00edos mexicanos y a excelentes cantantes y solistas de Argentina, Brasil, Colombia, Cuba, Venezuela, Panam\u00e1, Per\u00fa, Rep\u00fablica Dominicana, Polonia y, por supuesto, M\u00e9xico, as\u00ed como de Espa\u00f1a, Grecia y Polonia.<\/p>\n<p>\u201cGeneraci\u00f3n tras generaci\u00f3n, el bolero a\u00fan sigue siendo un representante de la cultura mexicana\u201d, subray\u00f3 en su participaci\u00f3n Gabriel Vargas, \u00faltimo integrante de la fundaci\u00f3n original del Tr\u00edo \u201cLos Panchos\u201d, quien ser\u00e1 homenajeado durante la primera gala del\u00a0<strong>viernes 26 de agosto<\/strong>, a las 19:00 horas.<\/p>\n<p>Esta presentaci\u00f3n contar\u00e1 con la participaci\u00f3n especial de Los Dandys, Los Tecolines, Los Santos, Dinast\u00eda Correa, Los Bribones, Los Astros, Los 4 Arm\u00f3nicos (Yucat\u00e1n), Filin Tr\u00edo de Colombia y el Tr\u00edo Kopal de Ecuador, entre otros int\u00e9rpretes.<\/p>\n<p>\u201cNuestro bolero latinoamericano es el m\u00e1s afianzado v\u00ednculo intercontinental e imperecedero que ha demostrado su perdurabilidad gracias a su s\u00f3lida estructura y manufactura, inspiradas por los m\u00e1s grandes m\u00fasicos y poetas de los siglos XIX y XX\u201d, agreg\u00f3 De la Cadena desde el Foyer del recinto capitalino.<\/p>\n<p>Detall\u00f3 que, al d\u00eda siguiente, el\u00a0<strong>s\u00e1bado 27 de agosto<\/strong>, el segundo concierto, que se realizar\u00e1 a las 18:00 horas, estar\u00e1 dedicado a dos grandes figuras del bolero cubano: Meme Sol\u00eds, pianista, cantante y compositor, fundador en 1960 del legendario Cuarteto Los Meme; y Malena Burke, quien lleva m\u00e1s de 50 a\u00f1os en la difusi\u00f3n del bolero por todo el mundo. Velada en la que subir\u00e1n al escenario Ya\u00edma S\u00e1ez y Alberto Berm\u00fadez de Cuba, Carlos Cuevas, Susanne Smolinska (Polonia), Rodolfo Mu\u00f1iz y Fabio Mart\u00ednez (Panam\u00e1), por mencionar algunos.<\/p>\n<p>Finalmente, el tercer concierto, que se efectuar\u00e1 el\u00a0<strong>domingo 28 de agosto<\/strong>, a las 18:00 horas, se dedicar\u00e1 al cantante, compositor y productor espa\u00f1ol Alejandro Ja\u00e9n, con la asistencia de Alejandra \u00c1valos, Aranza, Olga Mar\u00eda Touzet Guillot, Edgar Oceranzky, Manuel Jos\u00e9 y Danny Frank de Colombia y Jonathan Sandoval (Venezuela).<\/p>\n<p>El director y organizador del encuentro, Rodrigo de la Cadena, asegur\u00f3 que el bolero, g\u00e9nero musical que en 2018 cumpli\u00f3 100 a\u00f1os de vida en M\u00e9xico, sigue siendo \u201cun repertorio de notable producci\u00f3n en cada pa\u00eds, incluso m\u00e1s all\u00e1 de aquellos de habla hispana; que ha trascendido las barreras del idioma y las fronteras con presencia mundial a trav\u00e9s de un cat\u00e1logo que sobrevive a su momento gracias a su transmisi\u00f3n e interpretaci\u00f3n intergeneracional\u201d.<\/p>\n<p>Las actividades de la\u00a0<strong>Secretar\u00eda de Cultura de la Ciudad de M\u00e9xico<\/strong>\u00a0se pueden conocer en su p\u00e1gina oficial (<a href=\"http:\/\/www.cultura.cdmx.gob.mx\/\">https:\/\/cultura.cdmx.gob.mx\/<\/a>), en la Cartelera Cultural de la Ciudad de M\u00e9xico y a trav\u00e9s de sus redes sociales: Facebook, Twitter, Instagram y YouTube.<\/p>\n<p>[\/fusion_text][fusion_imageframe image_id=&#8221;46009|medium&#8221; max_width=&#8221;&#8221; style_type=&#8221;&#8221; blur=&#8221;&#8221; stylecolor=&#8221;&#8221; hover_type=&#8221;none&#8221; bordersize=&#8221;&#8221; bordercolor=&#8221;&#8221; borderradius=&#8221;&#8221; align=&#8221;none&#8221; lightbox=&#8221;no&#8221; gallery_id=&#8221;&#8221; lightbox_image=&#8221;&#8221; lightbox_image_id=&#8221;&#8221; alt=&#8221;&#8221; link=&#8221;&#8221; linktarget=&#8221;_self&#8221; hide_on_mobile=&#8221;small-visibility,medium-visibility,large-visibility&#8221; class=&#8221;&#8221; id=&#8221;&#8221; animation_type=&#8221;&#8221; animation_direction=&#8221;left&#8221; animation_speed=&#8221;0.3&#8243; animation_offset=&#8221;&#8221;]https:\/\/www.bitacoracdmx.com\/wp-content\/uploads\/2022\/08\/WhatsApp-Image-2022-08-16-at-5.25.42-PM-1-300&#215;200.jpeg[\/fusion_imageframe][\/fusion_builder_column][\/fusion_builder_row][\/fusion_builder_container]<\/p>\n","protected":false},"excerpt":{"rendered":"<p>[fusion_builder_container hundred_percent=&#8221;no&#8221; equal_height_columns=&#8221;no&#8221; menu_anchor=&#8221;&#8221; hide_on_mobile=&#8221;small-visibility,medium-visibility,large-visibility&#8221; class=&#8221;&#8221; id=&#8221;&#8221; background_color=&#8221;&#8221; background_image=&#8221;&#8221; background_position=&#8221;center center&#8221; background_repeat=&#8221;no-repeat&#8221; fade=&#8221;no&#8221; background_parallax=&#8221;none&#8221; parallax_speed=&#8221;0.3&#8243; video_mp4=&#8221;&#8221; video_webm=&#8221;&#8221; video_ogv=&#8221;&#8221; video_url=&#8221;&#8221; video_aspect_ratio=&#8221;16:9&#8243; video_loop=&#8221;yes&#8221; video_mute=&#8221;yes&#8221; overlay_color=&#8221;&#8221; video_preview_image=&#8221;&#8221; border_size=&#8221;&#8221; border_color=&#8221;&#8221; border_style=&#8221;solid&#8221; padding_top=&#8221;&#8221; padding_bottom=&#8221;&#8221; padding_left=&#8221;&#8221; padding_right=&#8221;&#8221;][fusion_builder_row][fusion_builder_column type=&#8221;1_1&#8243; layout=&#8221;1_1&#8243; background_position=&#8221;left top&#8221; background_color=&#8221;&#8221; border_size=&#8221;&#8221; border_color=&#8221;&#8221; border_style=&#8221;solid&#8221; border_position=&#8221;all&#8221; spacing=&#8221;yes&#8221; background_image=&#8221;&#8221; background_repeat=&#8221;no-repeat&#8221; padding_top=&#8221;&#8221; padding_right=&#8221;&#8221; padding_bottom=&#8221;&#8221; padding_left=&#8221;&#8221; margin_top=&#8221;0px&#8221; margin_bottom=&#8221;0px&#8221; class=&#8221;&#8221; id=&#8221;&#8221; animation_type=&#8221;&#8221; animation_speed=&#8221;0.3&#8243; animation_direction=&#8221;left&#8221; hide_on_mobile=&#8221;small-visibility,medium-visibility,large-visibility&#8221; center_content=&#8221;no&#8221; last=&#8221;no&#8221; min_height=&#8221;&#8221; hover_type=&#8221;none&#8221; link=&#8221;&#8221;][fusion_text] REDACCI\u00d3N \u25cf La m\u00e1s reciente edici\u00f3n del festival tendr\u00e1 a Gabriel Vargas, Meme Sol\u00eds, Malena Burke y Alejandro Ja\u00e9n con destacados tr\u00edos y reconocidos int\u00e9rpretes provenientes de 15 pa\u00edses. \u25cf Los conciertos reunir\u00e1n a m\u00e1s de 80 artistas de Am\u00e9rica [&hellip;]<\/p>\n","protected":false},"author":1,"featured_media":46009,"comment_status":"open","ping_status":"open","sticky":false,"template":"","format":"standard","meta":{"footnotes":""},"categories":[9,11],"tags":[],"_links":{"self":[{"href":"https:\/\/www.bitacoracdmx.com\/index.php?rest_route=\/wp\/v2\/posts\/46008"}],"collection":[{"href":"https:\/\/www.bitacoracdmx.com\/index.php?rest_route=\/wp\/v2\/posts"}],"about":[{"href":"https:\/\/www.bitacoracdmx.com\/index.php?rest_route=\/wp\/v2\/types\/post"}],"author":[{"embeddable":true,"href":"https:\/\/www.bitacoracdmx.com\/index.php?rest_route=\/wp\/v2\/users\/1"}],"replies":[{"embeddable":true,"href":"https:\/\/www.bitacoracdmx.com\/index.php?rest_route=%2Fwp%2Fv2%2Fcomments&post=46008"}],"version-history":[{"count":1,"href":"https:\/\/www.bitacoracdmx.com\/index.php?rest_route=\/wp\/v2\/posts\/46008\/revisions"}],"predecessor-version":[{"id":46010,"href":"https:\/\/www.bitacoracdmx.com\/index.php?rest_route=\/wp\/v2\/posts\/46008\/revisions\/46010"}],"wp:featuredmedia":[{"embeddable":true,"href":"https:\/\/www.bitacoracdmx.com\/index.php?rest_route=\/wp\/v2\/media\/46009"}],"wp:attachment":[{"href":"https:\/\/www.bitacoracdmx.com\/index.php?rest_route=%2Fwp%2Fv2%2Fmedia&parent=46008"}],"wp:term":[{"taxonomy":"category","embeddable":true,"href":"https:\/\/www.bitacoracdmx.com\/index.php?rest_route=%2Fwp%2Fv2%2Fcategories&post=46008"},{"taxonomy":"post_tag","embeddable":true,"href":"https:\/\/www.bitacoracdmx.com\/index.php?rest_route=%2Fwp%2Fv2%2Ftags&post=46008"}],"curies":[{"name":"wp","href":"https:\/\/api.w.org\/{rel}","templated":true}]}}