{"id":46011,"date":"2022-08-18T06:00:35","date_gmt":"2022-08-18T06:00:35","guid":{"rendered":"https:\/\/www.bitacoracdmx.com\/?p=46011"},"modified":"2022-08-18T06:00:35","modified_gmt":"2022-08-18T06:00:35","slug":"sonideros-levantan-la-voz-desde-faro-aragon-para-buscar-su-reconocimiento-y-regulacion","status":"publish","type":"post","link":"https:\/\/www.bitacoracdmx.com\/?p=46011","title":{"rendered":"SONIDEROS levantan la voz desde FARO ARAG\u00d3N para buscar su reconocimiento y regulaci\u00f3n"},"content":{"rendered":"<p>[fusion_builder_container hundred_percent=&#8221;no&#8221; equal_height_columns=&#8221;no&#8221; menu_anchor=&#8221;&#8221; hide_on_mobile=&#8221;small-visibility,medium-visibility,large-visibility&#8221; class=&#8221;&#8221; id=&#8221;&#8221; background_color=&#8221;&#8221; background_image=&#8221;&#8221; background_position=&#8221;center center&#8221; background_repeat=&#8221;no-repeat&#8221; fade=&#8221;no&#8221; background_parallax=&#8221;none&#8221; parallax_speed=&#8221;0.3&#8243; video_mp4=&#8221;&#8221; video_webm=&#8221;&#8221; video_ogv=&#8221;&#8221; video_url=&#8221;&#8221; video_aspect_ratio=&#8221;16:9&#8243; video_loop=&#8221;yes&#8221; video_mute=&#8221;yes&#8221; overlay_color=&#8221;&#8221; video_preview_image=&#8221;&#8221; border_size=&#8221;&#8221; border_color=&#8221;&#8221; border_style=&#8221;solid&#8221; padding_top=&#8221;&#8221; padding_bottom=&#8221;&#8221; padding_left=&#8221;&#8221; padding_right=&#8221;&#8221;][fusion_builder_row][fusion_builder_column type=&#8221;1_1&#8243; layout=&#8221;1_1&#8243; background_position=&#8221;left top&#8221; background_color=&#8221;&#8221; border_size=&#8221;&#8221; border_color=&#8221;&#8221; border_style=&#8221;solid&#8221; border_position=&#8221;all&#8221; spacing=&#8221;yes&#8221; background_image=&#8221;&#8221; background_repeat=&#8221;no-repeat&#8221; padding_top=&#8221;&#8221; padding_right=&#8221;&#8221; padding_bottom=&#8221;&#8221; padding_left=&#8221;&#8221; margin_top=&#8221;0px&#8221; margin_bottom=&#8221;0px&#8221; class=&#8221;&#8221; id=&#8221;&#8221; animation_type=&#8221;&#8221; animation_speed=&#8221;0.3&#8243; animation_direction=&#8221;left&#8221; hide_on_mobile=&#8221;small-visibility,medium-visibility,large-visibility&#8221; center_content=&#8221;no&#8221; last=&#8221;no&#8221; min_height=&#8221;&#8221; hover_type=&#8221;none&#8221; link=&#8221;&#8221;][fusion_text]<\/p>\n<p>REDACCI\u00d3N<\/p>\n<p>\u25cf Desde el recinto capitalino los gestores musicales abordan la necesidad de reconocer la importancia social de esta pr\u00e1ctica cultural que busca su consideraci\u00f3n como Patrimonio Cultural Inmaterial del pa\u00eds.<\/p>\n<p>\u25cf Sonido La Changa har\u00e1 un homenaje a los sonidos del barrio este s\u00e1bado 20 de agosto a las 17:00 horas.<\/p>\n<p>Con un llamado a la sociedad para reconocer la importancia del oficio musical en la reconstrucci\u00f3n del tejido social y a las autoridades para su regulaci\u00f3n y reconocimiento, la\u00a0<strong>F\u00e1brica de Artes y Oficios (FARO) Arag\u00f3n<\/strong>, realiz\u00f3 este martes el segundo\u00a0<strong>Foro de Reivindicaci\u00f3n Sonidera<\/strong>, en el marco de las actividades festivas por su VI aniversario.<\/p>\n<p>\u201cParte de nuestro festejo es apegarnos mucho a las tradiciones, al barrio y estar en contacto con \u00e9l, porque nosotros trabajamos all\u00e1 fuera justo con la gente y el espacio est\u00e1 abierto para la educaci\u00f3n colectiva\u201d, comparti\u00f3 Daniela Silva Fuentes, moderadora de la charla y responsable del recinto de la\u00a0<strong>Secretar\u00eda de Cultura capitalina<\/strong>.<\/p>\n<p>El encuentro cont\u00f3 con la participaci\u00f3n de David Mendoza, de Sonido Retro y Gabriel, de Sonido Inmensidad, en compa\u00f1\u00eda de Luis Romario Res\u00e9ndiz R\u00edos, gestor de eventos tradicionales de la zona de Mart\u00edn Carrera y Jos\u00e9 Daniel Tepos V\u00e1zquez, subdirector de actividades culturales y turismo de la alcald\u00eda Gustavo A. Madero.<\/p>\n<p>Al recordar el surgimiento de los sonideros hace siete d\u00e9cadas en la Ciudad de M\u00e9xico, David Mendoza subray\u00f3 sus inicios como pr\u00e1cticas culturales surgidas en entornos de marginalidad, que permit\u00edan la posibilidad de amenizar las fiestas y reconocer a los diversos personajes del barrio con los tradicionales saludos, y ahora promueven la cohesi\u00f3n social y, sobre todo, se ha vuelto una fuente de sustento que debe ser regulada.<\/p>\n<p>\u201cA la par que exigimos ser reconocidos entendemos que esto implica responsabilidades\u201d, expuso Mendoza, quien asegur\u00f3 que los principales conflictos con las autoridades radican en los horarios, cantidad y tipo de equipo, transportes, aforo y consumo de bebidas alcoh\u00f3licas, medidas que, indic\u00f3, deben ser reguladas con el desarrollo de una tipolog\u00eda de estos eventos en el espacio p\u00fablico.<\/p>\n<p>El gestor musical cuestion\u00f3 que este ejercicio no est\u00e9 considerado en el Reglamento para los trabajadores no asalariados de la ciudad ni en la Ley de Espect\u00e1culos P\u00fablicos y Actividades Recreativas, producto de una regulaci\u00f3n enfocada para prohibir, que la actual ciudad Innovadora y de Derechos busca, de la mano de esta dependencia cultural, trabajar en la promulgaci\u00f3n de esta pr\u00e1ctica como Patrimonio Cultural Inmaterial del pa\u00eds.<\/p>\n<p>Ante una Constituci\u00f3n local liderada por los derechos culturales, Mendoza enfatiz\u00f3 el impacto cultural de este oficio no s\u00f3lo por la derrama econ\u00f3mica que genera, sino tambi\u00e9n por su arraigo identitario, impulso a la creaci\u00f3n de los clubes de baile y la preservaci\u00f3n de una cultura musical que trasciende generaciones.<\/p>\n<p>\u201cEl movimiento sonidero ha permitido que los g\u00e9neros musicales de Guatemala para abajo sigan vivos y en el gusto de millones de personas a lo largo y ancho del pa\u00eds, y m\u00e1s all\u00e1, porque son ritmos o g\u00e9neros que no son actuales, como Frankie Ruiz, H\u00e9ctor Lavoe y Rufo Garrido, pero que la gente pide como si reci\u00e9n se hubieran estrenado esas canciones\u201d, comparti\u00f3.<\/p>\n<p>Gabriel, de Sonido Inmensidad, explic\u00f3 que esta pr\u00e1ctica cultural no promueve la violencia, y por el contrario ha servido para generar uni\u00f3n entre los barrios, tal como lo ejemplifica el lema de este aniversario \u201c6 A\u00f1os, retumbando con el Barrio\u201d, que busca la cohesi\u00f3n social y requiere, de manera urgente, alejar al oficio de diversos estigmas sociales.<\/p>\n<p>\u201cNosotros descubrimos que la m\u00fasica era la herramienta perfecta para reconciliar la bronca entre los barrios, esta calle contra esta calle \u00bfQu\u00e9 hace el sonido? Unir a la banda. Entonces, la m\u00fasica era la \u00fanica forma de reconciliar y la receta era el amor\u201d, revel\u00f3 el sonidero.<\/p>\n<p>Y agreg\u00f3: \u201cEl sonido ha sido nuestro psic\u00f3logo para restaurar partes de nuestro coraz\u00f3n y pensamiento, para salir de la tristeza y convivir respet\u00e1ndonos y admir\u00e1ndonos sin necesidad de fechas especiales\u201d.<\/p>\n<p>Al destacar que la del movimiento sonidero es una lucha de resistencia por el derecho a la ciudad y a la democratizaci\u00f3n del espacio p\u00fablico, Tepos V\u00e1zquez resalt\u00f3 el\u00a0<strong>\u201cHomenaje a los sonidos del barrio\u201d<\/strong>, que contar\u00e1 con la participaci\u00f3n de diversos representantes liderados por Sonido La Changa y Sonido Retro, este s\u00e1bado 20 de agosto a las 17:00 horas.<\/p>\n<p>El recinto celebra su oferta formativa con la que busca contribuir al fortalecimiento del tejido social, la recuperaci\u00f3n de la memoria colectiva, el quehacer comunitario, la resignificaci\u00f3n del espacio com\u00fan y la promoci\u00f3n de la equidad de g\u00e9nero para desaprender y reaprender las formas de vincularnos a trav\u00e9s de las tradicionales fiestas y elementos identitarios de Arag\u00f3n. La FARO Arag\u00f3n, integrante de la Red de FAROS de la Secretar\u00eda de Cultura capitalina, est\u00e1 ubicada en av. 517 s\/n, San Juan de Arag\u00f3n, Secci\u00f3n I, alcald\u00eda Gustavo A. Madero.<\/p>\n<p>Para conocer todos los detalles del programa, sigue las redes sociales Facebook\u00a0<a href=\"https:\/\/www.facebook.com\/FaroAragonOficial\/\">@FaroAragonOficial<\/a>, Twitter\u00a0<a href=\"https:\/\/twitter.com\/faroaragon?lang=es\">@FaroAragon<\/a>\u00a0e Instagram\u00a0<a href=\"https:\/\/www.instagram.com\/faroaragon\/?hl=es\">@faroaragon<\/a>.<\/p>\n<p>Las actividades de la Secretar\u00eda de Cultura de la Ciudad de M\u00e9xico se pueden conocer en su p\u00e1gina oficial (<a href=\"https:\/\/www.cultura.cdmx.gob.mx\/\">https:\/\/cultura.cdmx.gob.mx\/<\/a>), en la Cartelera Cultural de la Ciudad de M\u00e9xico y a trav\u00e9s de sus redes sociales: Facebook, Twitter, Instagram y YouTube.<\/p>\n<p>[\/fusion_text][fusion_imageframe image_id=&#8221;46013|medium&#8221; max_width=&#8221;&#8221; style_type=&#8221;&#8221; blur=&#8221;&#8221; stylecolor=&#8221;&#8221; hover_type=&#8221;none&#8221; bordersize=&#8221;&#8221; bordercolor=&#8221;&#8221; borderradius=&#8221;&#8221; align=&#8221;none&#8221; lightbox=&#8221;no&#8221; gallery_id=&#8221;&#8221; lightbox_image=&#8221;&#8221; lightbox_image_id=&#8221;&#8221; alt=&#8221;&#8221; link=&#8221;&#8221; linktarget=&#8221;_self&#8221; hide_on_mobile=&#8221;small-visibility,medium-visibility,large-visibility&#8221; class=&#8221;&#8221; id=&#8221;&#8221; animation_type=&#8221;&#8221; animation_direction=&#8221;left&#8221; animation_speed=&#8221;0.3&#8243; animation_offset=&#8221;&#8221;]https:\/\/www.bitacoracdmx.com\/wp-content\/uploads\/2022\/08\/WhatsApp-Image-2022-08-16-at-8.56.43-PM-300&#215;200.jpeg[\/fusion_imageframe][\/fusion_builder_column][\/fusion_builder_row][\/fusion_builder_container]<\/p>\n","protected":false},"excerpt":{"rendered":"<p>[fusion_builder_container hundred_percent=&#8221;no&#8221; equal_height_columns=&#8221;no&#8221; menu_anchor=&#8221;&#8221; hide_on_mobile=&#8221;small-visibility,medium-visibility,large-visibility&#8221; class=&#8221;&#8221; id=&#8221;&#8221; background_color=&#8221;&#8221; background_image=&#8221;&#8221; background_position=&#8221;center center&#8221; background_repeat=&#8221;no-repeat&#8221; fade=&#8221;no&#8221; background_parallax=&#8221;none&#8221; parallax_speed=&#8221;0.3&#8243; video_mp4=&#8221;&#8221; video_webm=&#8221;&#8221; video_ogv=&#8221;&#8221; video_url=&#8221;&#8221; video_aspect_ratio=&#8221;16:9&#8243; video_loop=&#8221;yes&#8221; video_mute=&#8221;yes&#8221; overlay_color=&#8221;&#8221; video_preview_image=&#8221;&#8221; border_size=&#8221;&#8221; border_color=&#8221;&#8221; border_style=&#8221;solid&#8221; padding_top=&#8221;&#8221; padding_bottom=&#8221;&#8221; padding_left=&#8221;&#8221; padding_right=&#8221;&#8221;][fusion_builder_row][fusion_builder_column type=&#8221;1_1&#8243; layout=&#8221;1_1&#8243; background_position=&#8221;left top&#8221; background_color=&#8221;&#8221; border_size=&#8221;&#8221; border_color=&#8221;&#8221; border_style=&#8221;solid&#8221; border_position=&#8221;all&#8221; spacing=&#8221;yes&#8221; background_image=&#8221;&#8221; background_repeat=&#8221;no-repeat&#8221; padding_top=&#8221;&#8221; padding_right=&#8221;&#8221; padding_bottom=&#8221;&#8221; padding_left=&#8221;&#8221; margin_top=&#8221;0px&#8221; margin_bottom=&#8221;0px&#8221; class=&#8221;&#8221; id=&#8221;&#8221; animation_type=&#8221;&#8221; animation_speed=&#8221;0.3&#8243; animation_direction=&#8221;left&#8221; hide_on_mobile=&#8221;small-visibility,medium-visibility,large-visibility&#8221; center_content=&#8221;no&#8221; last=&#8221;no&#8221; min_height=&#8221;&#8221; hover_type=&#8221;none&#8221; link=&#8221;&#8221;][fusion_text] REDACCI\u00d3N \u25cf Desde el recinto capitalino los gestores musicales abordan la necesidad de reconocer la importancia social de esta pr\u00e1ctica cultural que busca su consideraci\u00f3n como Patrimonio Cultural Inmaterial del pa\u00eds. \u25cf Sonido La Changa har\u00e1 un homenaje a los [&hellip;]<\/p>\n","protected":false},"author":1,"featured_media":46013,"comment_status":"open","ping_status":"open","sticky":false,"template":"","format":"standard","meta":{"footnotes":""},"categories":[9,11,1],"tags":[],"_links":{"self":[{"href":"https:\/\/www.bitacoracdmx.com\/index.php?rest_route=\/wp\/v2\/posts\/46011"}],"collection":[{"href":"https:\/\/www.bitacoracdmx.com\/index.php?rest_route=\/wp\/v2\/posts"}],"about":[{"href":"https:\/\/www.bitacoracdmx.com\/index.php?rest_route=\/wp\/v2\/types\/post"}],"author":[{"embeddable":true,"href":"https:\/\/www.bitacoracdmx.com\/index.php?rest_route=\/wp\/v2\/users\/1"}],"replies":[{"embeddable":true,"href":"https:\/\/www.bitacoracdmx.com\/index.php?rest_route=%2Fwp%2Fv2%2Fcomments&post=46011"}],"version-history":[{"count":2,"href":"https:\/\/www.bitacoracdmx.com\/index.php?rest_route=\/wp\/v2\/posts\/46011\/revisions"}],"predecessor-version":[{"id":46014,"href":"https:\/\/www.bitacoracdmx.com\/index.php?rest_route=\/wp\/v2\/posts\/46011\/revisions\/46014"}],"wp:featuredmedia":[{"embeddable":true,"href":"https:\/\/www.bitacoracdmx.com\/index.php?rest_route=\/wp\/v2\/media\/46013"}],"wp:attachment":[{"href":"https:\/\/www.bitacoracdmx.com\/index.php?rest_route=%2Fwp%2Fv2%2Fmedia&parent=46011"}],"wp:term":[{"taxonomy":"category","embeddable":true,"href":"https:\/\/www.bitacoracdmx.com\/index.php?rest_route=%2Fwp%2Fv2%2Fcategories&post=46011"},{"taxonomy":"post_tag","embeddable":true,"href":"https:\/\/www.bitacoracdmx.com\/index.php?rest_route=%2Fwp%2Fv2%2Ftags&post=46011"}],"curies":[{"name":"wp","href":"https:\/\/api.w.org\/{rel}","templated":true}]}}