{"id":46075,"date":"2022-08-20T05:52:23","date_gmt":"2022-08-20T05:52:23","guid":{"rendered":"https:\/\/www.bitacoracdmx.com\/?p=46075"},"modified":"2022-08-20T05:52:23","modified_gmt":"2022-08-20T05:52:23","slug":"la-pelicula-oliverio-y-la-piscina-del-director-mexicano-arcadi-palerm-artis-ahora-compite-en-el-festival-de-cine-de-monterrey","status":"publish","type":"post","link":"https:\/\/www.bitacoracdmx.com\/?p=46075","title":{"rendered":"La pel\u00edcula \u201cOLIVERIO Y LA PISCINA\u201d del director mexicano ARCADI PALERM-ART\u00cdS ahora compite en el Festival de Cine de MONTERREY"},"content":{"rendered":"<p>[fusion_builder_container hundred_percent=&#8221;no&#8221; equal_height_columns=&#8221;no&#8221; menu_anchor=&#8221;&#8221; hide_on_mobile=&#8221;small-visibility,medium-visibility,large-visibility&#8221; class=&#8221;&#8221; id=&#8221;&#8221; background_color=&#8221;&#8221; background_image=&#8221;&#8221; background_position=&#8221;center center&#8221; background_repeat=&#8221;no-repeat&#8221; fade=&#8221;no&#8221; background_parallax=&#8221;none&#8221; parallax_speed=&#8221;0.3&#8243; video_mp4=&#8221;&#8221; video_webm=&#8221;&#8221; video_ogv=&#8221;&#8221; video_url=&#8221;&#8221; video_aspect_ratio=&#8221;16:9&#8243; video_loop=&#8221;yes&#8221; video_mute=&#8221;yes&#8221; overlay_color=&#8221;&#8221; video_preview_image=&#8221;&#8221; border_size=&#8221;&#8221; border_color=&#8221;&#8221; border_style=&#8221;solid&#8221; padding_top=&#8221;&#8221; padding_bottom=&#8221;&#8221; padding_left=&#8221;&#8221; padding_right=&#8221;&#8221;][fusion_builder_row][fusion_builder_column type=&#8221;1_1&#8243; layout=&#8221;1_1&#8243; background_position=&#8221;left top&#8221; background_color=&#8221;&#8221; border_size=&#8221;&#8221; border_color=&#8221;&#8221; border_style=&#8221;solid&#8221; border_position=&#8221;all&#8221; spacing=&#8221;yes&#8221; background_image=&#8221;&#8221; background_repeat=&#8221;no-repeat&#8221; padding_top=&#8221;&#8221; padding_right=&#8221;&#8221; padding_bottom=&#8221;&#8221; padding_left=&#8221;&#8221; margin_top=&#8221;0px&#8221; margin_bottom=&#8221;0px&#8221; class=&#8221;&#8221; id=&#8221;&#8221; animation_type=&#8221;&#8221; animation_speed=&#8221;0.3&#8243; animation_direction=&#8221;left&#8221; hide_on_mobile=&#8221;small-visibility,medium-visibility,large-visibility&#8221; center_content=&#8221;no&#8221; last=&#8221;no&#8221; min_height=&#8221;&#8221; hover_type=&#8221;none&#8221; link=&#8221;&#8221;][fusion_text]<\/p>\n<p>REDACCI\u00d3N<\/p>\n<h3 class=\"x_null\"><strong>\u2022\u00a0\u00a0 La pel\u00edcula es la historia de un joven de 13 a\u00f1os que debe enfrentarse a la prematura e inesperada muerte de su padre<br aria-hidden=\"true\" \/><br aria-hidden=\"true\" \/>\u2022\u00a0\u00a0 \u00a0El s\u00e1bado 20 de agosto tendr\u00e1 una funci\u00f3n en streaming disponible en todo el pa\u00eds a trav\u00e9s de Filminlatino\u00a0<\/strong><\/h3>\n<p>La pel\u00edcula\u00a0<em>Oliverio y la Piscina<\/em>\u00a0del director mexicano Arcadi Palerm-Art\u00eds contin\u00faa su paso firme por el circuito de festivales nacionales y despu\u00e9s de su exitoso paso por el GIFF, ahora compite en la Selecci\u00f3n Oficial del Festival Internacional de Cine de Monterrey, que se realiza del 17 al 28 de agosto. El filme narra la historia de un joven de 13 a\u00f1os que debe enfrentarse a la prematura e inesperada muerte de su padre, mientras se adentra en el complejo mundo de la temprana adolescencia.<br aria-hidden=\"true\" \/>\u00a0<br aria-hidden=\"true\" \/>La cinta que fue bien recibida por el p\u00fablico y la cr\u00edtica en su estreno mexicano en el baj\u00edo ahora podr\u00e1 verse a nivel nacional en streaming con una funci\u00f3n este s\u00e1bado 20 de agosto en Filminlatino, adem\u00e1s de contar con dos funciones presenciales en Monterrey con la presencia del director Arcadi Palerm-Art\u00eds, una este viernes 19 de agosto en la Cineteca del estado y la segunda el martes 23 de agosto.<br aria-hidden=\"true\" \/>\u00a0<br aria-hidden=\"true\" \/>\u201cOliverio\u201d, interpretado por el joven actor Alejandro Are\u00e1n, cuestiona su realidad aisl\u00e1ndose en una tumbona junto a la piscina de su casa, donde vive el duelo mientras deambula en un viaje est\u00e1tico de autodescubrimiento y contemplaci\u00f3n. La pel\u00edcula tambi\u00e9n cuenta con la participaci\u00f3n de M\u00f3nica Huarte, quien interpreta a \u201cLily\u201d, la madre de Oliverio, quien hace un descomunal derroche de talento para esta pel\u00edcula.<br aria-hidden=\"true\" \/>\u00a0<br aria-hidden=\"true\" \/>La cinta tambi\u00e9n cuenta con la participaci\u00f3n de Jorge Z\u00e1rate en una faceta muy distinta, construyendo una entra\u00f1able empleada dom\u00e9stica. Otro gran descubrimiento es Camila Cal\u00f3nico, debutante joven actriz.\u00a0 Tambi\u00e9n participan C\u00e9sar Troncoso (El Ba\u00f1o del Papa, 2007), leyenda del cine Uruguayo, y el compositor Jacobo Lieberman, uno de los creadores de m\u00fasica m\u00e1s prol\u00edficos y premiados en la historia del cine mexicano.<br aria-hidden=\"true\" \/>\u00a0<br aria-hidden=\"true\" \/>Sobre la inspiraci\u00f3n y las motivaciones para filmar y escribir\u00a0<em>Oliverio y la Piscina<\/em>\u00a0junto al afamado dramaturgo y guionista Gibran P\u00f3rtela (La Jaula de Oro, G\u00fceros y La Regi\u00f3n Salvaje), Arcadi Palerm-Art\u00eds coment\u00f3 lo siguiente: \u201cLa inspiraci\u00f3n viene de la muerte de mi padre, tuve la suerte de que el proceso de su fallecimiento fuese algo a lo que se puede aspirar, una especie de morir mejor, nos pudimos despedir de \u00e9l en paz. Pero cuando uno experimenta la muerte cercana tu realidad se trastoca, mi percepci\u00f3n era distinta, entonces valoraba cada momento de manera diferente y quise contar la historia de Oliverio a trav\u00e9s de eso\u201d.<br aria-hidden=\"true\" \/>\u00a0<br aria-hidden=\"true\" \/>La pel\u00edcula equilibra el drama con la comedia con perspicacia y elocuencia, para hablar del perd\u00f3n y reflexionar sobre las relaciones familiares neur\u00f3ticas en un coming of age que sale de los convencionalismos y articula una fluida narrativa a partir del aprovechamiento de sus recursos t\u00e9cnicos y el multifac\u00e9tico elenco con el que cuenta.<br aria-hidden=\"true\" \/>\u00a0<br aria-hidden=\"true\" \/>\u201cNo debemos hacernos a la idea de ser inmortales, ni permitirnos estar en pleito con quienes queremos y nos quieren. Pidamos perd\u00f3n, perdonemos y mov\u00e1monos, de eso es la pel\u00edcula, del di\u00e1logo, de perdonar y perdonarse porque no sabemos cu\u00e1ndo acabar\u00e1 la vida\u201d, reflexion\u00f3 el director acerca del mensaje de la pel\u00edcula.<br aria-hidden=\"true\" \/>\u00a0<br aria-hidden=\"true\" \/>El director Arcadi Palerm-Art\u00eds se adentra en la escritura y direcci\u00f3n en su primer largometraje de ficci\u00f3n despu\u00e9s de haber realizado cortometrajes como: Mantra (2005), Sirenas de Fondo (2007) y Bajo el Sol (2012). Tambi\u00e9n escribi\u00f3 la primera temporada de Las Cr\u00f3nicas del Taco, la aclamada serie de Netflix, y actualmente reside en Texas.<br aria-hidden=\"true\" \/>\u00a0<br aria-hidden=\"true\" \/><em>Oliverio y la Piscina<\/em>\u00a0ha sido premiada en varios festivales de Estados Unidos y el mundo, se llev\u00f3 los premios a mejor pel\u00edcula internacional y mejor director en Santa Fe Film Festival 2022, mejor pel\u00edcula extranjera en Beverly Hills Film Festival 2022, mejor pel\u00edcula y mejor director en el World-Fest Houston 2022, por mecionar algunos.<\/p>\n<p>[\/fusion_text][fusion_imageframe image_id=&#8221;46076|medium&#8221; max_width=&#8221;&#8221; style_type=&#8221;&#8221; blur=&#8221;&#8221; stylecolor=&#8221;&#8221; hover_type=&#8221;none&#8221; bordersize=&#8221;&#8221; bordercolor=&#8221;&#8221; borderradius=&#8221;&#8221; align=&#8221;none&#8221; lightbox=&#8221;no&#8221; gallery_id=&#8221;&#8221; lightbox_image=&#8221;&#8221; lightbox_image_id=&#8221;&#8221; alt=&#8221;&#8221; link=&#8221;&#8221; linktarget=&#8221;_self&#8221; hide_on_mobile=&#8221;small-visibility,medium-visibility,large-visibility&#8221; class=&#8221;&#8221; id=&#8221;&#8221; animation_type=&#8221;&#8221; animation_direction=&#8221;left&#8221; animation_speed=&#8221;0.3&#8243; animation_offset=&#8221;&#8221;]https:\/\/www.bitacoracdmx.com\/wp-content\/uploads\/2022\/08\/poster-oliverio-y-la-piscina_curvas-01-copia-200&#215;300.jpg[\/fusion_imageframe][\/fusion_builder_column][\/fusion_builder_row][\/fusion_builder_container]<\/p>\n","protected":false},"excerpt":{"rendered":"<p>[fusion_builder_container hundred_percent=&#8221;no&#8221; equal_height_columns=&#8221;no&#8221; menu_anchor=&#8221;&#8221; hide_on_mobile=&#8221;small-visibility,medium-visibility,large-visibility&#8221; class=&#8221;&#8221; id=&#8221;&#8221; background_color=&#8221;&#8221; background_image=&#8221;&#8221; background_position=&#8221;center center&#8221; background_repeat=&#8221;no-repeat&#8221; fade=&#8221;no&#8221; background_parallax=&#8221;none&#8221; parallax_speed=&#8221;0.3&#8243; video_mp4=&#8221;&#8221; video_webm=&#8221;&#8221; video_ogv=&#8221;&#8221; video_url=&#8221;&#8221; video_aspect_ratio=&#8221;16:9&#8243; video_loop=&#8221;yes&#8221; video_mute=&#8221;yes&#8221; overlay_color=&#8221;&#8221; video_preview_image=&#8221;&#8221; border_size=&#8221;&#8221; border_color=&#8221;&#8221; border_style=&#8221;solid&#8221; padding_top=&#8221;&#8221; padding_bottom=&#8221;&#8221; padding_left=&#8221;&#8221; padding_right=&#8221;&#8221;][fusion_builder_row][fusion_builder_column type=&#8221;1_1&#8243; layout=&#8221;1_1&#8243; background_position=&#8221;left top&#8221; background_color=&#8221;&#8221; border_size=&#8221;&#8221; border_color=&#8221;&#8221; border_style=&#8221;solid&#8221; border_position=&#8221;all&#8221; spacing=&#8221;yes&#8221; background_image=&#8221;&#8221; background_repeat=&#8221;no-repeat&#8221; padding_top=&#8221;&#8221; padding_right=&#8221;&#8221; padding_bottom=&#8221;&#8221; padding_left=&#8221;&#8221; margin_top=&#8221;0px&#8221; margin_bottom=&#8221;0px&#8221; class=&#8221;&#8221; id=&#8221;&#8221; animation_type=&#8221;&#8221; animation_speed=&#8221;0.3&#8243; animation_direction=&#8221;left&#8221; hide_on_mobile=&#8221;small-visibility,medium-visibility,large-visibility&#8221; center_content=&#8221;no&#8221; last=&#8221;no&#8221; min_height=&#8221;&#8221; hover_type=&#8221;none&#8221; link=&#8221;&#8221;][fusion_text] REDACCI\u00d3N \u2022\u00a0\u00a0 La pel\u00edcula es la historia de un joven de 13 a\u00f1os que debe enfrentarse a la prematura e inesperada muerte de su padre\u2022\u00a0\u00a0 \u00a0El s\u00e1bado 20 de agosto tendr\u00e1 una funci\u00f3n en streaming disponible en todo el pa\u00eds [&hellip;]<\/p>\n","protected":false},"author":1,"featured_media":46076,"comment_status":"open","ping_status":"open","sticky":false,"template":"","format":"standard","meta":{"footnotes":""},"categories":[3,9],"tags":[],"_links":{"self":[{"href":"https:\/\/www.bitacoracdmx.com\/index.php?rest_route=\/wp\/v2\/posts\/46075"}],"collection":[{"href":"https:\/\/www.bitacoracdmx.com\/index.php?rest_route=\/wp\/v2\/posts"}],"about":[{"href":"https:\/\/www.bitacoracdmx.com\/index.php?rest_route=\/wp\/v2\/types\/post"}],"author":[{"embeddable":true,"href":"https:\/\/www.bitacoracdmx.com\/index.php?rest_route=\/wp\/v2\/users\/1"}],"replies":[{"embeddable":true,"href":"https:\/\/www.bitacoracdmx.com\/index.php?rest_route=%2Fwp%2Fv2%2Fcomments&post=46075"}],"version-history":[{"count":1,"href":"https:\/\/www.bitacoracdmx.com\/index.php?rest_route=\/wp\/v2\/posts\/46075\/revisions"}],"predecessor-version":[{"id":46077,"href":"https:\/\/www.bitacoracdmx.com\/index.php?rest_route=\/wp\/v2\/posts\/46075\/revisions\/46077"}],"wp:featuredmedia":[{"embeddable":true,"href":"https:\/\/www.bitacoracdmx.com\/index.php?rest_route=\/wp\/v2\/media\/46076"}],"wp:attachment":[{"href":"https:\/\/www.bitacoracdmx.com\/index.php?rest_route=%2Fwp%2Fv2%2Fmedia&parent=46075"}],"wp:term":[{"taxonomy":"category","embeddable":true,"href":"https:\/\/www.bitacoracdmx.com\/index.php?rest_route=%2Fwp%2Fv2%2Fcategories&post=46075"},{"taxonomy":"post_tag","embeddable":true,"href":"https:\/\/www.bitacoracdmx.com\/index.php?rest_route=%2Fwp%2Fv2%2Ftags&post=46075"}],"curies":[{"name":"wp","href":"https:\/\/api.w.org\/{rel}","templated":true}]}}