{"id":46084,"date":"2022-08-20T06:24:51","date_gmt":"2022-08-20T06:24:51","guid":{"rendered":"https:\/\/www.bitacoracdmx.com\/?p=46084"},"modified":"2022-08-20T06:24:51","modified_gmt":"2022-08-20T06:24:51","slug":"exhiben-polemica-escultura-del-papa-en-galeria-de-la-ciudad-de-mexico","status":"publish","type":"post","link":"https:\/\/www.bitacoracdmx.com\/?p=46084","title":{"rendered":"Exhiben Pol\u00e9mica escultura del Papa en Galer\u00eda de la Ciudad de M\u00e9xico"},"content":{"rendered":"<p>[fusion_builder_container hundred_percent=&#8221;no&#8221; equal_height_columns=&#8221;no&#8221; menu_anchor=&#8221;&#8221; hide_on_mobile=&#8221;small-visibility,medium-visibility,large-visibility&#8221; class=&#8221;&#8221; id=&#8221;&#8221; background_color=&#8221;&#8221; background_image=&#8221;&#8221; background_position=&#8221;center center&#8221; background_repeat=&#8221;no-repeat&#8221; fade=&#8221;no&#8221; background_parallax=&#8221;none&#8221; parallax_speed=&#8221;0.3&#8243; video_mp4=&#8221;&#8221; video_webm=&#8221;&#8221; video_ogv=&#8221;&#8221; video_url=&#8221;&#8221; video_aspect_ratio=&#8221;16:9&#8243; video_loop=&#8221;yes&#8221; video_mute=&#8221;yes&#8221; overlay_color=&#8221;&#8221; video_preview_image=&#8221;&#8221; border_size=&#8221;&#8221; border_color=&#8221;&#8221; border_style=&#8221;solid&#8221; padding_top=&#8221;&#8221; padding_bottom=&#8221;&#8221; padding_left=&#8221;&#8221; padding_right=&#8221;&#8221;][fusion_builder_row][fusion_builder_column type=&#8221;1_1&#8243; layout=&#8221;1_1&#8243; background_position=&#8221;left top&#8221; background_color=&#8221;&#8221; border_size=&#8221;&#8221; border_color=&#8221;&#8221; border_style=&#8221;solid&#8221; border_position=&#8221;all&#8221; spacing=&#8221;yes&#8221; background_image=&#8221;&#8221; background_repeat=&#8221;no-repeat&#8221; padding_top=&#8221;&#8221; padding_right=&#8221;&#8221; padding_bottom=&#8221;&#8221; padding_left=&#8221;&#8221; margin_top=&#8221;0px&#8221; margin_bottom=&#8221;0px&#8221; class=&#8221;&#8221; id=&#8221;&#8221; animation_type=&#8221;&#8221; animation_speed=&#8221;0.3&#8243; animation_direction=&#8221;left&#8221; hide_on_mobile=&#8221;small-visibility,medium-visibility,large-visibility&#8221; center_content=&#8221;no&#8221; last=&#8221;no&#8221; min_height=&#8221;&#8221; hover_type=&#8221;none&#8221; link=&#8221;&#8221;][fusion_text]<\/p>\n<p>REDACCI\u00d3N<\/p>\n<div>A partir de este 22 de agosto, ser\u00e1 expuesta en la Galer\u00eda Aguafuerte una pol\u00e9mica escultura, presentada en tr\u00edptico, del artista chileno Pablo Maire, en la que se puede reconocer al Papa Francisco, primero arrullando a un beb\u00e9 y luego tir\u00e1ndolo al suelo hasta verlo destrozado.<br aria-hidden=\"true\" \/><\/div>\n<div>Esta obra titulada\u00a0<b><i>\u201cChao Tradici\u00f3n\u201d<\/i><\/b><i>,<\/i>\u00a0hace una cr\u00edtica a la Iglesia Cat\u00f3lica y sus jerarcas, que, para el artista, perpet\u00faan un modelo violento y anacr\u00f3nico .<\/div>\n<p>La obra hecha en poliresina de 27 x 11 x 9 cm, con base hecha de madera, fue propuesta por el artista, al galerista Israel Alvarado, uno de los pocos miembros del gremio, abiertos a presentar obras pol\u00e9micas y disruptivas como \u00e9sta. Ser\u00e1 expuesta en la muestra colaborativa \u201cQu\u00edmicas \u00c1cidas\u201d, en la que tambi\u00e9n estar\u00e1 presente la obra de la escultora italiana Francesca Dalla Benetta.<br aria-hidden=\"true\" \/>\u00a0<br aria-hidden=\"true\" \/>Adem\u00e1s de la obra del Papa, censurada en otras ocasiones, se presenta un \u00f3leo sobre tela en el que aparecen dos hombres, uno de raza negra y otro de raza blanca, ambos con sobrepeso, fundidos en un beso. Esta obra busca dar muestra de que el erotismo no tiene estereotipos, seg\u00fan explica\u00a0\u00a0Alvarado, el curador y director de Aguafuerte Galer\u00eda.<\/p>\n<p>La muestra \u201cQu\u00edmicas \u00c1cidas\u201d estar\u00e1 abierta hasta el 19 de septiembre, con entrada gratuita para el p\u00fablico en general. La cita es en Guanajuato 118, Colonia Roma.\u00a0<br aria-hidden=\"true\" \/>\u00a0<br aria-hidden=\"true\" \/>Las obras estar\u00e1n a la venta a partir de 4 mil pesos hasta 100 mil<\/p>\n<p>[\/fusion_text][fusion_gallery layout=&#8221;&#8221; picture_size=&#8221;&#8221; columns=&#8221;&#8221; column_spacing=&#8221;10&#8243; gallery_masonry_grid_ratio=&#8221;&#8221; gallery_masonry_width_double=&#8221;&#8221; hover_type=&#8221;&#8221; lightbox=&#8221;yes&#8221; lightbox_content=&#8221;&#8221; bordersize=&#8221;&#8221; bordercolor=&#8221;&#8221; border_radius=&#8221;&#8221; hide_on_mobile=&#8221;small-visibility,medium-visibility,large-visibility&#8221; class=&#8221;&#8221; id=&#8221;&#8221;][fusion_gallery_image image=&#8221;https:\/\/www.bitacoracdmx.com\/wp-content\/uploads\/2022\/08\/WhatsApp-Image-2022-08-17-at-9.58.55-AM-300&#215;223.jpeg&#8221; image_id=&#8221;46085|medium&#8221; link=&#8221;&#8221; linktarget=&#8221;_self&#8221; \/][fusion_gallery_image image=&#8221;https:\/\/www.bitacoracdmx.com\/wp-content\/uploads\/2022\/08\/WhatsApp-Image-2022-08-17-at-10.01.41-AM-300&#215;200.jpeg&#8221; image_id=&#8221;46086|medium&#8221; link=&#8221;&#8221; linktarget=&#8221;_self&#8221; \/][\/fusion_gallery][\/fusion_builder_column][\/fusion_builder_row][\/fusion_builder_container]<\/p>\n","protected":false},"excerpt":{"rendered":"<p>[fusion_builder_container hundred_percent=&#8221;no&#8221; equal_height_columns=&#8221;no&#8221; menu_anchor=&#8221;&#8221; hide_on_mobile=&#8221;small-visibility,medium-visibility,large-visibility&#8221; class=&#8221;&#8221; id=&#8221;&#8221; background_color=&#8221;&#8221; background_image=&#8221;&#8221; background_position=&#8221;center center&#8221; background_repeat=&#8221;no-repeat&#8221; fade=&#8221;no&#8221; background_parallax=&#8221;none&#8221; parallax_speed=&#8221;0.3&#8243; video_mp4=&#8221;&#8221; video_webm=&#8221;&#8221; video_ogv=&#8221;&#8221; video_url=&#8221;&#8221; video_aspect_ratio=&#8221;16:9&#8243; video_loop=&#8221;yes&#8221; video_mute=&#8221;yes&#8221; overlay_color=&#8221;&#8221; video_preview_image=&#8221;&#8221; border_size=&#8221;&#8221; border_color=&#8221;&#8221; border_style=&#8221;solid&#8221; padding_top=&#8221;&#8221; padding_bottom=&#8221;&#8221; padding_left=&#8221;&#8221; padding_right=&#8221;&#8221;][fusion_builder_row][fusion_builder_column type=&#8221;1_1&#8243; layout=&#8221;1_1&#8243; background_position=&#8221;left top&#8221; background_color=&#8221;&#8221; border_size=&#8221;&#8221; border_color=&#8221;&#8221; border_style=&#8221;solid&#8221; border_position=&#8221;all&#8221; spacing=&#8221;yes&#8221; background_image=&#8221;&#8221; background_repeat=&#8221;no-repeat&#8221; padding_top=&#8221;&#8221; padding_right=&#8221;&#8221; padding_bottom=&#8221;&#8221; padding_left=&#8221;&#8221; margin_top=&#8221;0px&#8221; margin_bottom=&#8221;0px&#8221; class=&#8221;&#8221; id=&#8221;&#8221; animation_type=&#8221;&#8221; animation_speed=&#8221;0.3&#8243; animation_direction=&#8221;left&#8221; hide_on_mobile=&#8221;small-visibility,medium-visibility,large-visibility&#8221; center_content=&#8221;no&#8221; last=&#8221;no&#8221; min_height=&#8221;&#8221; hover_type=&#8221;none&#8221; link=&#8221;&#8221;][fusion_text] REDACCI\u00d3N A partir de este 22 de agosto, ser\u00e1 expuesta en la Galer\u00eda Aguafuerte una pol\u00e9mica escultura, presentada en tr\u00edptico, del artista chileno Pablo Maire, en la que se puede reconocer al Papa Francisco, primero arrullando a un beb\u00e9 y [&hellip;]<\/p>\n","protected":false},"author":1,"featured_media":46086,"comment_status":"open","ping_status":"open","sticky":false,"template":"","format":"standard","meta":{"footnotes":""},"categories":[5,8,9],"tags":[],"_links":{"self":[{"href":"https:\/\/www.bitacoracdmx.com\/index.php?rest_route=\/wp\/v2\/posts\/46084"}],"collection":[{"href":"https:\/\/www.bitacoracdmx.com\/index.php?rest_route=\/wp\/v2\/posts"}],"about":[{"href":"https:\/\/www.bitacoracdmx.com\/index.php?rest_route=\/wp\/v2\/types\/post"}],"author":[{"embeddable":true,"href":"https:\/\/www.bitacoracdmx.com\/index.php?rest_route=\/wp\/v2\/users\/1"}],"replies":[{"embeddable":true,"href":"https:\/\/www.bitacoracdmx.com\/index.php?rest_route=%2Fwp%2Fv2%2Fcomments&post=46084"}],"version-history":[{"count":1,"href":"https:\/\/www.bitacoracdmx.com\/index.php?rest_route=\/wp\/v2\/posts\/46084\/revisions"}],"predecessor-version":[{"id":46087,"href":"https:\/\/www.bitacoracdmx.com\/index.php?rest_route=\/wp\/v2\/posts\/46084\/revisions\/46087"}],"wp:featuredmedia":[{"embeddable":true,"href":"https:\/\/www.bitacoracdmx.com\/index.php?rest_route=\/wp\/v2\/media\/46086"}],"wp:attachment":[{"href":"https:\/\/www.bitacoracdmx.com\/index.php?rest_route=%2Fwp%2Fv2%2Fmedia&parent=46084"}],"wp:term":[{"taxonomy":"category","embeddable":true,"href":"https:\/\/www.bitacoracdmx.com\/index.php?rest_route=%2Fwp%2Fv2%2Fcategories&post=46084"},{"taxonomy":"post_tag","embeddable":true,"href":"https:\/\/www.bitacoracdmx.com\/index.php?rest_route=%2Fwp%2Fv2%2Ftags&post=46084"}],"curies":[{"name":"wp","href":"https:\/\/api.w.org\/{rel}","templated":true}]}}