{"id":46088,"date":"2022-08-20T06:55:13","date_gmt":"2022-08-20T06:55:13","guid":{"rendered":"https:\/\/www.bitacoracdmx.com\/?p=46088"},"modified":"2022-08-20T06:55:13","modified_gmt":"2022-08-20T06:55:13","slug":"los-saberes-ancestrales-presentes-en-la-viii-fiesta-de-las-culturas-indigenas","status":"publish","type":"post","link":"https:\/\/www.bitacoracdmx.com\/?p=46088","title":{"rendered":"Los saberes ancestrales presentes en la VIII FIESTA DE LAS CULTURAS IND\u00cdGENAS"},"content":{"rendered":"<p>[fusion_builder_container hundred_percent=&#8221;no&#8221; equal_height_columns=&#8221;no&#8221; menu_anchor=&#8221;&#8221; hide_on_mobile=&#8221;small-visibility,medium-visibility,large-visibility&#8221; class=&#8221;&#8221; id=&#8221;&#8221; background_color=&#8221;&#8221; background_image=&#8221;&#8221; background_position=&#8221;center center&#8221; background_repeat=&#8221;no-repeat&#8221; fade=&#8221;no&#8221; background_parallax=&#8221;none&#8221; parallax_speed=&#8221;0.3&#8243; video_mp4=&#8221;&#8221; video_webm=&#8221;&#8221; video_ogv=&#8221;&#8221; video_url=&#8221;&#8221; video_aspect_ratio=&#8221;16:9&#8243; video_loop=&#8221;yes&#8221; video_mute=&#8221;yes&#8221; overlay_color=&#8221;&#8221; video_preview_image=&#8221;&#8221; border_size=&#8221;&#8221; border_color=&#8221;&#8221; border_style=&#8221;solid&#8221; padding_top=&#8221;&#8221; padding_bottom=&#8221;&#8221; padding_left=&#8221;&#8221; padding_right=&#8221;&#8221;][fusion_builder_row][fusion_builder_column type=&#8221;1_1&#8243; layout=&#8221;1_1&#8243; background_position=&#8221;left top&#8221; background_color=&#8221;&#8221; border_size=&#8221;&#8221; border_color=&#8221;&#8221; border_style=&#8221;solid&#8221; border_position=&#8221;all&#8221; spacing=&#8221;yes&#8221; background_image=&#8221;&#8221; background_repeat=&#8221;no-repeat&#8221; padding_top=&#8221;&#8221; padding_right=&#8221;&#8221; padding_bottom=&#8221;&#8221; padding_left=&#8221;&#8221; margin_top=&#8221;0px&#8221; margin_bottom=&#8221;0px&#8221; class=&#8221;&#8221; id=&#8221;&#8221; animation_type=&#8221;&#8221; animation_speed=&#8221;0.3&#8243; animation_direction=&#8221;left&#8221; hide_on_mobile=&#8221;small-visibility,medium-visibility,large-visibility&#8221; center_content=&#8221;no&#8221; last=&#8221;no&#8221; min_height=&#8221;&#8221; hover_type=&#8221;none&#8221; link=&#8221;&#8221;][fusion_text]<\/p>\n<p>REDACCI\u00d3N<\/p>\n<p>\u25cf Masajes, limpias, sahumaciones, aceites y esencias son las principales actividades de las y los expositores, quienes estar\u00e1n hasta el 21 de agosto en el Z\u00f3calo capitalino.<\/p>\n<p>\u25cf Expositores consideran que este tipo de eventos permiten el rescate y la dignificaci\u00f3n de su actividad como una alternativa curativa.<\/p>\n<p>Una amplia oferta que incluye curanderos, masajistas y quiropr\u00e1cticos, entre otros expertos en la medicina tradicional ind\u00edgena, se hace presente en la\u00a0<strong>VIII edici\u00f3n de la Fiesta de las Culturas Ind\u00edgenas, Pueblos y Barrios Originarios de la Ciudad de M\u00e9xico<\/strong>, los cuales se presentan hasta el\u00a0<strong>domingo 21 de agosto<\/strong>\u00a0en el Z\u00f3calo capitalino.<\/p>\n<p>Atzintli Quetzali Manuatl, representante de la Casa de Medicina Tradicional Atzintli Quetzali, considera que la exhibici\u00f3n de esta oferta permite el rescate y la dignificaci\u00f3n de las limpias, servicio que ella complementa con la herbolaria y una amplia oferta de plantas medicinales que tambi\u00e9n forman parte de esta fiesta.<\/p>\n<p>En tanto, M\u00f3nica Lucio, exponente de mercanc\u00eda herbolaria, se\u00f1ala que sus productos como lociones corporales relajantes, pomadas para problemas articulares, aceites y esencias para el estr\u00e9s y el cansancio, son elaborados con ingredientes naturales cuyas materias primas provienen de comunidades de Guerrero y Puebla con la finalidad de mantener sus ra\u00edces y conocimientos ancestrales.<\/p>\n<p>Como lo han demostrado estudios realizados tanto por historiadores como por antrop\u00f3logos m\u00e9dicos, la llamada medicina tradicional cumple una funci\u00f3n tanto cultural como de alternativa de salud en comunidades ind\u00edgenas y en zonas urbanas.<\/p>\n<p>Arturo Blas Morales, huesero\/sobador proveniente de la regi\u00f3n de San Jer\u00f3nimo Tlacochahuaya, Oaxaca, considera que su conocimiento es una herencia familiar que puede aplicarse a las personas sanar alg\u00fan malestar, busquen alternativas a la medicina convencional o bien, accedan a ella por curiosidad.<\/p>\n<p>\u201cPara nosotros los masajes son sobadas correctivas y lo m\u00e1s popular son la correcci\u00f3n de huesos, cintura y ci\u00e1tica. Con la transformaci\u00f3n y modernidad de la salud con los emergentes spas y otras alternativas de la misma rama, nosotros lo que ofrecemos son t\u00e9cnicas de la medicina ancestral zapoteca\u201d, comparti\u00f3 en entrevista el expositor.<\/p>\n<p>Las limpias y sahumaciones son uno de los servicios m\u00e1s concurridos con los que Teresa S\u00e1nchez Castillo asegura que se puede tratar estr\u00e9s, gastritis, dolores de cabeza, depresi\u00f3n y ansiedad, entre otros males. \u201cAunque pareciera que hacemos lo mismo, el proceso es diferente para cada persona; se les pide permiso a los cuatro rumbos, pero una vez que identificamos lo que necesita la persona usamos el fuego con un ingrediente especial para ayudarla\u201d, explic\u00f3.<\/p>\n<p>\u201cLa verdad es la primera vez que me hago una limpia y sobre todo por curiosidad. Durante el proceso sent\u00ed que fueron desapareciendo las sensaciones de estr\u00e9s y ansiedad, adem\u00e1s la persona que me la hizo me atrajo una paz interior. Creo que el costo es bastante accesible, sobre todo si piensas que puedes acceder a esto en el coraz\u00f3n del Centro Hist\u00f3rico\u201d, comparti\u00f3 Beatriz Ju\u00e1rez, habitante de la alcald\u00eda Iztacalco.<\/p>\n<p>La VIII edici\u00f3n de la Fiesta de las Culturas Ind\u00edgenas, Pueblos y Barrios Originarios de la Ciudad de M\u00e9xico, que tambi\u00e9n ofrece actividades culturales en el C\u00edrculo de Saberes, est\u00e1 organizada por el Gobierno capitalino a trav\u00e9s de las Secretar\u00edas de Cultura y de Pueblos y Barrios Originarios y Comunidades Ind\u00edgenas Residentes, y permanecer\u00e1 hasta el 21 de agosto en el Z\u00f3calo.<\/p>\n<p>Las actividades de la\u00a0<strong>Secretar\u00eda de Cultura de la Ciudad de M\u00e9xico<\/strong>\u00a0se pueden conocer en su p\u00e1gina oficial (<a href=\"https:\/\/www.cultura.cdmx.gob.mx\/\">https:\/\/cultura.cdmx.gob.mx\/<\/a>), en la Cartelera Cultural de la Ciudad de M\u00e9xico y a trav\u00e9s de sus redes sociales: Facebook, Twitter, Instagram y YouTube.<\/p>\n<p>[\/fusion_text][fusion_imageframe image_id=&#8221;46089|medium&#8221; max_width=&#8221;&#8221; style_type=&#8221;&#8221; blur=&#8221;&#8221; stylecolor=&#8221;&#8221; hover_type=&#8221;none&#8221; bordersize=&#8221;&#8221; bordercolor=&#8221;&#8221; borderradius=&#8221;&#8221; align=&#8221;none&#8221; lightbox=&#8221;no&#8221; gallery_id=&#8221;&#8221; lightbox_image=&#8221;&#8221; lightbox_image_id=&#8221;&#8221; alt=&#8221;&#8221; link=&#8221;&#8221; linktarget=&#8221;_self&#8221; hide_on_mobile=&#8221;small-visibility,medium-visibility,large-visibility&#8221; class=&#8221;&#8221; id=&#8221;&#8221; animation_type=&#8221;&#8221; animation_direction=&#8221;left&#8221; animation_speed=&#8221;0.3&#8243; animation_offset=&#8221;&#8221;]https:\/\/www.bitacoracdmx.com\/wp-content\/uploads\/2022\/08\/WhatsApp-Image-2022-08-19-at-9.35.18-AM-2-300&#215;200.jpeg[\/fusion_imageframe][\/fusion_builder_column][\/fusion_builder_row][\/fusion_builder_container]<\/p>\n","protected":false},"excerpt":{"rendered":"<p>[fusion_builder_container hundred_percent=&#8221;no&#8221; equal_height_columns=&#8221;no&#8221; menu_anchor=&#8221;&#8221; hide_on_mobile=&#8221;small-visibility,medium-visibility,large-visibility&#8221; class=&#8221;&#8221; id=&#8221;&#8221; background_color=&#8221;&#8221; background_image=&#8221;&#8221; background_position=&#8221;center center&#8221; background_repeat=&#8221;no-repeat&#8221; fade=&#8221;no&#8221; background_parallax=&#8221;none&#8221; parallax_speed=&#8221;0.3&#8243; video_mp4=&#8221;&#8221; video_webm=&#8221;&#8221; video_ogv=&#8221;&#8221; video_url=&#8221;&#8221; video_aspect_ratio=&#8221;16:9&#8243; video_loop=&#8221;yes&#8221; video_mute=&#8221;yes&#8221; overlay_color=&#8221;&#8221; video_preview_image=&#8221;&#8221; border_size=&#8221;&#8221; border_color=&#8221;&#8221; border_style=&#8221;solid&#8221; padding_top=&#8221;&#8221; padding_bottom=&#8221;&#8221; padding_left=&#8221;&#8221; padding_right=&#8221;&#8221;][fusion_builder_row][fusion_builder_column type=&#8221;1_1&#8243; layout=&#8221;1_1&#8243; background_position=&#8221;left top&#8221; background_color=&#8221;&#8221; border_size=&#8221;&#8221; border_color=&#8221;&#8221; border_style=&#8221;solid&#8221; border_position=&#8221;all&#8221; spacing=&#8221;yes&#8221; background_image=&#8221;&#8221; background_repeat=&#8221;no-repeat&#8221; padding_top=&#8221;&#8221; padding_right=&#8221;&#8221; padding_bottom=&#8221;&#8221; padding_left=&#8221;&#8221; margin_top=&#8221;0px&#8221; margin_bottom=&#8221;0px&#8221; class=&#8221;&#8221; id=&#8221;&#8221; animation_type=&#8221;&#8221; animation_speed=&#8221;0.3&#8243; animation_direction=&#8221;left&#8221; hide_on_mobile=&#8221;small-visibility,medium-visibility,large-visibility&#8221; center_content=&#8221;no&#8221; last=&#8221;no&#8221; min_height=&#8221;&#8221; hover_type=&#8221;none&#8221; link=&#8221;&#8221;][fusion_text] REDACCI\u00d3N \u25cf Masajes, limpias, sahumaciones, aceites y esencias son las principales actividades de las y los expositores, quienes estar\u00e1n hasta el 21 de agosto en el Z\u00f3calo capitalino. \u25cf Expositores consideran que este tipo de eventos permiten el rescate y [&hellip;]<\/p>\n","protected":false},"author":1,"featured_media":46089,"comment_status":"open","ping_status":"open","sticky":false,"template":"","format":"standard","meta":{"footnotes":""},"categories":[4,8,9],"tags":[],"_links":{"self":[{"href":"https:\/\/www.bitacoracdmx.com\/index.php?rest_route=\/wp\/v2\/posts\/46088"}],"collection":[{"href":"https:\/\/www.bitacoracdmx.com\/index.php?rest_route=\/wp\/v2\/posts"}],"about":[{"href":"https:\/\/www.bitacoracdmx.com\/index.php?rest_route=\/wp\/v2\/types\/post"}],"author":[{"embeddable":true,"href":"https:\/\/www.bitacoracdmx.com\/index.php?rest_route=\/wp\/v2\/users\/1"}],"replies":[{"embeddable":true,"href":"https:\/\/www.bitacoracdmx.com\/index.php?rest_route=%2Fwp%2Fv2%2Fcomments&post=46088"}],"version-history":[{"count":1,"href":"https:\/\/www.bitacoracdmx.com\/index.php?rest_route=\/wp\/v2\/posts\/46088\/revisions"}],"predecessor-version":[{"id":46090,"href":"https:\/\/www.bitacoracdmx.com\/index.php?rest_route=\/wp\/v2\/posts\/46088\/revisions\/46090"}],"wp:featuredmedia":[{"embeddable":true,"href":"https:\/\/www.bitacoracdmx.com\/index.php?rest_route=\/wp\/v2\/media\/46089"}],"wp:attachment":[{"href":"https:\/\/www.bitacoracdmx.com\/index.php?rest_route=%2Fwp%2Fv2%2Fmedia&parent=46088"}],"wp:term":[{"taxonomy":"category","embeddable":true,"href":"https:\/\/www.bitacoracdmx.com\/index.php?rest_route=%2Fwp%2Fv2%2Fcategories&post=46088"},{"taxonomy":"post_tag","embeddable":true,"href":"https:\/\/www.bitacoracdmx.com\/index.php?rest_route=%2Fwp%2Fv2%2Ftags&post=46088"}],"curies":[{"name":"wp","href":"https:\/\/api.w.org\/{rel}","templated":true}]}}