{"id":46217,"date":"2022-08-25T00:56:55","date_gmt":"2022-08-25T00:56:55","guid":{"rendered":"https:\/\/www.bitacoracdmx.com\/?p=46217"},"modified":"2022-08-25T00:56:55","modified_gmt":"2022-08-25T00:56:55","slug":"comienza-el-circuito-sinaloense-de-artes-escenicas","status":"publish","type":"post","link":"https:\/\/www.bitacoracdmx.com\/?p=46217","title":{"rendered":"Comienza el Circuito Sinaloense de Artes Esc\u00e9nicas"},"content":{"rendered":"<p>[fusion_builder_container hundred_percent=&#8221;no&#8221; equal_height_columns=&#8221;no&#8221; menu_anchor=&#8221;&#8221; hide_on_mobile=&#8221;small-visibility,medium-visibility,large-visibility&#8221; class=&#8221;&#8221; id=&#8221;&#8221; background_color=&#8221;&#8221; background_image=&#8221;&#8221; background_position=&#8221;center center&#8221; background_repeat=&#8221;no-repeat&#8221; fade=&#8221;no&#8221; background_parallax=&#8221;none&#8221; parallax_speed=&#8221;0.3&#8243; video_mp4=&#8221;&#8221; video_webm=&#8221;&#8221; video_ogv=&#8221;&#8221; video_url=&#8221;&#8221; video_aspect_ratio=&#8221;16:9&#8243; video_loop=&#8221;yes&#8221; video_mute=&#8221;yes&#8221; overlay_color=&#8221;&#8221; video_preview_image=&#8221;&#8221; border_size=&#8221;&#8221; border_color=&#8221;&#8221; border_style=&#8221;solid&#8221; padding_top=&#8221;&#8221; padding_bottom=&#8221;&#8221; padding_left=&#8221;&#8221; padding_right=&#8221;&#8221;][fusion_builder_row][fusion_builder_column type=&#8221;1_1&#8243; layout=&#8221;1_1&#8243; background_position=&#8221;left top&#8221; background_color=&#8221;&#8221; border_size=&#8221;&#8221; border_color=&#8221;&#8221; border_style=&#8221;solid&#8221; border_position=&#8221;all&#8221; spacing=&#8221;yes&#8221; background_image=&#8221;&#8221; background_repeat=&#8221;no-repeat&#8221; padding_top=&#8221;&#8221; padding_right=&#8221;&#8221; padding_bottom=&#8221;&#8221; padding_left=&#8221;&#8221; margin_top=&#8221;0px&#8221; margin_bottom=&#8221;0px&#8221; class=&#8221;&#8221; id=&#8221;&#8221; animation_type=&#8221;&#8221; animation_speed=&#8221;0.3&#8243; animation_direction=&#8221;left&#8221; hide_on_mobile=&#8221;small-visibility,medium-visibility,large-visibility&#8221; center_content=&#8221;no&#8221; last=&#8221;no&#8221; min_height=&#8221;&#8221; hover_type=&#8221;none&#8221; link=&#8221;&#8221;][fusion_text]<\/p>\n<p>REDACCI\u00d3N<\/p>\n<p>\u2022 Con un total de ocho proyectos seleccionados que dar\u00e1n tres funciones gratuitas en 16 localidades de la entidad<br aria-hidden=\"true\" \/>\u2022 A cada uno de los grupos seleccionados se les otorgar\u00e1 un pago \u00fanico e indivisible de $27,500.00 pesos<\/p>\n<p>La Secretar\u00eda de Cultura del Gobierno de M\u00e9xico, a trav\u00e9s del Centro Cultural Hel\u00e9nico, y el Instituto Sinaloense de Cultura anuncian la programaci\u00f3n de la convocatoria: Rutas Esc\u00e9nicas Estatales. Apartado III. Circuito Sinaloense de Artes Esc\u00e9nicas (Programa de Fomento a las artes esc\u00e9nicas en Sinaloa), a llevarse a cabo del 3 al 30 de septiembre de 2022 a lo largo de 16 localidades de la entidad.<br aria-hidden=\"true\" \/><br aria-hidden=\"true\" \/>Este programa \u2014que se realiza por primera vez en colaboraci\u00f3n con las autoridades culturales de Sinaloa\u2014 es un modelo de circulaci\u00f3n basado en la gesti\u00f3n colaborativa entre instituciones p\u00fablicas, grupos art\u00edsticos y foros independientes.\u00a0 El objetivo es generar espacios para que las propuestas teatrales encuentren nuevos p\u00fablicos y logren generar un tejido de convivencia art\u00edstica con las comunidades del estado, como marcan los ejes de trabajo de la Secretar\u00eda de Cultura del Gobierno de M\u00e9xico.<br aria-hidden=\"true\" \/><br aria-hidden=\"true\" \/>Esta convocatoria seleccion\u00f3 a ocho puestas en escena que ofrecer\u00e1n un total de 24 funciones gratuitas en diferentes recintos municipales. Las compa\u00f1\u00edas seleccionadas recibir\u00e1n un pago de $27,500.00 pesos por la realizaci\u00f3n de los espect\u00e1culos.<br aria-hidden=\"true\" \/><br aria-hidden=\"true\" \/>El director del Centro Cultural Hel\u00e9nico, Antonio Z\u00fa\u00f1iga Chaparro, asegura que \u201cel teatro sinaloense ha destacado en los \u00faltimos a\u00f1os por sus reflexiones en torno a la relaci\u00f3n del sujeto ante la cultura de la violencia y la apuesta social por un futuro pac\u00edfico. Considerando que el teatro constituye una palestra que permite llevar al debate p\u00fablico estas inquietudes, resulta necesario crear rutas de circulaci\u00f3n para que los p\u00fablicos en diferentes municipios del estado tengan acceso a estos bienes culturales\u201d.<br aria-hidden=\"true\" \/><br aria-hidden=\"true\" \/>Los proyectos ganadores fueron elegidos por un jurado especializado en artes esc\u00e9nicas, el cual estuvo conformado por: Mariana Yulleni P\u00e9rez Vertti Garc\u00eda, Mariana Garc\u00eda Franco y Austin Gilberto Morgan Montes.<br aria-hidden=\"true\" \/><br aria-hidden=\"true\" \/>A continuaci\u00f3n, se despliega la programaci\u00f3n del Circuito Sinaloense de Artes Esc\u00e9nicas:<br aria-hidden=\"true\" \/><br aria-hidden=\"true\" \/><strong><em>Sabueso<\/em><\/strong><strong>\u00a0(del 3 al 28 de septiembre).<\/strong>\u00a0Pieza esc\u00e9nica que parte de diversas investigaciones sobre la desaparici\u00f3n forzada en Sinaloa y, espec\u00edficamente, del testimonio de Mar\u00eda Isabel Cruz Bernal, l\u00edder del grupo de b\u00fasqueda Sabuesos Guerreras.<br aria-hidden=\"true\" \/><br aria-hidden=\"true\" \/><strong><em>El camino de los locos<\/em><\/strong><strong>\u00a0(del 7 al 17 de septiembre<\/strong>). Es una de las primeras obras que escribi\u00f3 el dramaturgo sinaloense \u00d3scar Liera. El relato comienza en la \u00e9poca griega y culmina en la actualidad. Adem\u00e1s, la puesta en escena se encuentra salpicada de humor, sin omitir su postura cr\u00edtica.<br aria-hidden=\"true\" \/><br aria-hidden=\"true\" \/><strong><em>Constelaci\u00f3n utop\u00eda<\/em><\/strong><strong>\u00a0(del 7 al 30 de septiembre)<\/strong>. La figura del ingeniero norteamericano Albert Kimsey Owen se ha ido perdiendo en el tiempo; sin embargo, su utop\u00eda sigue flotando a la deriva en las aguas de la Bah\u00eda de Topolobampo. Este proyecto esc\u00e9nico sacude la desmemoria y hace presente el sue\u00f1o de fundar una colonia socialista frente al mar.<br aria-hidden=\"true\" \/><br aria-hidden=\"true\" \/><strong><em>Los caminos de la vida<\/em><\/strong><strong>\u00a0(del 9 al 24 de septiembre)<\/strong>. Esta pieza se compone de un conjunto de historias que se van construyendo y entrelazando entre s\u00ed, desde un viaje en globo donde dos personas cruzan sus caminos, hasta un viaje en tren que vuelve a unir sus destinos.<br aria-hidden=\"true\" \/><br aria-hidden=\"true\" \/><strong><em>Enredos y tormentas<\/em><\/strong><strong>\u00a0(del 9 al 24 de septiembre)<\/strong>. Es una propuesta que combina un lenguaje de movimiento cargado de gestualidad y detalles, textos e im\u00e1genes potentes para dibujar tres personajes: dos flores cautivas y un hombrecillo hecho de estambre. Estos seres tan peculiares cuentan sus historias e invitan al p\u00fablico a contemplar sus procesos para reflexionar acerca de los aprendizajes que construyen las etapas de vida.<br aria-hidden=\"true\" \/><br aria-hidden=\"true\" \/><strong><em>R\u00edo de comedias<\/em><\/strong><strong>\u00a0(del 10 al 23 de septiembre)<\/strong>. Es un espect\u00e1culo de improvisaci\u00f3n musicalizado en vivo. A partir de la respuesta de un miembro del p\u00fablico, las actrices Dulce Guzm\u00e1n y Michelle Moreno crear\u00e1n personajes, escenas y canciones que hilvanar\u00e1n en un mismo relato. Cada\u00a0<em>show\u00a0<\/em>es totalmente diferente, con la personalidad de la audiencia impresa en \u00e9l.<br aria-hidden=\"true\" \/><br aria-hidden=\"true\" \/><strong><em>Graf\u00edas corporales<\/em><\/strong>\u00a0<strong>(del 10 al 24 de septiembre)<\/strong>. Esta puesta es la compilaci\u00f3n de tres coreograf\u00edas en donde el eje rector es la literatura. La primera es\u00a0<em>Lumi\u00e8re,\u00a0<\/em>una propuesta inspirada en la artista sinaloense Mayra Amezcua; la segunda es\u00a0<em>Mujer ingrata,\u00a0<\/em>que retoma la l\u00edrica de la cantautora sinaloense Amparo Ochoa; por \u00faltimo, el p\u00fablico disfrutar\u00e1 de\u00a0<em>Oda a las vocales<\/em>, pieza creada a partir de los poemas\u00a0<em>Vocales,<\/em>\u00a0de Arthur Rimbaud y de un texto hom\u00f3nimo de Jos\u00e9 Emilio Pacheco.<br aria-hidden=\"true\" \/><br aria-hidden=\"true\" \/><strong><em>Dr. Okany, la conferencia<\/em><\/strong><strong>\u00a0(del 14 al 25 de septiembre)<\/strong>. A partir del conocimiento del m\u00e9todo motivacional del Dr. Okany, los asistentes a la conferencia teatral aprender\u00e1n a vivir de una manera m\u00e1s exitosa y con ello fortalecer\u00e1n el concepto humano de unidad e identidad para un desarrollo personal positivo.<br aria-hidden=\"true\" \/><br aria-hidden=\"true\" \/>Con acciones como esta, la Secretar\u00eda de Cultura federal busca generar espacios de di\u00e1logo y encuentro donde las artes esc\u00e9nicas sean clave para la construcci\u00f3n de paz. Las sedes, as\u00ed como la informaci\u00f3n completa, puede consultarse en: <strong>contigoenladistancia.cultura.gob.mx<\/strong>,\u00a0<strong>helenico.gob.mx y culturasinaloa.gob.mx<\/strong>.<\/p>\n<p>[\/fusion_text][fusion_imageframe image_id=&#8221;46218|medium&#8221; max_width=&#8221;&#8221; style_type=&#8221;&#8221; blur=&#8221;&#8221; stylecolor=&#8221;&#8221; hover_type=&#8221;none&#8221; bordersize=&#8221;&#8221; bordercolor=&#8221;&#8221; borderradius=&#8221;&#8221; align=&#8221;none&#8221; lightbox=&#8221;no&#8221; gallery_id=&#8221;&#8221; lightbox_image=&#8221;&#8221; lightbox_image_id=&#8221;&#8221; alt=&#8221;&#8221; link=&#8221;&#8221; linktarget=&#8221;_self&#8221; hide_on_mobile=&#8221;small-visibility,medium-visibility,large-visibility&#8221; class=&#8221;&#8221; id=&#8221;&#8221; animation_type=&#8221;&#8221; animation_direction=&#8221;left&#8221; animation_speed=&#8221;0.3&#8243; animation_offset=&#8221;&#8221;]https:\/\/www.bitacoracdmx.com\/wp-content\/uploads\/2022\/08\/149c8985-97fb-5420-3ce0-06de1dd2dbb0-300&#215;300.jpg[\/fusion_imageframe][\/fusion_builder_column][\/fusion_builder_row][\/fusion_builder_container]<\/p>\n","protected":false},"excerpt":{"rendered":"<p>[fusion_builder_container hundred_percent=&#8221;no&#8221; equal_height_columns=&#8221;no&#8221; menu_anchor=&#8221;&#8221; hide_on_mobile=&#8221;small-visibility,medium-visibility,large-visibility&#8221; class=&#8221;&#8221; id=&#8221;&#8221; background_color=&#8221;&#8221; background_image=&#8221;&#8221; background_position=&#8221;center center&#8221; background_repeat=&#8221;no-repeat&#8221; fade=&#8221;no&#8221; background_parallax=&#8221;none&#8221; parallax_speed=&#8221;0.3&#8243; video_mp4=&#8221;&#8221; video_webm=&#8221;&#8221; video_ogv=&#8221;&#8221; video_url=&#8221;&#8221; video_aspect_ratio=&#8221;16:9&#8243; video_loop=&#8221;yes&#8221; video_mute=&#8221;yes&#8221; overlay_color=&#8221;&#8221; video_preview_image=&#8221;&#8221; border_size=&#8221;&#8221; border_color=&#8221;&#8221; border_style=&#8221;solid&#8221; padding_top=&#8221;&#8221; padding_bottom=&#8221;&#8221; padding_left=&#8221;&#8221; padding_right=&#8221;&#8221;][fusion_builder_row][fusion_builder_column type=&#8221;1_1&#8243; layout=&#8221;1_1&#8243; background_position=&#8221;left top&#8221; background_color=&#8221;&#8221; border_size=&#8221;&#8221; border_color=&#8221;&#8221; border_style=&#8221;solid&#8221; border_position=&#8221;all&#8221; spacing=&#8221;yes&#8221; background_image=&#8221;&#8221; background_repeat=&#8221;no-repeat&#8221; padding_top=&#8221;&#8221; padding_right=&#8221;&#8221; padding_bottom=&#8221;&#8221; padding_left=&#8221;&#8221; margin_top=&#8221;0px&#8221; margin_bottom=&#8221;0px&#8221; class=&#8221;&#8221; id=&#8221;&#8221; animation_type=&#8221;&#8221; animation_speed=&#8221;0.3&#8243; animation_direction=&#8221;left&#8221; hide_on_mobile=&#8221;small-visibility,medium-visibility,large-visibility&#8221; center_content=&#8221;no&#8221; last=&#8221;no&#8221; min_height=&#8221;&#8221; hover_type=&#8221;none&#8221; link=&#8221;&#8221;][fusion_text] REDACCI\u00d3N \u2022 Con un total de ocho proyectos seleccionados que dar\u00e1n tres funciones gratuitas en 16 localidades de la entidad\u2022 A cada uno de los grupos seleccionados se les otorgar\u00e1 un pago \u00fanico e indivisible de $27,500.00 pesos La Secretar\u00eda [&hellip;]<\/p>\n","protected":false},"author":1,"featured_media":46218,"comment_status":"open","ping_status":"open","sticky":false,"template":"","format":"standard","meta":{"footnotes":""},"categories":[9,14],"tags":[],"_links":{"self":[{"href":"https:\/\/www.bitacoracdmx.com\/index.php?rest_route=\/wp\/v2\/posts\/46217"}],"collection":[{"href":"https:\/\/www.bitacoracdmx.com\/index.php?rest_route=\/wp\/v2\/posts"}],"about":[{"href":"https:\/\/www.bitacoracdmx.com\/index.php?rest_route=\/wp\/v2\/types\/post"}],"author":[{"embeddable":true,"href":"https:\/\/www.bitacoracdmx.com\/index.php?rest_route=\/wp\/v2\/users\/1"}],"replies":[{"embeddable":true,"href":"https:\/\/www.bitacoracdmx.com\/index.php?rest_route=%2Fwp%2Fv2%2Fcomments&post=46217"}],"version-history":[{"count":1,"href":"https:\/\/www.bitacoracdmx.com\/index.php?rest_route=\/wp\/v2\/posts\/46217\/revisions"}],"predecessor-version":[{"id":46219,"href":"https:\/\/www.bitacoracdmx.com\/index.php?rest_route=\/wp\/v2\/posts\/46217\/revisions\/46219"}],"wp:featuredmedia":[{"embeddable":true,"href":"https:\/\/www.bitacoracdmx.com\/index.php?rest_route=\/wp\/v2\/media\/46218"}],"wp:attachment":[{"href":"https:\/\/www.bitacoracdmx.com\/index.php?rest_route=%2Fwp%2Fv2%2Fmedia&parent=46217"}],"wp:term":[{"taxonomy":"category","embeddable":true,"href":"https:\/\/www.bitacoracdmx.com\/index.php?rest_route=%2Fwp%2Fv2%2Fcategories&post=46217"},{"taxonomy":"post_tag","embeddable":true,"href":"https:\/\/www.bitacoracdmx.com\/index.php?rest_route=%2Fwp%2Fv2%2Ftags&post=46217"}],"curies":[{"name":"wp","href":"https:\/\/api.w.org\/{rel}","templated":true}]}}