{"id":46351,"date":"2022-08-31T22:45:27","date_gmt":"2022-08-31T22:45:27","guid":{"rendered":"https:\/\/www.bitacoracdmx.com\/?p=46351"},"modified":"2022-08-31T22:45:27","modified_gmt":"2022-08-31T22:45:27","slug":"ricardo-arjona-anuncia-nuevas-fechas-en-octubre-en-morelia-y-leon","status":"publish","type":"post","link":"https:\/\/www.bitacoracdmx.com\/?p=46351","title":{"rendered":"RICARDO ARJONA anuncia nuevas fechas en octubre en Morelia y Le\u00f3n."},"content":{"rendered":"<p>[fusion_builder_container hundred_percent=&#8221;no&#8221; equal_height_columns=&#8221;no&#8221; menu_anchor=&#8221;&#8221; hide_on_mobile=&#8221;small-visibility,medium-visibility,large-visibility&#8221; class=&#8221;&#8221; id=&#8221;&#8221; background_color=&#8221;&#8221; background_image=&#8221;&#8221; background_position=&#8221;center center&#8221; background_repeat=&#8221;no-repeat&#8221; fade=&#8221;no&#8221; background_parallax=&#8221;none&#8221; parallax_speed=&#8221;0.3&#8243; video_mp4=&#8221;&#8221; video_webm=&#8221;&#8221; video_ogv=&#8221;&#8221; video_url=&#8221;&#8221; video_aspect_ratio=&#8221;16:9&#8243; video_loop=&#8221;yes&#8221; video_mute=&#8221;yes&#8221; overlay_color=&#8221;&#8221; video_preview_image=&#8221;&#8221; border_size=&#8221;&#8221; border_color=&#8221;&#8221; border_style=&#8221;solid&#8221; padding_top=&#8221;&#8221; padding_bottom=&#8221;&#8221; padding_left=&#8221;&#8221; padding_right=&#8221;&#8221;][fusion_builder_row][fusion_builder_column type=&#8221;1_1&#8243; layout=&#8221;1_1&#8243; background_position=&#8221;left top&#8221; background_color=&#8221;&#8221; border_size=&#8221;&#8221; border_color=&#8221;&#8221; border_style=&#8221;solid&#8221; border_position=&#8221;all&#8221; spacing=&#8221;yes&#8221; background_image=&#8221;&#8221; background_repeat=&#8221;no-repeat&#8221; padding_top=&#8221;&#8221; padding_right=&#8221;&#8221; padding_bottom=&#8221;&#8221; padding_left=&#8221;&#8221; margin_top=&#8221;0px&#8221; margin_bottom=&#8221;0px&#8221; class=&#8221;&#8221; id=&#8221;&#8221; animation_type=&#8221;&#8221; animation_speed=&#8221;0.3&#8243; animation_direction=&#8221;left&#8221; hide_on_mobile=&#8221;small-visibility,medium-visibility,large-visibility&#8221; center_content=&#8221;no&#8221; last=&#8221;no&#8221; min_height=&#8221;&#8221; hover_type=&#8221;none&#8221; link=&#8221;&#8221;][fusion_text]<\/p>\n<p>REDACCI\u00d3N<\/p>\n<p><i>*Se presenta el Domingo 16 de Octubre en Morelia, Michoac\u00e1n en el Estadio de B\u00e9isbol Francisco Villa<\/i><i><\/i><\/p>\n<p><i>*Un par de d\u00edas despu\u00e9s, llega el Martes 18 de Octubre en la Velaria de la Feria en Le\u00f3n, Guanajuato<\/i><\/p>\n<p><i>*Boletos a la venta en\u00a0<\/i><i><a href=\"http:\/\/www.funticket.mx\/\" target=\"_blank\" rel=\"noopener noreferrer\" data-auth=\"NotApplicable\" data-linkindex=\"0\"><b><span lang=\"es\">www.funticket.mx<\/span><\/b><\/a><\/i><b><i><\/i><\/b><i><\/i><\/p>\n<p><span lang=\"es\">\u00a0<\/span><span style=\"font-family: arial, sans-serif; font-size: large;\">Los fan\u00e1ticos de Ricardo Arjona de las ciudades de Morelia y Le\u00f3n pueden encontrarse felices, luego de que se anunciara sus presentaciones en cada una de \u00e9sas ciudades, programados para Morelia, Michoac\u00e1n el pr\u00f3ximo Domingo 16 de octubre donde se presentar\u00e1 en el Estadio de B\u00e9isbol \u201cFrancisco Villa\u201d y el Martes 18 de Octubre al conocido recinto \u201cLa Velaria de la feria\u201d en Le\u00f3n, Guanajuato. El evento forma parte de la gira mundial \u201cBlanco y Negro\u201d en la que ha realizado m\u00e1s de 20 conciertos en pa\u00edses de Europa y Am\u00e9rica Latina, adem\u00e1s de 35 presentaciones en Estados Unidos con fechas completamente agotadas.\u00a0<br aria-hidden=\"true\" \/><\/span><\/p>\n<p><span lang=\"es\"><span style=\"font-family: arial, sans-serif; font-size: large;\">A lo largo de m\u00e1s de 20 a\u00f1os de carrera, el m\u00fasico ha cosechado grandes reconocimientos de parte de su p\u00fablico; en total cuenta con m\u00e1s de 20 millones de discos vendidos. Temas como \u00a0\u201cSe\u00f1ora de las cuatro d\u00e9cadas\u201d, \u201cTe conozco\u201d y \u201cDime que no\u201d, fueron \u00e9xitos n\u00famero uno por varias semanas consecutivas en la radio a nivel nacional. Por si fuera poco, en redes sociales es uno de los artistas latinos con m\u00e1s seguidores, teniendo m\u00e1s de 30 millones de fan\u00e1ticos en sus cuentas. Ahora la regi\u00f3n del baj\u00edo ser\u00e1 la que reciba a\u00a0<b><i>Ricardo Arjona<\/i><\/b>\u00a0y su espectacular gira, la cual ha marcado un antes y un despu\u00e9s en el mundo del espect\u00e1culo, con esta gira Ricardo llega a\u00a0<b>Morelia, Michoac\u00e1n<\/b>\u00a0el pr\u00f3ximo domingo 16 de octubre donde se presentar\u00e1 en el Estadio de b\u00e9isbol\u00a0<b>\u201cFrancisco Villa\u201d<\/b>\u00a0y el martes 18 de octubre al conocido recinto\u00a0<b>\u201cLa Velaria de la feria\u201d<\/b>\u00a0en\u00a0<b>Le\u00f3n, Guanajuato.<\/b><\/span><\/span><\/p>\n<p><b><span lang=\"es\"><span style=\"font-family: arial, sans-serif; font-size: large;\">\u00a0<\/span><\/span><\/b><span style=\"font-family: arial, sans-serif; font-size: large;\"><span lang=\"es\">La venta de localidades ha sido muy bien recibida por el p\u00fablico a trav\u00e9s de la plataforma\u00a0<\/span><a href=\"http:\/\/www.funticket.mx\/\" target=\"_blank\" rel=\"noopener noreferrer\" data-auth=\"NotApplicable\" data-linkindex=\"1\"><span lang=\"es\">FunTicketMx<\/span><\/a><span lang=\"es\">, tanto as\u00ed que ya se reportan algunas localidades agotadas en ambas plazas.<\/span><\/span><\/p>\n<p><span lang=\"es\"><span style=\"font-family: arial, sans-serif; font-size: large;\">\u00a0<\/span><\/span><span lang=\"es\"><span style=\"font-family: arial, sans-serif; font-size: large;\">Hasta el momento\u00a0<b><i>Ricardo Arjona<\/i><\/b>\u00a0ha tenido un\u00a0<b>Blanco y Negro Tour<\/b>\u00a0espectacular con una puesta en escena atrevida en la que viajan alrededor de 60 personas y que de manera contundente ha logrado la grandeza y la intimidad que requiere un artista que ahora vuelve al lugar en el que inici\u00f3 su carrera, M\u00e9xico. Tras sus llenos totales en Madrid, Londres, Par\u00eds, Roma, Los \u00c1ngeles, Nueva York, Miami, Chile y Argentina y sus temas emblem\u00e1ticos ha conseguido romper la barrera generacional en su p\u00fablico, manteni\u00e9ndose d\u00eda a d\u00eda vigente en el mundo de la m\u00fasica en espa\u00f1ol, cosa que pocas veces se ve.<\/span><\/span><\/p>\n<p><u>\u00a0<\/u><u><span lang=\"es\">INFORMACI\u00d3N GENERAL<\/span><\/u><\/p>\n<p><b><span lang=\"es\">Plataforma de compra:\u00a0<\/span><\/b><a href=\"http:\/\/www.funticket.mx\/\" target=\"_blank\" rel=\"noopener noreferrer\" data-auth=\"NotApplicable\" data-linkindex=\"2\"><b><span lang=\"es\">www.funticket.mx<\/span><\/b><\/a><b><\/b><\/p>\n<p><b><span lang=\"es\">Precios Le\u00f3n a partir de:\u00a0<\/span><\/b><span lang=\"es\">$690.-<\/span><b><\/b><\/p>\n<p><b><span lang=\"es\">Precios Morelia a partir de:\u00a0<\/span><\/b><span lang=\"es\">$1,390. &#8211;<\/span><\/p>\n<p>[\/fusion_text][fusion_gallery layout=&#8221;&#8221; picture_size=&#8221;&#8221; columns=&#8221;&#8221; column_spacing=&#8221;10&#8243; gallery_masonry_grid_ratio=&#8221;&#8221; gallery_masonry_width_double=&#8221;&#8221; hover_type=&#8221;&#8221; lightbox=&#8221;yes&#8221; lightbox_content=&#8221;&#8221; bordersize=&#8221;&#8221; bordercolor=&#8221;&#8221; border_radius=&#8221;&#8221; hide_on_mobile=&#8221;small-visibility,medium-visibility,large-visibility&#8221; class=&#8221;&#8221; id=&#8221;&#8221;][fusion_gallery_image image=&#8221;https:\/\/www.bitacoracdmx.com\/wp-content\/uploads\/2022\/08\/RICARDO-ARJONA-Leon-18-octubre-300&#215;300.jpg&#8221; image_id=&#8221;46352|medium&#8221; link=&#8221;&#8221; linktarget=&#8221;_self&#8221; \/][fusion_gallery_image image=&#8221;https:\/\/www.bitacoracdmx.com\/wp-content\/uploads\/2022\/08\/RICARDO-ARJONA-Morelia-16-octubre-2022-300&#215;300.jpg&#8221; image_id=&#8221;46353|medium&#8221; link=&#8221;&#8221; linktarget=&#8221;_self&#8221; \/][\/fusion_gallery][\/fusion_builder_column][\/fusion_builder_row][\/fusion_builder_container]<\/p>\n","protected":false},"excerpt":{"rendered":"<p>[fusion_builder_container hundred_percent=&#8221;no&#8221; equal_height_columns=&#8221;no&#8221; menu_anchor=&#8221;&#8221; hide_on_mobile=&#8221;small-visibility,medium-visibility,large-visibility&#8221; class=&#8221;&#8221; id=&#8221;&#8221; background_color=&#8221;&#8221; background_image=&#8221;&#8221; background_position=&#8221;center center&#8221; background_repeat=&#8221;no-repeat&#8221; fade=&#8221;no&#8221; background_parallax=&#8221;none&#8221; parallax_speed=&#8221;0.3&#8243; video_mp4=&#8221;&#8221; video_webm=&#8221;&#8221; video_ogv=&#8221;&#8221; video_url=&#8221;&#8221; video_aspect_ratio=&#8221;16:9&#8243; video_loop=&#8221;yes&#8221; video_mute=&#8221;yes&#8221; overlay_color=&#8221;&#8221; video_preview_image=&#8221;&#8221; border_size=&#8221;&#8221; border_color=&#8221;&#8221; border_style=&#8221;solid&#8221; padding_top=&#8221;&#8221; padding_bottom=&#8221;&#8221; padding_left=&#8221;&#8221; padding_right=&#8221;&#8221;][fusion_builder_row][fusion_builder_column type=&#8221;1_1&#8243; layout=&#8221;1_1&#8243; background_position=&#8221;left top&#8221; background_color=&#8221;&#8221; border_size=&#8221;&#8221; border_color=&#8221;&#8221; border_style=&#8221;solid&#8221; border_position=&#8221;all&#8221; spacing=&#8221;yes&#8221; background_image=&#8221;&#8221; background_repeat=&#8221;no-repeat&#8221; padding_top=&#8221;&#8221; padding_right=&#8221;&#8221; padding_bottom=&#8221;&#8221; padding_left=&#8221;&#8221; margin_top=&#8221;0px&#8221; margin_bottom=&#8221;0px&#8221; class=&#8221;&#8221; id=&#8221;&#8221; animation_type=&#8221;&#8221; animation_speed=&#8221;0.3&#8243; animation_direction=&#8221;left&#8221; hide_on_mobile=&#8221;small-visibility,medium-visibility,large-visibility&#8221; center_content=&#8221;no&#8221; last=&#8221;no&#8221; min_height=&#8221;&#8221; hover_type=&#8221;none&#8221; link=&#8221;&#8221;][fusion_text] REDACCI\u00d3N *Se presenta el Domingo 16 de Octubre en Morelia, Michoac\u00e1n en el Estadio de B\u00e9isbol Francisco Villa *Un par de d\u00edas despu\u00e9s, llega el Martes 18 de Octubre en la Velaria de la Feria en Le\u00f3n, Guanajuato *Boletos a [&hellip;]<\/p>\n","protected":false},"author":1,"featured_media":46353,"comment_status":"open","ping_status":"open","sticky":false,"template":"","format":"standard","meta":{"footnotes":""},"categories":[9,11],"tags":[],"_links":{"self":[{"href":"https:\/\/www.bitacoracdmx.com\/index.php?rest_route=\/wp\/v2\/posts\/46351"}],"collection":[{"href":"https:\/\/www.bitacoracdmx.com\/index.php?rest_route=\/wp\/v2\/posts"}],"about":[{"href":"https:\/\/www.bitacoracdmx.com\/index.php?rest_route=\/wp\/v2\/types\/post"}],"author":[{"embeddable":true,"href":"https:\/\/www.bitacoracdmx.com\/index.php?rest_route=\/wp\/v2\/users\/1"}],"replies":[{"embeddable":true,"href":"https:\/\/www.bitacoracdmx.com\/index.php?rest_route=%2Fwp%2Fv2%2Fcomments&post=46351"}],"version-history":[{"count":1,"href":"https:\/\/www.bitacoracdmx.com\/index.php?rest_route=\/wp\/v2\/posts\/46351\/revisions"}],"predecessor-version":[{"id":46354,"href":"https:\/\/www.bitacoracdmx.com\/index.php?rest_route=\/wp\/v2\/posts\/46351\/revisions\/46354"}],"wp:featuredmedia":[{"embeddable":true,"href":"https:\/\/www.bitacoracdmx.com\/index.php?rest_route=\/wp\/v2\/media\/46353"}],"wp:attachment":[{"href":"https:\/\/www.bitacoracdmx.com\/index.php?rest_route=%2Fwp%2Fv2%2Fmedia&parent=46351"}],"wp:term":[{"taxonomy":"category","embeddable":true,"href":"https:\/\/www.bitacoracdmx.com\/index.php?rest_route=%2Fwp%2Fv2%2Fcategories&post=46351"},{"taxonomy":"post_tag","embeddable":true,"href":"https:\/\/www.bitacoracdmx.com\/index.php?rest_route=%2Fwp%2Fv2%2Ftags&post=46351"}],"curies":[{"name":"wp","href":"https:\/\/api.w.org\/{rel}","templated":true}]}}